{"id":81628,"date":"2026-01-30T09:31:40","date_gmt":"2026-01-30T08:31:40","guid":{"rendered":"https:\/\/miradordeatarfe.es\/?p=81628"},"modified":"2026-01-25T12:37:06","modified_gmt":"2026-01-25T11:37:06","slug":"el-mundo-se-acerca-a-un-umbral-climatico-clave","status":"publish","type":"post","link":"https:\/\/miradordeatarfe.es\/?p=81628","title":{"rendered":"El mundo se acerca a un umbral clim\u00e1tico clave"},"content":{"rendered":"<header class=\"mt-4 mb-[18px]\">\n<h3 class=\"entry-title text-2xl md:text-[52px] leading-none md:leading-[64px] font-bold max-w-[1180px]\" style=\"text-align: justify;\">El mundo se acerca a un umbral clim\u00e1tico clave y podr\u00eda superarlo antes de 2030, advierte un informe europeo<\/h3>\n<div class=\"post-excerpt mt-[6px] text-lg md:text-[21px] md:leading-[25px] text-neutral-600 dark:text-neutral-300\" style=\"text-align: justify;\">Un nuevo informe clim\u00e1tico advierte que el planeta se aproxima a un umbral clave antes de que termine la d\u00e9cada. Las se\u00f1ales ya son visibles en temperaturas r\u00e9cord, eventos extremos y regiones que se calientan m\u00e1s r\u00e1pido que el promedio. Lo que est\u00e1 en juego va mucho m\u00e1s all\u00e1 de un n\u00famero simb\u00f3lico.<\/div>\n<\/header>\n<div class=\"flex mb-6\">\n<div class=\"flex-1 w-full lg:pr-[18px]\">\n<div class=\"lg:max-w-[800px]\">\n<div class=\"mt-5 mx-auto\">\n<div class=\"entry-content prose dark:prose-invert lg:prose-lg lg:leading-[29px] font-serif max-w-none \">\n<p style=\"text-align: justify;\">Durante a\u00f1os, <a href=\"https:\/\/es.gizmodo.com\/el-secreto-climatico-escondido-en-los-organos-de-iglesia-cuando-la-musica-revela-el-calentamiento-global-2000211508\">el calentamiento global<\/a> se present\u00f3 como un riesgo a largo plazo. Hoy, los datos muestran otra realidad: el planeta se mueve a gran velocidad hacia un l\u00edmite clim\u00e1tico que cient\u00edficos intentaron evitar. Las \u00faltimas mediciones revelan que el margen de maniobra se reduce y que los impactos ya afectan la vida cotidiana, especialmente en regiones altamente vulnerables.<\/p>\n<h2 style=\"text-align: justify;\">Un umbral clim\u00e1tico que deja de ser una advertencia<\/h2>\n<p style=\"text-align: justify;\">El l\u00edmite de 1,5 \u00b0C por encima de los niveles preindustriales fue establecido como una referencia clave para evitar <a href=\"https:\/\/es.gizmodo.com\/la-apuesta-arquitectonica-que-promete-proteger-a-millones-frente-al-cambio-climatico-2000204845\">los efectos m\u00e1s severos del cambio clim\u00e1tico<\/a>. Sin embargo, los registros recientes indican que ese valor ya no es solo una meta lejana. Seg\u00fan el Servicio de Cambio Clim\u00e1tico Copernicus, programa de observaci\u00f3n de la Agencia Espacial Europea, las temperaturas medias globales de los \u00faltimos a\u00f1os se ubicaron peligrosamente cerca (e incluso por encima) de ese umbral.<\/p>\n<p style=\"text-align: justify;\">Las proyecciones actuales se\u00f1alan que, si no se produce una reducci\u00f3n dr\u00e1stica de las emisiones de gases de efecto invernadero, el planeta podr\u00eda superar de manera sostenida ese l\u00edmite antes de 2030. Este escenario marca un punto de inflexi\u00f3n, ya que no se trata de un s\u00edmbolo pol\u00edtico, sino de una frontera asociada a cambios f\u00edsicos concretos en el sistema clim\u00e1tico.<\/p>\n<h2 style=\"text-align: justify;\">Por qu\u00e9 cada d\u00e9cima de grado importa<\/h2>\n<p style=\"text-align: justify;\">Superar los 1,5 \u00b0C no implica un salto repentino, sino una intensificaci\u00f3n progresiva de fen\u00f3menos extremos. Especialistas advierten que cada fracci\u00f3n adicional de calentamiento aumenta la frecuencia y severidad de olas de calor, lluvias intensas, sequ\u00edas e incendios forestales.<\/p>\n<p style=\"text-align: justify;\">El informe m\u00e1s reciente de Copernicus sit\u00faa la temperatura media global en torno a 1,47 \u00b0C por encima del nivel preindustrial y ubica a 2025 entre los a\u00f1os m\u00e1s c\u00e1lidos jam\u00e1s registrados. Esto convierte al per\u00edodo 2023\u20132025 en el primer trienio con valores persistentemente cercanos o superiores al umbral acordado, una se\u00f1al clara de que el sistema clim\u00e1tico est\u00e1 entrando en una fase cr\u00edtica.<\/p>\n<div class=\"od-wrapper od-wrapper-both  od-background\" style=\"text-align: justify;\">\n<div class=\"optidigital-wrapper-div\" data-optidigital-slot=\"true\">\n<div id=\"optidigital-adslot-Content_4\" class=\"Content_4 od-desktop optidigital-ad-center-sticky\">\u00a0<\/div>\n<\/div>\n<\/div>\n<figure id=\"attachment_2000216455\" class=\"wp-caption alignnone\" style=\"text-align: justify;\" aria-describedby=\"caption-attachment-2000216455\"><img data-recalc-dims=\"1\" loading=\"lazy\" decoding=\"async\" class=\"size-full wp-image-2000216455 cursor-pointer\" src=\"https:\/\/i0.wp.com\/es.gizmodo.com\/app\/uploads\/2026\/01\/Diseno-sin-titulo-2026-01-24T115218.995.jpg?resize=640%2C427&#038;ssl=1\" sizes=\"auto, (max-width: 639px) 100vw, (max-width: 1023px) calc(100vw - 2rem), (max-width: 1258px) calc((100vw - 3.68rem) * 2 \/ 3), 800px\" srcset=\"https:\/\/es.gizmodo.com\/app\/uploads\/2026\/01\/Diseno-sin-titulo-2026-01-24T115218.995.jpg 1500w, https:\/\/es.gizmodo.com\/app\/uploads\/2026\/01\/Diseno-sin-titulo-2026-01-24T115218.995-300x200.jpg 300w, https:\/\/es.gizmodo.com\/app\/uploads\/2026\/01\/Diseno-sin-titulo-2026-01-24T115218.995-1024x683.jpg 1024w, https:\/\/es.gizmodo.com\/app\/uploads\/2026\/01\/Diseno-sin-titulo-2026-01-24T115218.995-768x512.jpg 768w, https:\/\/es.gizmodo.com\/app\/uploads\/2026\/01\/Diseno-sin-titulo-2026-01-24T115218.995-672x448.jpg 672w, https:\/\/es.gizmodo.com\/app\/uploads\/2026\/01\/Diseno-sin-titulo-2026-01-24T115218.995-960x640.jpg 960w\" alt=\"Dise\u00f1o Sin T\u00edtulo 2026 01 24t115218.995\" width=\"640\" height=\"427\" \/><figcaption id=\"caption-attachment-2000216455\" class=\"wp-caption-text\">\u00a9Vadim Braydov -Pexels<\/figcaption><\/figure>\n<h2 style=\"text-align: justify;\">Oc\u00e9anos, hielos y se\u00f1ales que ya no se pueden ignorar<\/h2>\n<p style=\"text-align: justify;\">Los efectos del calentamiento no se limitan a <a href=\"https:\/\/es.gizmodo.com\/creiamos-que-la-tierra-y-luna-eran-sistemas-separados-en-realidad-la-luna-lleva-miles-de-millones-de-anos-robandole-materia-a-la-tierra-todo-con-ayuda-del-sol-2000209901\">la atm\u00f3sfera<\/a>. Los oc\u00e9anos alcanzaron temperaturas superficiales r\u00e9cord, alterando ecosistemas marinos y favoreciendo eventos extremos. El blanqueamiento de corales y la intensificaci\u00f3n de tormentas son algunas de las consecuencias directas.<\/p>\n<p style=\"text-align: justify;\">En paralelo, las capas de hielo en los polos contin\u00faan perdiendo masa de forma sostenida, contribuyendo al aumento del nivel del mar. Estos procesos, una vez activados, resultan dif\u00edciles de revertir y generan impactos acumulativos que afectan tanto a sistemas naturales como a comunidades humanas costeras.<\/p>\n<h2 style=\"text-align: justify;\">El Mediterr\u00e1neo, un foco de calentamiento acelerado<\/h2>\n<p style=\"text-align: justify;\">Dentro de este panorama global, Europa (y en particular la regi\u00f3n mediterr\u00e1nea) aparece como uno de los puntos m\u00e1s sensibles. Los datos indican que esta zona se calienta alrededor de un 20\u00a0% m\u00e1s r\u00e1pido que el promedio mundial, lo que intensifica la sequedad, las olas de calor y el riesgo de incendios forestales.<\/p>\n<p style=\"text-align: justify;\">Espa\u00f1a ofrece un ejemplo claro de esta tendencia. Los <a href=\"https:\/\/es.gizmodo.com\/pensabamos-que-triangulo-de-las-bermudas-era-un-misterio-eterno-chatgpt-acaba-de-desmontarlo-con-una-explicacion-que-deja-sin-palabras-2000199863\">registros meteorol\u00f3gicos<\/a> muestran que 2025 fue el verano m\u00e1s c\u00e1lido desde que existen mediciones sistem\u00e1ticas, con temperaturas medias r\u00e9cord y m\u00faltiples episodios de calor extremo. Estas condiciones no solo afectan al ambiente, sino tambi\u00e9n a la salud p\u00fablica, la disponibilidad de agua y la estabilidad de sectores productivos clave.<\/p>\n<h2 style=\"text-align: justify;\">Riesgos acumulados y efectos en la vida cotidiana<\/h2>\n<p style=\"text-align: justify;\">El calentamiento prolongado por encima de 1,5 \u00b0C incrementa la probabilidad de enfrentar m\u00faltiples riesgos al mismo tiempo. El IPCC advierte que escenarios con mayor calentamiento elevan la inseguridad alimentaria por el impacto en la agricultura, aumentan la mortalidad asociada al calor extremo y ejercen una presi\u00f3n creciente sobre los ecosistemas.<\/p>\n<p style=\"text-align: justify;\">En pa\u00edses del sur de Europa, estos efectos ya se traducen en p\u00e9rdidas econ\u00f3micas significativas y en un aumento de los riesgos con baja reversibilidad, como la erosi\u00f3n costera, la salinizaci\u00f3n de acu\u00edferos o la degradaci\u00f3n de suelos. A esto se suma el impacto sanitario: las olas de calor prolongadas afectan especialmente a personas mayores y a quienes padecen <a href=\"https:\/\/es.gizmodo.com\/hay-enfermedades-que-no-queremos-conocer-segun-los-cientificos-2000188512\">enfermedades cr\u00f3nicas<\/a>.<\/p>\n<h2 style=\"text-align: justify;\">\u00bfA\u00fan hay margen para cambiar el rumbo?<\/h2>\n<p style=\"text-align: justify;\">Aunque el objetivo del Acuerdo de Par\u00eds parece cada vez m\u00e1s dif\u00edcil de cumplir, los cient\u00edficos coinciden en que actuar ahora puede reducir da\u00f1os futuros. Limitar la duraci\u00f3n y <a href=\"https:\/\/es.gizmodo.com\/un-estudio-revela-que-groenlandia-oculta-un-problema-bajo-su-hielo-que-explica-su-mayor-debilidad-frente-al-calentamiento-global-el-mayor-problema-es-la-dificultad-de-la-ciencia-para-resolverlo-2000215341\">la magnitud del calentamiento<\/a> sigue siendo crucial para evitar escenarios m\u00e1s severos.<\/p>\n<p style=\"text-align: justify;\">La aceleraci\u00f3n de las energ\u00edas renovables, la mejora de la eficiencia energ\u00e9tica y una planificaci\u00f3n urbana adaptada al clima son algunas de las estrategias se\u00f1aladas como prioritarias. Tambi\u00e9n lo es la adaptaci\u00f3n: preparar a las comunidades para convivir con un clima m\u00e1s extremo puede marcar la diferencia entre impactos manejables y crisis persistentes.<\/p>\n<p style=\"text-align: justify;\">El mensaje central es claro: cada d\u00e9cima de grado cuenta. Cuanto m\u00e1s tiempo permanezca el planeta por encima del umbral cr\u00edtico, m\u00e1s dif\u00edcil ser\u00e1 evitar que fen\u00f3menos que hoy ya se sienten se conviertan en la nueva normalidad para millones de personas en todo el mundo.<\/p>\n<div class=\"byline author vcard flex flex-col lg:flex-row gap-3 mb-4\">\n<div class=\"share-buttons flex-none hidden print:hidden lg:flex gap-2 h-9 text-lg\">\n<div class=\"inline-flex rounded-full h-full aspect-square bg-black text-white font-light group share-twitter cursor-pointer\" style=\"text-align: justify;\" title=\"Share on X (Twitter)\" data-href=\"https:\/\/x.com\/intent\/tweet\/?text=El%20mundo%20se%20acerca%20a%20un%20umbral%20clim%C3%A1tico%20clave%20y%20podr%C3%ADa%20superarlo%20antes%20de%202030%2C%20advierte%20un%20informe%20europeo&amp;url=https%3A%2F%2Fes.gizmodo.com%2Fel-mundo-se-acerca-a-un-umbral-climatico-clave-y-podria-superarlo-antes-de-2030-advierte-un-informe-europeo-2000216450%3Futm_source%3Dtwitter%26utm_medium%3Dsocial%26utm_campaign%3Dshare&amp;via=GizmodoES\"><span class=\"self-center mx-auto transition-transform group-hover:scale-110\"><span class=\"block lg:inline-block text-lg font-bold mr-3\">Por <a class=\"fn text-black dark:text-white font-bold\" href=\"https:\/\/es.gizmodo.com\/author\/lucash\" rel=\"author\"> Lucas Handley <\/a><\/span><\/span><\/div>\n<p><i class=\"fab fa-facebook-f self-center mx-auto transition-transform group-hover:scale-110\"><\/i> <i class=\"fab fa-reddit-alien self-center mx-auto transition-transform group-hover:scale-110\"><\/i> <i class=\"fa fa-envelope self-center mx-auto transition-transform group-hover:scale-110\"><\/i> <i class=\"fa fa-link self-center mx-auto transition-transform group-hover:scale-110\"><\/i><\/div>\n<\/div>\n<div class=\"featured -mx-4 sm:mx-0 relative\">\n<figure id=\"attachment_featured\" class=\"wp-caption\" aria-describedby=\"featured-caption\"><figcaption id=\"featured-caption\" class=\"wp-caption-text\">FOTO: \u00a9 ArtHouse Studio &#8211; Pexels<\/p>\n<p>https:\/\/es.gizmodo.com\/el-mundo-se-acerca-a-un-umbral-climatico-clave-y-podria-superarlo-antes-de-2030-advierte-un-informe-europeo-2000216450<\/figcaption><\/figure>\n<\/div>\n<\/div>\n<\/div>\n<\/div>\n<\/div>\n<\/div>\n","protected":false},"excerpt":{"rendered":"<p>El mundo se acerca a un umbral clim\u00e1tico clave y podr\u00eda superarlo antes de 2030,&#8230;<\/p>\n","protected":false},"author":1,"featured_media":81629,"comment_status":"closed","ping_status":"closed","sticky":false,"template":"","format":"standard","meta":{"_coblocks_attr":"","_coblocks_dimensions":"","_coblocks_responsive_height":"","_coblocks_accordion_ie_support":"","jetpack_post_was_ever_published":false,"_jetpack_newsletter_access":"","_jetpack_dont_email_post_to_subs":false,"_jetpack_newsletter_tier_id":0,"_jetpack_memberships_contains_paywalled_content":false,"_jetpack_memberships_contains_paid_content":false,"footnotes":"","jetpack_publicize_message":"","jetpack_publicize_feature_enabled":true,"jetpack_social_post_already_shared":true,"jetpack_social_options":{"image_generator_settings":{"template":"highway","default_image_id":0,"enabled":false},"version":2}},"categories":[10804,10797,1161,44],"tags":[],"class_list":["post-81628","post","type-post","status-publish","format-standard","has-post-thumbnail","hentry","category-cambio-climatico","category-ciencia","category-ciudadania","category-noticias-de-hoy"],"jetpack_publicize_connections":[],"jetpack_featured_media_url":"https:\/\/i0.wp.com\/miradordeatarfe.es\/wp-content\/uploads\/2026\/01\/Diseno-sin-titulo-2026-01-24T115007.826-960x640-1.webp?fit=960%2C640&ssl=1","jetpack_likes_enabled":true,"jetpack_sharing_enabled":true,"_links":{"self":[{"href":"https:\/\/miradordeatarfe.es\/index.php?rest_route=\/wp\/v2\/posts\/81628","targetHints":{"allow":["GET"]}}],"collection":[{"href":"https:\/\/miradordeatarfe.es\/index.php?rest_route=\/wp\/v2\/posts"}],"about":[{"href":"https:\/\/miradordeatarfe.es\/index.php?rest_route=\/wp\/v2\/types\/post"}],"author":[{"embeddable":true,"href":"https:\/\/miradordeatarfe.es\/index.php?rest_route=\/wp\/v2\/users\/1"}],"replies":[{"embeddable":true,"href":"https:\/\/miradordeatarfe.es\/index.php?rest_route=%2Fwp%2Fv2%2Fcomments&post=81628"}],"version-history":[{"count":1,"href":"https:\/\/miradordeatarfe.es\/index.php?rest_route=\/wp\/v2\/posts\/81628\/revisions"}],"predecessor-version":[{"id":81630,"href":"https:\/\/miradordeatarfe.es\/index.php?rest_route=\/wp\/v2\/posts\/81628\/revisions\/81630"}],"wp:featuredmedia":[{"embeddable":true,"href":"https:\/\/miradordeatarfe.es\/index.php?rest_route=\/wp\/v2\/media\/81629"}],"wp:attachment":[{"href":"https:\/\/miradordeatarfe.es\/index.php?rest_route=%2Fwp%2Fv2%2Fmedia&parent=81628"}],"wp:term":[{"taxonomy":"category","embeddable":true,"href":"https:\/\/miradordeatarfe.es\/index.php?rest_route=%2Fwp%2Fv2%2Fcategories&post=81628"},{"taxonomy":"post_tag","embeddable":true,"href":"https:\/\/miradordeatarfe.es\/index.php?rest_route=%2Fwp%2Fv2%2Ftags&post=81628"}],"curies":[{"name":"wp","href":"https:\/\/api.w.org\/{rel}","templated":true}]}}