{"id":81635,"date":"2026-01-26T11:12:57","date_gmt":"2026-01-26T10:12:57","guid":{"rendered":"https:\/\/miradordeatarfe.es\/?p=81635"},"modified":"2026-03-01T21:01:11","modified_gmt":"2026-03-01T20:01:11","slug":"dos-segundos-por-remedios-sanchez","status":"publish","type":"post","link":"https:\/\/miradordeatarfe.es\/?p=81635","title":{"rendered":"\u00abDOS SEGUNDOS\u00bb por Remedios S\u00e1nchez"},"content":{"rendered":"<h3 style=\"text-align: justify;\">Dos segundos son el intervalo necesario para cuatro parpadeos, el destello de un rel\u00e1mpago, una sonrisa apenas esbozada o el aleteo fugaz de una mariposa.<\/h3>\n<p style=\"text-align: justify;\">En ese lapso diminuto\u00a0se puede pronunciar el vocablo \u2018murmullo\u2019, cabe un gesto de ternura inesperado, el inicio de una caricia apresurada que lo diga todo. Dos segundos son suficientes tambi\u00e9n para la mirada \u00faltima que intenta retener lo que ya, inevitablemente, se escapa. Para un accidente de tren, para que el trasiego del mundo se rompa en mil pedazos para siempre y lo que era certeza se desvanezca en lo imprevisto que no tiene retorno. Suponen el tiempo exacto que separa la ilusi\u00f3n esperanzada de la muerte absurda convertida ya en eterna frontera inmisericorde que lo frena todo a perpetuidad.<\/p>\n<p style=\"text-align: justify;\">Es curioso: nosotros, criaturas peque\u00f1as que van y vienen con sus afanes, con sus frustraciones y sus luchas, con sus pasiones y sus tristezas de coraz\u00f3n herido que intenta buscar un motivo para levantarse cada d\u00eda, nos negamos a pensar siquiera que un instante tan breve pueda determinar, como un hachazo, el destino \u00faltimo. Pero es que dos segundos bastan para truncar el curso de una historia, para que el silencio, que siempre suele ser una mala se\u00f1al, sustituya a todo lo decible.<\/p>\n<p style=\"text-align: justify;\">Quiz\u00e1s por eso convenga recordar que es preciso ser conscientes de que cada momento es irrepetible, porque en esa fugacidad que tantas veces se nos escapa sin darnos cuenta se oculta la esencia de lo que significa estar. Existir no implica solo avanzar ni dejar que trascurra la monoton\u00eda de las horas; es mirar con calma alrededor, respirar hondo observando el mar o detenerse ante un atardecer sobre La Alhambra y dejar que la luz dorada de sus muros acaricie la memoria. Es decir, dejar que la lluvia nos sorprenda con su risa, rozar con la palma de la mano el tronco de un \u00e1rbol y celebrar cada detalle con las personas correctas y en los lugares adecuados, sabiendo que la belleza es tambi\u00e9n una forma de gratitud.<\/p>\n<p style=\"text-align: justify;\">Porque estas negras tragedias personales o colectivas que aprietan el cuello y ahogan el \u00e1nimo, irrumpen sin avisar y transforman en llanto todo nuestro universo minut\u00edsimo. Tal vez vivir -cuando se vive de verdad- sea eso: una suma de momentos que, cuando se habitan conscientemente comprendiendo que somos seres inmensamente fr\u00e1giles, alcanzan valor de eternidad.<\/p>\n","protected":false},"excerpt":{"rendered":"<p>Dos segundos son el intervalo necesario para cuatro parpadeos, el destello de un rel\u00e1mpago, una&#8230;<\/p>\n","protected":false},"author":1,"featured_media":81636,"comment_status":"closed","ping_status":"closed","sticky":false,"template":"","format":"standard","meta":{"_coblocks_attr":"","_coblocks_dimensions":"","_coblocks_responsive_height":"","_coblocks_accordion_ie_support":"","jetpack_post_was_ever_published":false,"_jetpack_newsletter_access":"","_jetpack_dont_email_post_to_subs":false,"_jetpack_newsletter_tier_id":0,"_jetpack_memberships_contains_paywalled_content":false,"_jetpack_memberships_contains_paid_content":false,"footnotes":"","jetpack_publicize_message":"","jetpack_publicize_feature_enabled":true,"jetpack_social_post_already_shared":true,"jetpack_social_options":{"image_generator_settings":{"template":"highway","default_image_id":0,"enabled":false},"version":2}},"categories":[1161,44,6914],"tags":[],"class_list":["post-81635","post","type-post","status-publish","format-standard","has-post-thumbnail","hentry","category-ciudadania","category-noticias-de-hoy","category-opinion-de-reme-sanchez"],"jetpack_publicize_connections":[],"jetpack_featured_media_url":"https:\/\/i0.wp.com\/miradordeatarfe.es\/wp-content\/uploads\/2026\/01\/696e594c1729cimagen-iryo-choque-adamuz-1-webp.webp?fit=1600%2C675&ssl=1","jetpack_likes_enabled":true,"jetpack_sharing_enabled":true,"_links":{"self":[{"href":"https:\/\/miradordeatarfe.es\/index.php?rest_route=\/wp\/v2\/posts\/81635","targetHints":{"allow":["GET"]}}],"collection":[{"href":"https:\/\/miradordeatarfe.es\/index.php?rest_route=\/wp\/v2\/posts"}],"about":[{"href":"https:\/\/miradordeatarfe.es\/index.php?rest_route=\/wp\/v2\/types\/post"}],"author":[{"embeddable":true,"href":"https:\/\/miradordeatarfe.es\/index.php?rest_route=\/wp\/v2\/users\/1"}],"replies":[{"embeddable":true,"href":"https:\/\/miradordeatarfe.es\/index.php?rest_route=%2Fwp%2Fv2%2Fcomments&post=81635"}],"version-history":[{"count":1,"href":"https:\/\/miradordeatarfe.es\/index.php?rest_route=\/wp\/v2\/posts\/81635\/revisions"}],"predecessor-version":[{"id":81637,"href":"https:\/\/miradordeatarfe.es\/index.php?rest_route=\/wp\/v2\/posts\/81635\/revisions\/81637"}],"wp:featuredmedia":[{"embeddable":true,"href":"https:\/\/miradordeatarfe.es\/index.php?rest_route=\/wp\/v2\/media\/81636"}],"wp:attachment":[{"href":"https:\/\/miradordeatarfe.es\/index.php?rest_route=%2Fwp%2Fv2%2Fmedia&parent=81635"}],"wp:term":[{"taxonomy":"category","embeddable":true,"href":"https:\/\/miradordeatarfe.es\/index.php?rest_route=%2Fwp%2Fv2%2Fcategories&post=81635"},{"taxonomy":"post_tag","embeddable":true,"href":"https:\/\/miradordeatarfe.es\/index.php?rest_route=%2Fwp%2Fv2%2Ftags&post=81635"}],"curies":[{"name":"wp","href":"https:\/\/api.w.org\/{rel}","templated":true}]}}