{"id":81638,"date":"2026-01-26T12:39:41","date_gmt":"2026-01-26T11:39:41","guid":{"rendered":"https:\/\/miradordeatarfe.es\/?p=81638"},"modified":"2026-01-26T12:39:41","modified_gmt":"2026-01-26T11:39:41","slug":"charla-coloquio-entre-miguel-rios-y-el-periodista-agustin-martinez","status":"publish","type":"post","link":"https:\/\/miradordeatarfe.es\/?p=81638","title":{"rendered":"Charla-coloquio entre Miguel R\u00edos y el periodista Agust\u00edn Mart\u00ednez"},"content":{"rendered":"<h2>Un encuentro \u00fanico con una de las grandes voces de la historia de la m\u00fasica espa\u00f1ola.<\/h2>\n<p style=\"text-align: justify;\"><strong>&#8211;\u00a0Mi\u00e9rcoles, 4 de Febrero<\/strong><br \/>\n<strong>&#8211;\u00a018:00h.<\/strong><br \/>\n<strong>&#8211;\u00a0Centro Cultural Medina Elvira<\/strong><\/p>\n<p style=\"text-align: justify;\">El m\u00edtico Miguel R\u00edos participar\u00e1 en una <strong>charla-coloquio junto al periodista Agust\u00edn Mart\u00ednez,<\/strong> donde conversar\u00e1 sobre la m\u00fasica, la vida y la solidaridad que impulsa a trav\u00e9s de la Fundaci\u00f3n Miguel R\u00edos, compartiendo reflexiones sobre los valores que han acompa\u00f1ado su carrera y su compromiso con la cultura y la sociedad.En este encuentro, Miguel R\u00edos conversar\u00e1 sobre su trayectoria profesional, su visi\u00f3n de la m\u00fasica y la labor solidaria que impulsa la Fundaci\u00f3n Miguel.<\/p>\n<p style=\"text-align: justify;\"><span data-olk-copy-source=\"MessageBody\">La Fundaci\u00f3n Miguel R\u00edos trabaja para promover el desarrollo cultural y social a trav\u00e9s de una amplia gama de iniciativas como cursos, encuentros, programas y eventos. Estas actividades est\u00e1n dise\u00f1adas para fomentar la creatividad, la reflexi\u00f3n y el di\u00e1logo, al tiempo que construimos una red s\u00f3lida de colaboraci\u00f3n con entidades afines que comparten nuestros valores.<\/span><\/p>\n<p style=\"text-align: justify;\">Con Miguel R\u00edos, el rock espa\u00f1ol alcanz\u00f3 su aut\u00e9ntica categor\u00eda como arte musical y su m\u00e1s plena expansi\u00f3n de una nueva realidad social, sin la cual es imposible entender nuestra historia m\u00e1s reciente pero no quiere parar aqu\u00ed. El objetivo es dar continuidad a la labor cultural y social de la destacada personalidad Miguel R\u00edos, con el fin de continuar promoviendo y transmitiendo sus valores a largo plazo. La Fundaci\u00f3n Miguel Rios\u00a0 es un \u201cCentro activo para la memoria, la difusi\u00f3n, el debate, la creaci\u00f3n, la ense\u00f1anza, la exposici\u00f3n y la promoci\u00f3n de una de las m\u00fasicas m\u00e1s representativas de los dos \u00faltimos siglos: el rock y su entorno sin exclusiones. Ser\u00eda un organismo activo y vivo como no hay otro en este pa\u00eds, teniendo a la figura de Miguel R\u00edos como estandarte\u201d<\/p>\n<div class=\"elementor-element elementor-element-1104da48 animated-fast elementor-widget elementor-widget-text-editor animated fadeInRight\" style=\"text-align: justify;\" data-id=\"1104da48\" data-element_type=\"widget\" data-settings=\"{&quot;_animation&quot;:&quot;fadeInRight&quot;,&quot;_animation_delay&quot;:500}\" data-widget_type=\"text-editor.default\">\n<div class=\"elementor-widget-container\">\n<p>Por lo tanto, nace con un doble inter\u00e9s de partida: cultural y social. De ah\u00ed el sobrenombre de \u00abPor el Rock y la Solidaridad\u00bb.<\/p>\n<\/div>\n<\/div>\n<p style=\"text-align: justify;\">Consigue ya tu invitaci\u00f3n gratuita en el siguiente enlace:<strong> <a href=\"https:\/\/www.giglon.com\/evento\/charla-coloquio-entre-miguel-rios-y-agustin-martinez\">https:\/\/www.giglon.com\/evento\/charla-coloquio-entre-miguel-rios-y-agustin-martinez<\/a><\/strong><\/p>\n<p>o en la Taquilla del Centro Cultural Medina Elvira.<\/p>\n<p>Organizan: <strong><em>Concejal\u00edas de Participaci\u00f3n Ciudadana y Cultura en colaboraci\u00f3n con la Fundaci\u00f3n Miguel R\u00edos<\/em><\/strong><\/p>\n<p><img data-recalc-dims=\"1\" loading=\"lazy\" decoding=\"async\" class=\"alignnone wp-image-81639 size-full\" src=\"https:\/\/i0.wp.com\/miradordeatarfe.es\/wp-content\/uploads\/2026\/01\/miguel-rios-4-febrero.jpg?resize=600%2C750&#038;ssl=1\" alt=\"\" width=\"600\" height=\"750\" srcset=\"https:\/\/i0.wp.com\/miradordeatarfe.es\/wp-content\/uploads\/2026\/01\/miguel-rios-4-febrero.jpg?w=600&amp;ssl=1 600w, https:\/\/i0.wp.com\/miradordeatarfe.es\/wp-content\/uploads\/2026\/01\/miguel-rios-4-febrero.jpg?resize=240%2C300&amp;ssl=1 240w\" sizes=\"auto, (max-width: 600px) 100vw, 600px\" \/><\/p>\n<p>&nbsp;<\/p>\n","protected":false},"excerpt":{"rendered":"<p>Un encuentro \u00fanico con una de las grandes voces de la historia de la m\u00fasica&#8230;<\/p>\n","protected":false},"author":1,"featured_media":81640,"comment_status":"closed","ping_status":"closed","sticky":false,"template":"","format":"standard","meta":{"_coblocks_attr":"","_coblocks_dimensions":"","_coblocks_responsive_height":"","_coblocks_accordion_ie_support":"","jetpack_post_was_ever_published":false,"_jetpack_newsletter_access":"","_jetpack_dont_email_post_to_subs":false,"_jetpack_newsletter_tier_id":0,"_jetpack_memberships_contains_paywalled_content":false,"_jetpack_memberships_contains_paid_content":false,"footnotes":"","jetpack_publicize_message":"","jetpack_publicize_feature_enabled":true,"jetpack_social_post_already_shared":true,"jetpack_social_options":{"image_generator_settings":{"template":"highway","default_image_id":0,"enabled":false},"version":2}},"categories":[6916,1161,186,44,10801],"tags":[],"class_list":["post-81638","post","type-post","status-publish","format-standard","has-post-thumbnail","hentry","category-ayuntamiento-de-atarfe","category-ciudadania","category-instituciones","category-noticias-de-hoy","category-participa-atarfe"],"jetpack_publicize_connections":[],"jetpack_featured_media_url":"https:\/\/i0.wp.com\/miradordeatarfe.es\/wp-content\/uploads\/2026\/01\/miguel-rios-4-febrerob.jpg?fit=366%2C439&ssl=1","jetpack_likes_enabled":true,"jetpack_sharing_enabled":true,"_links":{"self":[{"href":"https:\/\/miradordeatarfe.es\/index.php?rest_route=\/wp\/v2\/posts\/81638","targetHints":{"allow":["GET"]}}],"collection":[{"href":"https:\/\/miradordeatarfe.es\/index.php?rest_route=\/wp\/v2\/posts"}],"about":[{"href":"https:\/\/miradordeatarfe.es\/index.php?rest_route=\/wp\/v2\/types\/post"}],"author":[{"embeddable":true,"href":"https:\/\/miradordeatarfe.es\/index.php?rest_route=\/wp\/v2\/users\/1"}],"replies":[{"embeddable":true,"href":"https:\/\/miradordeatarfe.es\/index.php?rest_route=%2Fwp%2Fv2%2Fcomments&post=81638"}],"version-history":[{"count":1,"href":"https:\/\/miradordeatarfe.es\/index.php?rest_route=\/wp\/v2\/posts\/81638\/revisions"}],"predecessor-version":[{"id":81641,"href":"https:\/\/miradordeatarfe.es\/index.php?rest_route=\/wp\/v2\/posts\/81638\/revisions\/81641"}],"wp:featuredmedia":[{"embeddable":true,"href":"https:\/\/miradordeatarfe.es\/index.php?rest_route=\/wp\/v2\/media\/81640"}],"wp:attachment":[{"href":"https:\/\/miradordeatarfe.es\/index.php?rest_route=%2Fwp%2Fv2%2Fmedia&parent=81638"}],"wp:term":[{"taxonomy":"category","embeddable":true,"href":"https:\/\/miradordeatarfe.es\/index.php?rest_route=%2Fwp%2Fv2%2Fcategories&post=81638"},{"taxonomy":"post_tag","embeddable":true,"href":"https:\/\/miradordeatarfe.es\/index.php?rest_route=%2Fwp%2Fv2%2Ftags&post=81638"}],"curies":[{"name":"wp","href":"https:\/\/api.w.org\/{rel}","templated":true}]}}