{"id":81648,"date":"2026-01-28T11:34:07","date_gmt":"2026-01-28T10:34:07","guid":{"rendered":"https:\/\/miradordeatarfe.es\/?p=81648"},"modified":"2026-01-27T11:55:28","modified_gmt":"2026-01-27T10:55:28","slug":"atarfe-homenaje-a-enrique-carretero-en-el-campeonato-de-sambo","status":"publish","type":"post","link":"https:\/\/miradordeatarfe.es\/?p=81648","title":{"rendered":"ATARFE: Homenaje a Enrique Carretero en el Campeonato de Sambo"},"content":{"rendered":"<h3 style=\"text-align: justify;\">Este fin de semana pasado, coincidiendo con la celebraci\u00f3n del Campeonato de Andaluc\u00eda de Sambo en Atarfe, hemos vivido un momento profundamente emotivo: el homenaje a Enrique Carretero, una figura imprescindible en la historia deportiva de nuestro municipio.<\/h3>\n<p style=\"text-align: justify;\">Hace m\u00e1s de 30 a\u00f1os, Enrique sembr\u00f3 una semilla que hoy es un \u00e1rbol fuerte y lleno de vida. Fue \u00e9l quien introdujo el Sambo en Atarfe, creando su escuela de Sambo y Buguei y sentando las bases de un deporte que ha crecido generaci\u00f3n tras generaci\u00f3n. Nada de lo que hoy disfrutamos ser\u00eda posible sin aquel primer paso valiente y comprometido.<\/p>\n<p style=\"text-align: justify;\">Su dedicaci\u00f3n incansable, su vocaci\u00f3n formadora y su amor por el deporte lo llevaron tambi\u00e9n a asumir la responsabilidad de Delegado Andaluz de Sambo dentro de la Federaci\u00f3n Andaluza de Lucha, contribuyendo decisivamente al desarrollo de esta disciplina en toda Andaluc\u00eda.<\/p>\n<p style=\"text-align: justify;\">Uno de los momentos m\u00e1s emotivos del campeonato <strong>fue el homenaje a D. Enrique Carretero, atarfe\u00f1o y precursor del Sambo en nuestro municipio<\/strong>. Hace m\u00e1s de 30 a\u00f1os introdujo esta disciplina en Atarfe a trav\u00e9s de su escuela de Sambo y Buguei, sentando las bases para el desarrollo y la implantaci\u00f3n de este deporte en la localidad. Adem\u00e1s, desempe\u00f1\u00f3 el cargo de Delegado Andaluz de Sambo dentro de la Federaci\u00f3n Andaluza de Lucha. Un merecido reconocimiento p\u00fablico a su trayectoria, dedicaci\u00f3n y contribuci\u00f3n hist\u00f3rica al deporte de lucha en Atarfe y en Andaluc\u00eda<\/p>\n<p style=\"text-align: justify;\"><strong>Gracias, Enrique, por tu legado, por tu ejemplo y por todo lo que has dado a Atarfe.<\/strong><\/p>\n<div class=\"x14z9mp xat24cr x1lziwak x1vvkbs xtlvy1s x126k92a\" style=\"text-align: justify;\">Atarfe ha sido este fin de semana sede del II Campeonato de Andaluc\u00eda de Sambo y Combat Sambo, prueba clasificatoria para el Campeonato de Espa\u00f1a, que ha reunido a m\u00e1s de 200 atletas procedentes de distintos puntos de la comunidad aut\u00f3noma.<\/div>\n<div style=\"text-align: justify;\">\u00a0<\/div>\n<div class=\"x14z9mp xat24cr x1lziwak x1vvkbs xtlvy1s x126k92a\" style=\"text-align: justify;\">La Concejal\u00eda de Deportes del Ayuntamiento de Atarfe ha feliccitado y agradecido al <span class=\"x193iq5w xeuugli x13faqbe x1vvkbs x1xmvt09 x6prxxf xvq8zen xo1l8bm x9kptjx\"><a class=\"x1i10hfl xjbqb8w x1ejq31n x18oe1m7 x1sy0etr xstzfhl x972fbf x10w94by x1qhh985 x14e42zd x9f619 x1ypdohk xt0psk2 x3ct3a4 xdj266r x14z9mp xat24cr x1lziwak xexx8yu xyri2b x18d9i69 x1c1uobl x16tdsg8 x1hl2dhg xggy1nq x1a2a7pz xkrqix3 x1sur9pj x9kptjx x1s688f\" tabindex=\"0\" role=\"link\" href=\"https:\/\/www.facebook.com\/profile.php?id=61553880256425&amp;__cft__[0]=AZZVheH6H3ynZcGwx4Ehqf8oTrs4Cc8aOchyh3UDdiC0nmTbEdVspJOSnYpJVtQIJAkB0ueh-7kPASiGIRUKimYJu0Qyw_DYN6h8S9w-5rzvAgqAgve0cUfGw_6MbfLIkZjr5hoX1ih-QAQxd8aVLOc11MnFCWx6W83ClSXM4FWK7A&amp;__tn__=KF\" target=\"_blank\" rel=\"noopener\">Atarfe Lucha Club Deportivo<\/a><\/span> y a la Federaci\u00f3n Andaluza de Lucha la excelente organizaci\u00f3n de este importante evento deportivo, que consolida a Atarfe como referente en deportes de lucha a nivel andaluz.<\/div>\n<div style=\"text-align: justify;\">\u00a0<\/div>\n<div class=\"x14z9mp xat24cr x1lziwak x1vvkbs xtlvy1s x126k92a\" style=\"text-align: justify;\">Durante la jornada estuvieron presentes la alcaldesa de Atarfe, <span class=\"x193iq5w xeuugli x13faqbe x1vvkbs x1xmvt09 x6prxxf xvq8zen xo1l8bm x9kptjx\"><a class=\"x1i10hfl xjbqb8w x1ejq31n x18oe1m7 x1sy0etr xstzfhl x972fbf x10w94by x1qhh985 x14e42zd x9f619 x1ypdohk xt0psk2 x3ct3a4 xdj266r x14z9mp xat24cr x1lziwak xexx8yu xyri2b x18d9i69 x1c1uobl x16tdsg8 x1hl2dhg xggy1nq x1a2a7pz xkrqix3 x1sur9pj x9kptjx x1s688f\" tabindex=\"0\" role=\"link\" href=\"https:\/\/www.facebook.com\/profile.php?id=100012941440313&amp;__cft__[0]=AZZVheH6H3ynZcGwx4Ehqf8oTrs4Cc8aOchyh3UDdiC0nmTbEdVspJOSnYpJVtQIJAkB0ueh-7kPASiGIRUKimYJu0Qyw_DYN6h8S9w-5rzvAgqAgve0cUfGw_6MbfLIkZjr5hoX1ih-QAQxd8aVLOc11MnFCWx6W83ClSXM4FWK7A&amp;__tn__=KF\" target=\"_blank\" rel=\"noopener\">Yolanda Fern\u00e1ndez Morales<\/a><\/span>, y el concejal de Deportes, <span class=\"x193iq5w xeuugli x13faqbe x1vvkbs x1xmvt09 x6prxxf xvq8zen xo1l8bm x9kptjx\"><a class=\"x1i10hfl xjbqb8w x1ejq31n x18oe1m7 x1sy0etr xstzfhl x972fbf x10w94by x1qhh985 x14e42zd x9f619 x1ypdohk xt0psk2 x3ct3a4 xdj266r x14z9mp xat24cr x1lziwak xexx8yu xyri2b x18d9i69 x1c1uobl x16tdsg8 x1hl2dhg xggy1nq x1a2a7pz xkrqix3 x1sur9pj x9kptjx x1s688f\" tabindex=\"0\" role=\"link\" href=\"https:\/\/www.facebook.com\/almohanohealthiness?__cft__[0]=AZZVheH6H3ynZcGwx4Ehqf8oTrs4Cc8aOchyh3UDdiC0nmTbEdVspJOSnYpJVtQIJAkB0ueh-7kPASiGIRUKimYJu0Qyw_DYN6h8S9w-5rzvAgqAgve0cUfGw_6MbfLIkZjr5hoX1ih-QAQxd8aVLOc11MnFCWx6W83ClSXM4FWK7A&amp;__tn__=KF\" target=\"_blank\" rel=\"noopener\">Victor Almohano<\/a><\/span>, mostrando una vez m\u00e1s el firme compromiso municipal con el deporte y sus valores.<\/div>\n<div style=\"text-align: justify;\">\u00a0<\/div>\n<div class=\"x14z9mp xat24cr x1lziwak x1vvkbs xtlvy1s x126k92a\" style=\"text-align: justify;\">Excelente participaci\u00f3n de los clubes atarfe\u00f1os, con una aut\u00e9ntica lluvia de medallas para el Club Atarfe Lucha y el Club de Judo Atarfe, que lograron los siguientes resultados:\u00a016 medallas de oro (1\u00ba puesto)\u00a0 7 medallas de plata (2\u00ba puesto)\u00a0 4 medallas de bronce (3\u00ba puesto)<\/div>\n<div style=\"text-align: justify;\">\u00a0<\/div>\n<div class=\"x14z9mp xat24cr x1lziwak x1vvkbs xtlvy1s x126k92a\" style=\"text-align: justify;\">Tanto el Concejal Victo Almohano como la Alcaldesa Yolanda Fern\u00e1ndez han reiterado la enhorabuena a deportistas, clubes y organizaci\u00f3n, y han recalcado que seguir\u00e1n apostando por el deporte como herramienta de convivencia, esfuerzo y orgullo para nuestro municipio.<\/div>\n<div style=\"text-align: justify;\">\u00a0<\/div>\n<div class=\"x14z9mp xat24cr x1lziwak x1vvkbs xtlvy1s x126k92a\" style=\"text-align: justify;\">Atarfe, Villa Europea&#x1f1ea;&#x1f1fa; del Deporte 2026.<\/div>\n<div style=\"text-align: justify;\">\u00a0<\/div>\n<div class=\"x14z9mp xat24cr x1lziwak x1vvkbs xtlvy1s x126k92a\" style=\"text-align: justify;\">ATARFE VIVE EL DEPORTE<\/div>\n<div>\u00a0<\/div>\n<div><a href=\"https:\/\/www.facebook.com\/reel\/1410207687327146\">https:\/\/www.facebook.com\/reel\/1410207687327146<\/a><\/div>\n","protected":false},"excerpt":{"rendered":"<p>Este fin de semana pasado, coincidiendo con la celebraci\u00f3n del Campeonato de Andaluc\u00eda de Sambo&#8230;<\/p>\n","protected":false},"author":1,"featured_media":81650,"comment_status":"closed","ping_status":"closed","sticky":false,"template":"","format":"standard","meta":{"_coblocks_attr":"","_coblocks_dimensions":"","_coblocks_responsive_height":"","_coblocks_accordion_ie_support":"","jetpack_post_was_ever_published":false,"_jetpack_newsletter_access":"","_jetpack_dont_email_post_to_subs":false,"_jetpack_newsletter_tier_id":0,"_jetpack_memberships_contains_paywalled_content":false,"_jetpack_memberships_contains_paid_content":false,"footnotes":"","jetpack_publicize_message":"","jetpack_publicize_feature_enabled":true,"jetpack_social_post_already_shared":true,"jetpack_social_options":{"image_generator_settings":{"template":"highway","default_image_id":0,"enabled":false},"version":2}},"categories":[182,186,44,6539],"tags":[],"class_list":["post-81648","post","type-post","status-publish","format-standard","has-post-thumbnail","hentry","category-deportes","category-instituciones","category-noticias-de-hoy","category-personajes-de-ataref"],"jetpack_publicize_connections":[],"jetpack_featured_media_url":"https:\/\/i0.wp.com\/miradordeatarfe.es\/wp-content\/uploads\/2026\/01\/Captura-de-pantalla_27-1-2026_115347_www.facebook.com_.jpeg?fit=281%2C214&ssl=1","jetpack_likes_enabled":true,"jetpack_sharing_enabled":true,"_links":{"self":[{"href":"https:\/\/miradordeatarfe.es\/index.php?rest_route=\/wp\/v2\/posts\/81648","targetHints":{"allow":["GET"]}}],"collection":[{"href":"https:\/\/miradordeatarfe.es\/index.php?rest_route=\/wp\/v2\/posts"}],"about":[{"href":"https:\/\/miradordeatarfe.es\/index.php?rest_route=\/wp\/v2\/types\/post"}],"author":[{"embeddable":true,"href":"https:\/\/miradordeatarfe.es\/index.php?rest_route=\/wp\/v2\/users\/1"}],"replies":[{"embeddable":true,"href":"https:\/\/miradordeatarfe.es\/index.php?rest_route=%2Fwp%2Fv2%2Fcomments&post=81648"}],"version-history":[{"count":2,"href":"https:\/\/miradordeatarfe.es\/index.php?rest_route=\/wp\/v2\/posts\/81648\/revisions"}],"predecessor-version":[{"id":81662,"href":"https:\/\/miradordeatarfe.es\/index.php?rest_route=\/wp\/v2\/posts\/81648\/revisions\/81662"}],"wp:featuredmedia":[{"embeddable":true,"href":"https:\/\/miradordeatarfe.es\/index.php?rest_route=\/wp\/v2\/media\/81650"}],"wp:attachment":[{"href":"https:\/\/miradordeatarfe.es\/index.php?rest_route=%2Fwp%2Fv2%2Fmedia&parent=81648"}],"wp:term":[{"taxonomy":"category","embeddable":true,"href":"https:\/\/miradordeatarfe.es\/index.php?rest_route=%2Fwp%2Fv2%2Fcategories&post=81648"},{"taxonomy":"post_tag","embeddable":true,"href":"https:\/\/miradordeatarfe.es\/index.php?rest_route=%2Fwp%2Fv2%2Ftags&post=81648"}],"curies":[{"name":"wp","href":"https:\/\/api.w.org\/{rel}","templated":true}]}}