{"id":81652,"date":"2026-01-29T11:25:36","date_gmt":"2026-01-29T10:25:36","guid":{"rendered":"https:\/\/miradordeatarfe.es\/?p=81652"},"modified":"2026-01-27T12:11:36","modified_gmt":"2026-01-27T11:11:36","slug":"atarfe-acidesa-ofrece-esquiar-con-la-diputacion-de-granada","status":"publish","type":"post","link":"https:\/\/miradordeatarfe.es\/?p=81652","title":{"rendered":"ATARFE: ACIDESA ofrece esquiar con la Diputaci\u00f3n de Granada"},"content":{"rendered":"<div id=\"left-area\">\n<article id=\"post-3476\" class=\"et_pb_post post-3476 post type-post status-publish format-standard has-post-thumbnail hentry category-eventos category-noticias\">\n<div class=\"entry-content\">\n<div class=\"et-l et-l--post\">\n<div class=\"et_builder_inner_content et_pb_gutters3\">\n<div class=\"et_pb_section et_pb_section_0 et_section_regular\">\n<div class=\"et_pb_row et_pb_row_0\">\n<div class=\"et_pb_column et_pb_column_4_4 et_pb_column_0  et_pb_css_mix_blend_mode_passthrough et-last-child\">\n<div class=\"et_pb_module et_pb_text et_pb_text_0  et_pb_text_align_left et_pb_bg_layout_light\">\n<div class=\"et_pb_text_inner\">\n<p style=\"text-align: justify;\">ACIDESA junto con la Diputaci\u00f3n de Granada en colaboraci\u00f3n con la estaci\u00f3n de esqu\u00ed de Sierra Nevada ponen en marcha esta campa\u00f1a de promoci\u00f3n del esqu\u00ed alpino, destinada a los municipios de la provincia de Granada de menos de 100.000 habitantes, para ello, oferta los siguientes programdas:\u00a0<strong>\u201c1, 2 y e D\u00edas\u00a0 de Esqu\u00ed en Sierra Nevada\u201d y \u201cEsqu\u00ed Familiar en Sierra Nevada2.<\/strong><\/p>\n<p style=\"text-align: justify;\"><strong>Las solicitudes del programa se har\u00e1n a trav\u00e9s de los ayuntamientos\u00a0mediante la plataforma digital\u00a0 (MOAD o equivalente), a partir del 6 de diciembre, adjuntando el bolet\u00edn de inscripci\u00f3n provisional correspondiente (Anexo 1 o 2).<\/strong><\/p>\n<ul style=\"text-align: justify;\">\n<li>En Diputaci\u00f3n se validar\u00e1n las solicitudes que re\u00fanan los requisitos.<\/li>\n<li>Se habilitar\u00e1 una plataforma Web (<a href=\"http:\/\/www.esquifamiliardipgra.com\/\">www.esquifamiliardipgra.com<\/a>) para la campa\u00f1a de esqu\u00ed donde se podr\u00e1 acceder mediante los correos electr\u00f3nicos validados, para que a apartir de la fecha se\u00f1alada, se puedan formalizar las inscripciones.<\/li>\n<\/ul>\n<p style=\"text-align: justify;\">Les adjuntamos el programa donde se establece la normativa de la Campa\u00f1a de<br \/>\nEsqu\u00ed, junto con el procedimiento a seguir para la solicitud de inscripci\u00f3n,<br \/>\nla formalizaci\u00f3n de solicitudes y dem\u00e1s aspectos de la campa\u00f1a.<\/p>\n<p style=\"text-align: justify;\">Para solicitud de m\u00e1s informaci\u00f3n puedes contactar en los tel\u00e9fonos<br \/>\n958247071\/7246 o en el correo<br \/>\n<a href=\"mailto:naturaleza@dipgra.es\">naturaleza@dipgra.es<\/a><\/p>\n<p style=\"text-align: justify;\">\u00a0<\/p>\n<\/div>\n<\/div>\n<\/div>\n<\/div>\n<\/div>\n<div class=\"et_pb_section et_pb_section_1 et_section_regular\" style=\"text-align: justify;\">\n<div class=\"et_pb_row et_pb_row_1 et_pb_row_4col\">\n<div class=\"et_pb_column et_pb_column_1_4 et_pb_column_1  et_pb_css_mix_blend_mode_passthrough\">\n<div class=\"et_pb_button_module_wrapper et_pb_button_0_wrapper  et_pb_module \"><a class=\"et_pb_button et_pb_button_0 et_pb_bg_layout_light\" href=\"https:\/\/acidesa.es\/programa-esqui-diputacion\/\">Programa Esqu\u00ed Diputaci\u00f3n de Granada (temporada 2025-26)<\/a><\/div>\n<div>\u00a0<\/div>\n<\/div>\n<div class=\"et_pb_column et_pb_column_1_4 et_pb_column_2  et_pb_css_mix_blend_mode_passthrough\">\n<div class=\"et_pb_button_module_wrapper et_pb_button_1_wrapper  et_pb_module \"><a class=\"et_pb_button et_pb_button_1 et_pb_bg_layout_light\" href=\"https:\/\/acidesa.es\/esqui-diputacion-anexo-i\/\">Boletin de Inscripci\u00f3n \u00bb 1,2 y 3 D\u00eda de Esqu\u00ed\u00bb<\/a><\/div>\n<div>\u00a0<\/div>\n<\/div>\n<div class=\"et_pb_column et_pb_column_1_4 et_pb_column_3  et_pb_css_mix_blend_mode_passthrough\">\n<div class=\"et_pb_button_module_wrapper et_pb_button_2_wrapper  et_pb_module \"><a class=\"et_pb_button et_pb_button_2 et_pb_bg_layout_light\" href=\"https:\/\/acidesa.es\/esqui-diputacion-anexo-ii\/\">Boletin de Inscripci\u00f3n \u00bb Esqu\u00ed Familiar en Sierra Nevada\u00bb<\/a><\/div>\n<\/div>\n<div class=\"et_pb_column et_pb_column_1_4 et_pb_column_4  et_pb_css_mix_blend_mode_passthrough et-last-child et_pb_column_empty\">\u00a0<\/div>\n<\/div>\n<\/div>\n<\/div>\n<\/div>\n<\/div>\n<div class=\"et_post_meta_wrapper\" style=\"text-align: justify;\">\u00a0<\/div>\n<\/article>\n<\/div>\n<div id=\"sidebar\">\n<div id=\"search-2\" class=\"et_pb_widget widget_search\" style=\"text-align: justify;\">\u00a0<\/div>\n<\/div>\n","protected":false},"excerpt":{"rendered":"<p>ACIDESA junto con la Diputaci\u00f3n de Granada en colaboraci\u00f3n con la estaci\u00f3n de esqu\u00ed de&#8230;<\/p>\n","protected":false},"author":1,"featured_media":81653,"comment_status":"closed","ping_status":"closed","sticky":false,"template":"","format":"standard","meta":{"_coblocks_attr":"","_coblocks_dimensions":"","_coblocks_responsive_height":"","_coblocks_accordion_ie_support":"","jetpack_post_was_ever_published":false,"_jetpack_newsletter_access":"","_jetpack_dont_email_post_to_subs":false,"_jetpack_newsletter_tier_id":0,"_jetpack_memberships_contains_paywalled_content":false,"_jetpack_memberships_contains_paid_content":false,"footnotes":"","jetpack_publicize_message":"","jetpack_publicize_feature_enabled":true,"jetpack_social_post_already_shared":true,"jetpack_social_options":{"image_generator_settings":{"template":"highway","default_image_id":0,"enabled":false},"version":2}},"categories":[1161,182,186,44],"tags":[],"class_list":["post-81652","post","type-post","status-publish","format-standard","has-post-thumbnail","hentry","category-ciudadania","category-deportes","category-instituciones","category-noticias-de-hoy"],"jetpack_publicize_connections":[],"jetpack_featured_media_url":"https:\/\/i0.wp.com\/miradordeatarfe.es\/wp-content\/uploads\/2026\/01\/sierra-nevada-1000x675-1.jpg?fit=1000%2C675&ssl=1","jetpack_likes_enabled":true,"jetpack_sharing_enabled":true,"_links":{"self":[{"href":"https:\/\/miradordeatarfe.es\/index.php?rest_route=\/wp\/v2\/posts\/81652","targetHints":{"allow":["GET"]}}],"collection":[{"href":"https:\/\/miradordeatarfe.es\/index.php?rest_route=\/wp\/v2\/posts"}],"about":[{"href":"https:\/\/miradordeatarfe.es\/index.php?rest_route=\/wp\/v2\/types\/post"}],"author":[{"embeddable":true,"href":"https:\/\/miradordeatarfe.es\/index.php?rest_route=\/wp\/v2\/users\/1"}],"replies":[{"embeddable":true,"href":"https:\/\/miradordeatarfe.es\/index.php?rest_route=%2Fwp%2Fv2%2Fcomments&post=81652"}],"version-history":[{"count":1,"href":"https:\/\/miradordeatarfe.es\/index.php?rest_route=\/wp\/v2\/posts\/81652\/revisions"}],"predecessor-version":[{"id":81654,"href":"https:\/\/miradordeatarfe.es\/index.php?rest_route=\/wp\/v2\/posts\/81652\/revisions\/81654"}],"wp:featuredmedia":[{"embeddable":true,"href":"https:\/\/miradordeatarfe.es\/index.php?rest_route=\/wp\/v2\/media\/81653"}],"wp:attachment":[{"href":"https:\/\/miradordeatarfe.es\/index.php?rest_route=%2Fwp%2Fv2%2Fmedia&parent=81652"}],"wp:term":[{"taxonomy":"category","embeddable":true,"href":"https:\/\/miradordeatarfe.es\/index.php?rest_route=%2Fwp%2Fv2%2Fcategories&post=81652"},{"taxonomy":"post_tag","embeddable":true,"href":"https:\/\/miradordeatarfe.es\/index.php?rest_route=%2Fwp%2Fv2%2Ftags&post=81652"}],"curies":[{"name":"wp","href":"https:\/\/api.w.org\/{rel}","templated":true}]}}