{"id":81658,"date":"2026-01-30T10:04:27","date_gmt":"2026-01-30T09:04:27","guid":{"rendered":"https:\/\/miradordeatarfe.es\/?p=81658"},"modified":"2026-01-27T14:10:34","modified_gmt":"2026-01-27T13:10:34","slug":"regularizacion-extraordinaria-de-inmigrantes","status":"publish","type":"post","link":"https:\/\/miradordeatarfe.es\/?p=81658","title":{"rendered":"Regularizaci\u00f3n extraordinaria de inmigrantes"},"content":{"rendered":"<h3 class=\"a_t\" style=\"text-align: justify;\">Claves del acuerdo entre el Gobierno y Podemos para la regularizaci\u00f3n extraordinaria de inmigrantes. La documentaci\u00f3n necesaria para la solicitud, a cu\u00e1ntas personas afectar\u00e1, las garant\u00edas del acuerdo y cu\u00e1ndo se pondr\u00e1 en marcha<\/h3>\n<header class=\"a_e _g _g-xs\">\n<div class=\"a_e_m\">\n<figure class=\"a_m a_m-h \"><figcaption class=\"a_m_p\" aria-hidden=\"true\">Un grupo de migrantes esperan a ser atendidas por Salvamento Mar\u00edtimo en el puerto de La Restinga (El Hierro), el 16 de noviembre de 2025. <span class=\"a_m_m\">Gelmert Finol ((EPA) EFE)<\/span><\/figcaption><\/figure>\n<\/div>\n<\/header>\n<div class=\"a_c clearfix\" style=\"text-align: justify;\" data-dtm-region=\"articulo_cuerpo\">\n<p class=\"\">El Consejo de Ministros aprob\u00f3 este martes la tramitaci\u00f3n de una r<a title=\"https:\/\/elpais.com\/noticias\/regularizacion-inmigrantes\/\" href=\"https:\/\/elpais.com\/noticias\/regularizacion-inmigrantes\/\" target=\"_self\" rel=\"\" data-link-track-dtm=\"\" data-mrf-link=\"https:\/\/elpais.com\/noticias\/regularizacion-inmigrantes\/\">egularizaci\u00f3n extraordinaria de inmigrantes<\/a> para beneficiar a m\u00e1s de 500.000 personas, una medida que no se ejecutaba en Espa\u00f1a desde hace 20 a\u00f1os y que llega despu\u00e9s de un intenso pulso de cientos de organizaciones de un amplio espectro ideol\u00f3gico. \u201cLos cambios geopol\u00edticos recientes, la aparici\u00f3n de nuevas causas de movilidad junto a las tradicionales, la inestabilidad en pa\u00edses afectados por conflictos y la incidencia del cambio clim\u00e1tico han intensificado los flujos migratorios a escala global, por lo que resulta imprescindible que la pol\u00edtica migratoria espa\u00f1ola responda con eficacia y coherencia a realidades din\u00e1micas y complejas\u201d, aparece en el encabezamiento del acuerdo, al que ha tenido acceso EL PA\u00cdS. Hasta el momento, no se conoce el contenido \u00edntegro del documento que pr\u00f3ximamente presentar\u00e1 el Ejecutivo, pero Podemos ha adelantado este lunes (y luego han confirmado fuentes del Gobierno a este diario) varias claves sobre su contenido.<\/p>\n<h3 class=\"\">\u00bfA qui\u00e9n afecta?<\/h3>\n<p class=\"\">La regularizaci\u00f3n beneficiar\u00e1 a las personas en situaci\u00f3n irregular y solicitantes de asilo que acrediten estar en Espa\u00f1a antes del 31 de diciembre de 2025. Es decir, se prev\u00e9 que los interesados puedan iniciar su solicitud a partir de este mayo. El n\u00famero estimado es de medio mill\u00f3n de personas. No es la primera en ejecutarse en Espa\u00f1a<a title=\"https:\/\/elpais.com\/espana\/2024-09-08\/un-millon-de-permisos-de-trabajo-y-expulsiones-38-anos-de-politicas-ante-el-reto-de-la-inmigracion-irregular.html\" href=\"https:\/\/elpais.com\/espana\/2024-09-08\/un-millon-de-permisos-de-trabajo-y-expulsiones-38-anos-de-politicas-ante-el-reto-de-la-inmigracion-irregular.html\" target=\"_self\" rel=\"\" data-link-track-dtm=\"\" data-mrf-link=\"https:\/\/elpais.com\/espana\/2024-09-08\/un-millon-de-permisos-de-trabajo-y-expulsiones-38-anos-de-politicas-ante-el-reto-de-la-inmigracion-irregular.html\">. Desde la llegada de la democracia se han puesto en marcha nueve <\/a>(desde 1986 hasta 2005: tres en el gobierno socialista de Felipe Gonz\u00e1lez, cuatro con Jos\u00e9 Mar\u00eda Aznar y una con el PSOE de Jos\u00e9 Luis Zapatero) que afect\u00f3 a m\u00e1s de un mill\u00f3n de personas.<\/p>\n<div id=\"elpais_gpt-INTEXT\" data-google-query-id=\"CPi13cHkq5IDFZJGHQkdh34R-w\">\n<h3 id=\"google_ads_iframe_7811748\/elpais_web\/politica_3__container__\"><iframe id=\"google_ads_iframe_7811748\/elpais_web\/politica_3\" tabindex=\"0\" title=\"Contenido de anuncios de terceros\" name=\"google_ads_iframe_7811748\/elpais_web\/politica_3\" width=\"1\" height=\"1\" frameborder=\"0\" marginwidth=\"0\" marginheight=\"0\" scrolling=\"no\" aria-label=\"Anuncio\" data-google-container-id=\"4\" data-load-complete=\"true\" data-mce-fragment=\"1\"><\/iframe>\u00bfC\u00f3mo se podr\u00e1 acreditar la permanencia?<\/h3>\n<\/div>\n<p class=\"\">Para la acreditaci\u00f3n de la permanencia en el pa\u00eds se podr\u00e1 aportar documentos como el padr\u00f3n, informes de citas m\u00e9dicas, certificados de asistencia a recursos sociales, un contrato de alquiler, justificantes de env\u00edos de dinero o billetes de transporte.<\/p>\n<h3 class=\"\">\u00bfSe necesita alg\u00fan requerimiento m\u00e1s?<\/h3>\n<p class=\"\">Podemos ha explicado, y ha confirmado a este peri\u00f3dico fuentes del Gobierno, que, adem\u00e1s de la acreditaci\u00f3n de haber vivido en Espa\u00f1a desde antes del pr\u00f3ximo mayo, carecer de antecedentes penales relevantes ser\u00e1 otro requisito para beneficiarse de la regularizaci\u00f3n.<\/p>\n<h3 class=\"\">La posibilidad de deportaci\u00f3n durante el proceso<\/h3>\n<p class=\"\">Una de las garant\u00edas que ha adelantado Podemos es que, en el momento de presentaci\u00f3n de la solicitud de regularizaci\u00f3n, quedar\u00e1 autom\u00e1ticamente suspendidos los procedimientos de retorno o las \u00f3rdenes de expulsi\u00f3n por motivos administrativos o por trabajar sin permiso que pesen sobre la persona en situaci\u00f3n irregular. Cuando se admita a tr\u00e1mite, se conceder\u00e1 una autorizaci\u00f3n de residencia provisional que permite trabajar de forma legal y acceder a otros derechos fundamentales, como la asistencia sanitaria. Si la resoluci\u00f3n es favorable, el Estado conceder\u00e1 una autorizaci\u00f3n de residencia por un periodo de un a\u00f1o y, cuando esta finalice, la persona afectada podr\u00e1 solicitar una autorizaci\u00f3n ordinaria conforme al reglamento de extranjer\u00eda.<\/p>\n<h3 class=\"\">\u00bfEl acuerdo se validar\u00e1 en el Congreso?<\/h3>\n<p class=\"\">No. La medida se aprobar\u00e1 a trav\u00e9s de un Real Decreto, por lo que no necesita pasar por el Congreso para su convalidaci\u00f3n, donde ser\u00eda muy dif\u00edcil conseguir la mayor\u00eda dada la negativa del PP y Vox sobre este asunto. Despu\u00e9s de la aprobaci\u00f3n del Consejo de Ministros por tramitaci\u00f3n urgente, el documento ir\u00e1 a audiencia p\u00fablica y la posible elaboraci\u00f3n de informes de diversos ministerios. Luego, el document\u00f3 ir\u00e1 al Consejo de Estado y, de vuelta, al Consejo de Ministros.<\/p>\n<p class=\"\">Este acuerdo nace despu\u00e9s de que m\u00e1s de un millar de asociaciones luchasen para poner en marcha una Iniciativa Legislativa Popular (ILP) con m\u00e1s de 700.000 firmas. Las organizaciones que apoyan este proyecto van desde colectivos empresariales hasta asociaciones anarquistas, pasando por entidades religiosas, como la Conferencia Episcopal Espa\u00f1ola, que en los \u00faltimos a\u00f1os ha plantado cara al discurso xen\u00f3fobo de Vox y <a title=\"https:\/\/elpais.com\/espana\/2025-05-28\/la-historica-influencia-de-la-iglesia-sobre-el-pp-encalla-con-la-regularizacion-de-migrantes.html\" href=\"https:\/\/elpais.com\/espana\/2025-05-28\/la-historica-influencia-de-la-iglesia-sobre-el-pp-encalla-con-la-regularizacion-de-migrantes.html\" target=\"_self\" rel=\"\" data-link-track-dtm=\"\" data-mrf-link=\"https:\/\/elpais.com\/espana\/2025-05-28\/la-historica-influencia-de-la-iglesia-sobre-el-pp-encalla-con-la-regularizacion-de-migrantes.html\">ha presionado al Partido Popular para que impulsase la iniciativa<\/a>.<\/p>\n<\/div>\n<aside class=\"w w-sea\">\n<div class=\"w_b\">\n<div class=\"_g _g-xs\">\n<div class=\"w-sea_txt\">\n<div class=\"_df\" style=\"text-align: justify;\">\n<div class=\"w-sea_txt_na\"><strong><a href=\"https:\/\/elpais.com\/autor\/julio-nunez-montana\/\" rel=\"autor_bottom\">Julio N\u00fa\u00f1ez<\/a><\/strong><\/div>\n<div>\u00a0<\/div>\n<\/div>\n<div style=\"text-align: justify;\">FOTO: Un grupo de migrantes esperan a ser atendidas por Salvamento Mar\u00edtimo en el puerto de La Restinga (El Hierro), el 16 de noviembre de 2025. <span class=\"a_m_m\">Gelmert Finol ((EPA) EFE)<\/span><\/div>\n<div style=\"text-align: justify;\">\u00a0<\/div>\n<div style=\"text-align: justify;\">https:\/\/elpais.com\/espana\/2026-01-26\/claves-del-acuerdo-entre-el-gobierno-y-podemos-para-la-regularizacion-extraordinaria-de-inmigrantes.html<\/div>\n<\/div>\n<\/div>\n<\/div>\n<\/aside>\n","protected":false},"excerpt":{"rendered":"<p>Claves del acuerdo entre el Gobierno y Podemos para la regularizaci\u00f3n extraordinaria de inmigrantes. La&#8230;<\/p>\n","protected":false},"author":1,"featured_media":81659,"comment_status":"closed","ping_status":"closed","sticky":false,"template":"","format":"standard","meta":{"_coblocks_attr":"","_coblocks_dimensions":"","_coblocks_responsive_height":"","_coblocks_accordion_ie_support":"","jetpack_post_was_ever_published":false,"_jetpack_newsletter_access":"","_jetpack_dont_email_post_to_subs":false,"_jetpack_newsletter_tier_id":0,"_jetpack_memberships_contains_paywalled_content":false,"_jetpack_memberships_contains_paid_content":false,"footnotes":"","jetpack_publicize_message":"","jetpack_publicize_feature_enabled":true,"jetpack_social_post_already_shared":true,"jetpack_social_options":{"image_generator_settings":{"template":"highway","default_image_id":0,"enabled":false},"version":2}},"categories":[1161,186,44,7671],"tags":[],"class_list":["post-81658","post","type-post","status-publish","format-standard","has-post-thumbnail","hentry","category-ciudadania","category-instituciones","category-noticias-de-hoy","category-politica"],"jetpack_publicize_connections":[],"jetpack_featured_media_url":"https:\/\/miradordeatarfe.es\/wp-content\/uploads\/2026\/01\/PNJK3GUJMZHC5FLG2BSWCTZZ3A.avif","jetpack_likes_enabled":true,"jetpack_sharing_enabled":true,"_links":{"self":[{"href":"https:\/\/miradordeatarfe.es\/index.php?rest_route=\/wp\/v2\/posts\/81658","targetHints":{"allow":["GET"]}}],"collection":[{"href":"https:\/\/miradordeatarfe.es\/index.php?rest_route=\/wp\/v2\/posts"}],"about":[{"href":"https:\/\/miradordeatarfe.es\/index.php?rest_route=\/wp\/v2\/types\/post"}],"author":[{"embeddable":true,"href":"https:\/\/miradordeatarfe.es\/index.php?rest_route=\/wp\/v2\/users\/1"}],"replies":[{"embeddable":true,"href":"https:\/\/miradordeatarfe.es\/index.php?rest_route=%2Fwp%2Fv2%2Fcomments&post=81658"}],"version-history":[{"count":2,"href":"https:\/\/miradordeatarfe.es\/index.php?rest_route=\/wp\/v2\/posts\/81658\/revisions"}],"predecessor-version":[{"id":81661,"href":"https:\/\/miradordeatarfe.es\/index.php?rest_route=\/wp\/v2\/posts\/81658\/revisions\/81661"}],"wp:featuredmedia":[{"embeddable":true,"href":"https:\/\/miradordeatarfe.es\/index.php?rest_route=\/wp\/v2\/media\/81659"}],"wp:attachment":[{"href":"https:\/\/miradordeatarfe.es\/index.php?rest_route=%2Fwp%2Fv2%2Fmedia&parent=81658"}],"wp:term":[{"taxonomy":"category","embeddable":true,"href":"https:\/\/miradordeatarfe.es\/index.php?rest_route=%2Fwp%2Fv2%2Fcategories&post=81658"},{"taxonomy":"post_tag","embeddable":true,"href":"https:\/\/miradordeatarfe.es\/index.php?rest_route=%2Fwp%2Fv2%2Ftags&post=81658"}],"curies":[{"name":"wp","href":"https:\/\/api.w.org\/{rel}","templated":true}]}}