{"id":8166,"date":"2016-04-11T08:09:56","date_gmt":"2016-04-11T08:09:56","guid":{"rendered":"http:\/\/miradordeatarfe.es\/?p=8166"},"modified":"2016-04-11T14:06:40","modified_gmt":"2016-04-11T14:06:40","slug":"exito-del-cd-triatarfe-en-la-i-ecomataron-vega-de-granada-ruta-de-lorca","status":"publish","type":"post","link":"https:\/\/miradordeatarfe.es\/?p=8166","title":{"rendered":"EXITO DEL CD TRIATARFE en la I Ecomatar\u00f3n Vega de Granada &#8216;Ruta de Lorca&#8217;."},"content":{"rendered":"<div class=\"_1dwg\">\n<div id=\"js_w\" class=\"_5pbx userContent\" data-ft=\"{&quot;tn&quot;:&quot;K&quot;}\">\n<p>\u00a0Arrancamos la semana con las fant\u00e1sticas fotos que <a class=\"profileLink\" href=\"https:\/\/www.facebook.com\/triatarfe\/\" data-hovercard=\"\/ajax\/hovercard\/page.php?id=414983528708002\">TRIATARFE<\/a> ha subido a su p\u00e1gina de la I Ecomatar\u00f3n Vega de Granada &#8216;Ruta de Lorca&#8217;. Preciosas instant\u00e1neas de los corredores atravesando nuestra Vega.<\/p>\n<p><!--more--><\/p>\n<div class=\"_5wpt\">\u00a0Hablan por s\u00ed mismas y nos obligan a realizar un esfuerzo por proteger este precioso parajeOs dejamos con algunos de los momentos vividos en el d\u00eda de hoy, esperamos que hayas disfrutado de la carrera y de la Vega Granadina, nos vemos en la pr\u00f3xima!!, muchas gracias a corredores, voluntarios, colaboradores, <a class=\"profileLink\" href=\"https:\/\/www.facebook.com\/dipgra\/\" data-hovercard=\"\/ajax\/hovercard\/page.php?id=206759936005842\">Diputaci\u00f3n de Granada<\/a>, Ayuntamientos, polic\u00eda local, protecci\u00f3n civil, guardia civil y empresas implicadas en este proyecto!!<\/div>\n<div class=\"_5wpt\"><\/div>\n<\/div>\n<div class=\"_3x-2\">\n<div data-ft=\"{&quot;tn&quot;:&quot;H&quot;}\">\n<div class=\"mtm\">\n<div class=\"_52db\">\n<div class=\"uiScaledImageContainer\"><img loading=\"lazy\" decoding=\"async\" class=\"scaledImageFitWidth img\" src=\"https:\/\/scontent-mad1-1.xx.fbcdn.net\/hphotos-xtf1\/v\/t1.0-9\/s851x315\/12993406_470564939816527_6198041206165223774_n.jpg?oh=45913aad4446e1b6877dcad67b594e8a&amp;oe=57BC3253\" alt=\"Foto de TRIATARFE.\" width=\"470\" height=\"314\" \/><\/div>\n<div class=\"uiScaledImageContainer\"><img loading=\"lazy\" decoding=\"async\" class=\"scaledImageFitHeight img\" src=\"https:\/\/scontent-mad1-1.xx.fbcdn.net\/hphotos-xta1\/v\/t1.0-0\/s235x165\/12439365_470564879816533_3024788355164443559_n.jpg?oh=927283a376218d66a9b6e2baa40e0e69&amp;oe=57B5599E\" alt=\"Foto de TRIATARFE.\" width=\"234\" height=\"155\" \/><\/div>\n<div class=\"uiScaledImageContainer\"><img loading=\"lazy\" decoding=\"async\" class=\"scaledImageFitHeight img\" src=\"https:\/\/scontent-mad1-1.xx.fbcdn.net\/hphotos-xfl1\/v\/t1.0-0\/s235x165\/12512638_470564873149867_8630383825483421732_n.jpg?oh=500ba2ca3ce41b992d1bf4633d55a5b1&amp;oe=5778072D\" alt=\"Foto de TRIATARFE.\" width=\"234\" height=\"155\" \/><\/div>\n<div class=\"uiScaledImageContainer\"><img loading=\"lazy\" decoding=\"async\" class=\"scaledImageFitHeight img\" src=\"https:\/\/scontent-mad1-1.xx.fbcdn.net\/hphotos-xpa1\/v\/t1.0-0\/s235x165\/12993489_470565066483181_2064260160014602041_n.jpg?oh=3c8db3da3fe47a2ffa9fceede52bc4de&amp;oe=5780F0C1\" alt=\"Foto de TRIATARFE.\" width=\"234\" height=\"155\" \/><\/div>\n<\/div>\n<\/div>\n<\/div>\n<\/div>\n<\/div>\n<div id=\"u_jsonp_2_b\" class=\"_4-u2 mbm _5jmm _5pat _5v3q _4-u8\" data-ft=\"{&quot;top_level_post_id&quot;:&quot;470440809828940&quot;,&quot;tl_objid&quot;:&quot;470440809828940&quot;,&quot;fbfeed_location&quot;:36}\" data-time=\"1460281512\">\n<div id=\"u_jsonp_2_i\" class=\"_3ccb\" data-gt=\"{&quot;type&quot;:&quot;click2canvas&quot;,&quot;fbsource&quot;:703,&quot;ref&quot;:&quot;nf_generic&quot;}\">\n<div class=\"userContentWrapper _5pcr\">\n<div class=\"_1dwg\">\n<div id=\"js_10\" class=\"_5pbx userContent\" data-ft=\"{&quot;tn&quot;:&quot;K&quot;}\">\n<p>Y los dos primeros atarfe\u00f1os en meta: Juli\u00e1n Rufi\u00e1n, del CLUB DE ATLETISMO Y MONTA\u00d1A DE ATARFE y Luis Miguel Ruiz, del CD TRIATARFE. Tercer clasificado atarfe\u00f1o ha sido Isidro Lechuga Rodr\u00edguez. Enhorabuena campeones!!!! CAMPEONES!!!!<\/p>\n<div class=\"_5wpt\"><\/div>\n<\/div>\n<div class=\"_3x-2\">\n<div data-ft=\"{&quot;tn&quot;:&quot;H&quot;}\">\n<div class=\"mtm\">\n<div class=\"_2a2q\">\n<div class=\"uiScaledImageContainer\"><img loading=\"lazy\" decoding=\"async\" class=\"scaledImageFitHeight img\" src=\"https:\/\/scontent-mad1-1.xx.fbcdn.net\/hphotos-xpf1\/v\/t1.0-0\/s480x480\/12985549_470440776495610_7469592721090759530_n.jpg?oh=7934fae1d8ed6ff14ca0c2a494df26e3&amp;oe=57B10036\" alt=\"Foto de TRIATARFE.\" width=\"353\" height=\"470\" \/><\/div>\n<div class=\"uiScaledImageContainer\"><img loading=\"lazy\" decoding=\"async\" class=\"scaledImageFitHeight img\" src=\"https:\/\/scontent-mad1-1.xx.fbcdn.net\/hphotos-xtp1\/v\/t1.0-0\/s480x480\/12974439_470440789828942_6781243973675085212_n.jpg?oh=06b4631166e7d22cd3c321deea5b0aef&amp;oe=57834E77\" alt=\"Foto de TRIATARFE.\" width=\"353\" height=\"470\" \/><\/div>\n<\/div>\n<\/div>\n<\/div>\n<\/div>\n<\/div>\n<div>\n<form id=\"u_jsonp_2_1l\" class=\"commentable_item\" action=\"\/ajax\/ufi\/modify.php\" method=\"post\" data-testid=\"feedback_form\" data-ft=\"{&quot;tn&quot;:&quot;]&quot;}\"><br class=\"_6vg img\" \/><\/p>\n<div id=\"u_jsonp_2_1s\" class=\"uiUfi UFIContainer _5pc9 _5vsj _5v9k\">\n<div class=\"UFIList\" data-reactroot=\"\">\n<div>\n<div class=\"_48ph UFIRow UFIComment _4oep\" data-ft=\"{&quot;tn&quot;:&quot;R0&quot;}\">\n<div class=\"clearfix\">\n<div class=\"\">\u00a0mas fotos en :<a href=\"https:\/\/www.facebook.com\/triatarfe\/\"> https:\/\/www.facebook.com\/triatarfe\/<\/a><\/div>\n<\/div>\n<\/div>\n<\/div>\n<\/div>\n<\/div>\n<\/form>\n<\/div>\n<\/div>\n<\/div>\n<\/div>\n<p>A unas horas de la Eco Marat\u00f3n, el primer gran evento en que colabora CD TRIATARFE en la I Ecomatar\u00f3n Vega de Granada &#8216;Ruta de Lorca&#8217;.de forma principal en su dise\u00f1o y organizaci\u00f3n, solo queremos volver a agradecer a la Diputaci\u00f3n de Granada, a todos los Ayuntamientos implicados, a la plataforma Salvemos la Vega, a los miembros de nuestro club el <a href=\"https:\/\/www.facebook.com\/triatarfe\/\">C.D. Triatarfe <\/a>que os hab\u00e9is volcado en ayudar para que esto sea posible, a los casi dos centenares de voluntarios altruitas y a todos los patrocinadores y colaboradores implicados por hacer p<span class=\"text_exposed_show\">osible lo que hace unos meses era solo un sue\u00f1o. <\/span><\/p>\n<p><span class=\"text_exposed_show\"><br \/>\nTambi\u00e9n mostramos nuestra gratitud a los peque\u00f1os empresarios que ma\u00f1ana dedic\u00e1is vuestro esfuerzo y vuestro talento para que haya dulces por la ma\u00f1ana, bebidas durante todo el d\u00eda, atracciones para los m\u00e1s peque\u00f1os, paella a mediod\u00eda, exhibiciones de Aerobox y Zumba, paella a precio popular, etc, etc.<br \/>\nY, especialmente, a tod@s los valientes que habeis decidido acompa\u00f1arnos ma\u00f1ana y participar tanto en la Eco marat\u00f3n como en la prueba saludable. Sin vosotros nada de esto tendr\u00eda sentido.<\/span><\/p>\n<p><span class=\"text_exposed_show\"><br \/>\nDe todo coraz\u00f3n y con el m\u00e1ximo esfuerzo de casi 200 personas implicadas en la organizaci\u00f3n queremos deciros simplemente GRACIAS.<\/span><\/p>\n","protected":false},"excerpt":{"rendered":"<p>\u00a0Arrancamos la semana con las fant\u00e1sticas fotos que TRIATARFE ha subido a su p\u00e1gina de&#8230;<\/p>\n","protected":false},"author":1,"featured_media":8167,"comment_status":"closed","ping_status":"closed","sticky":false,"template":"","format":"standard","meta":{"_coblocks_attr":"","_coblocks_dimensions":"","_coblocks_responsive_height":"","_coblocks_accordion_ie_support":"","jetpack_post_was_ever_published":false,"_jetpack_newsletter_access":"","_jetpack_dont_email_post_to_subs":false,"_jetpack_newsletter_tier_id":0,"_jetpack_memberships_contains_paywalled_content":false,"_jetpack_memberships_contains_paid_content":false,"footnotes":"","jetpack_publicize_message":"","jetpack_publicize_feature_enabled":true,"jetpack_social_post_already_shared":false,"jetpack_social_options":{"image_generator_settings":{"template":"highway","default_image_id":0,"enabled":false},"version":2}},"categories":[2,182,44,15],"tags":[2471,2487],"class_list":["post-8166","post","type-post","status-publish","format-standard","has-post-thumbnail","hentry","category-atarfe","category-deportes","category-noticias-de-hoy","category-ultimas-noticias","tag-ecomarathon","tag-triatarfe"],"jetpack_publicize_connections":[],"jetpack_featured_media_url":"https:\/\/i0.wp.com\/miradordeatarfe.es\/wp-content\/uploads\/2016\/04\/12182973_424281004444921_2526276075383370954_o.jpg?fit=2000%2C1500&ssl=1","jetpack_likes_enabled":true,"jetpack_sharing_enabled":true,"_links":{"self":[{"href":"https:\/\/miradordeatarfe.es\/index.php?rest_route=\/wp\/v2\/posts\/8166","targetHints":{"allow":["GET"]}}],"collection":[{"href":"https:\/\/miradordeatarfe.es\/index.php?rest_route=\/wp\/v2\/posts"}],"about":[{"href":"https:\/\/miradordeatarfe.es\/index.php?rest_route=\/wp\/v2\/types\/post"}],"author":[{"embeddable":true,"href":"https:\/\/miradordeatarfe.es\/index.php?rest_route=\/wp\/v2\/users\/1"}],"replies":[{"embeddable":true,"href":"https:\/\/miradordeatarfe.es\/index.php?rest_route=%2Fwp%2Fv2%2Fcomments&post=8166"}],"version-history":[{"count":1,"href":"https:\/\/miradordeatarfe.es\/index.php?rest_route=\/wp\/v2\/posts\/8166\/revisions"}],"predecessor-version":[{"id":8168,"href":"https:\/\/miradordeatarfe.es\/index.php?rest_route=\/wp\/v2\/posts\/8166\/revisions\/8168"}],"wp:featuredmedia":[{"embeddable":true,"href":"https:\/\/miradordeatarfe.es\/index.php?rest_route=\/wp\/v2\/media\/8167"}],"wp:attachment":[{"href":"https:\/\/miradordeatarfe.es\/index.php?rest_route=%2Fwp%2Fv2%2Fmedia&parent=8166"}],"wp:term":[{"taxonomy":"category","embeddable":true,"href":"https:\/\/miradordeatarfe.es\/index.php?rest_route=%2Fwp%2Fv2%2Fcategories&post=8166"},{"taxonomy":"post_tag","embeddable":true,"href":"https:\/\/miradordeatarfe.es\/index.php?rest_route=%2Fwp%2Fv2%2Ftags&post=8166"}],"curies":[{"name":"wp","href":"https:\/\/api.w.org\/{rel}","templated":true}]}}