{"id":81663,"date":"2026-01-30T11:00:44","date_gmt":"2026-01-30T10:00:44","guid":{"rendered":"https:\/\/miradordeatarfe.es\/?p=81663"},"modified":"2026-01-27T16:55:08","modified_gmt":"2026-01-27T15:55:08","slug":"leyendas-de-granada-el-moro-tarfe-y-garcilaso-de-la-vega","status":"publish","type":"post","link":"https:\/\/miradordeatarfe.es\/?p=81663","title":{"rendered":"Leyendas de Granada. El Moro Tarfe y Garcilaso de la Vega"},"content":{"rendered":"<div id=\"post-body-113508091515678907\" class=\"post-body entry-content\">\n<h3 align=\"JUSTIFY\">\u00a0Vamos a rememorar la conocida leyenda del Moro Tarfe y Garcilaso de la Vega. Leyenda que ocurri\u00f3 en la localidad de Santa Fe, un emplazamiento ideado como campamento militar de los Reyes Cat\u00f3licos , y que a lo largo de los a\u00f1os ha devengado en el pueblo que todos conocemos.<\/h3>\n<div align=\"JUSTIFY\">En parte propiciado por un fortuito incendio que destruy\u00f3 gran parte de las tiendas, y que supuso la construcci\u00f3n de un nuevo fuerte con muros, puertas y torres de piedra. Pero empecemos la historia:<\/div>\n<div align=\"JUSTIFY\">\u00a0<\/div>\n<table class=\"tr-caption-container\" cellspacing=\"0\" cellpadding=\"0\" align=\"center\">\n<tbody>\n<tr>\n<td><a href=\"https:\/\/i0.wp.com\/blogger.googleusercontent.com\/img\/b\/R29vZ2xl\/AVvXsEioFAycNzdax9zW1gwNtpu-tFt536CtdoUk3sxZ2SDADgc1ODwMHVBVWwMibI3sE0FRAYedYm8C4iwuPO9H4gI17gyjsPd-sV9TDP0JvCBix2miWUbsZe6YtixTT_XjIyLdXRRcJMUvE7s\/s1600\/n101p10a.jpg?ssl=1\"><img data-recalc-dims=\"1\" loading=\"lazy\" decoding=\"async\" src=\"https:\/\/i0.wp.com\/blogger.googleusercontent.com\/img\/b\/R29vZ2xl\/AVvXsEioFAycNzdax9zW1gwNtpu-tFt536CtdoUk3sxZ2SDADgc1ODwMHVBVWwMibI3sE0FRAYedYm8C4iwuPO9H4gI17gyjsPd-sV9TDP0JvCBix2miWUbsZe6YtixTT_XjIyLdXRRcJMUvE7s\/s400\/n101p10a.jpg?resize=283%2C400&#038;ssl=1\" width=\"283\" height=\"400\" border=\"0\" data-original-height=\"363\" data-original-width=\"258\" \/><\/a><\/td>\n<\/tr>\n<tr>\n<td class=\"tr-caption\">Plano de la ciudad de Santa Fe (Granada)<\/td>\n<\/tr>\n<\/tbody>\n<\/table>\n<div align=\"JUSTIFY\">Estamos en los \u00faltimos a\u00f1os de la reconquista, los Reyes Cat\u00f3licos tienen cercada Granada e instalado un gran campamento militar a unos doce kil\u00f3metros de la ciudad de la Alhambra en un lugar que han venido a llamar Santa Fe. En un primer momento es un campamento con tiendas, entre ellas las que acoge a la Reina Isabel la Cat\u00f3lica pero un fortuito incendio propiciado por una vela, quema gran parte de las instalaciones y propicia la construcci\u00f3n de un fort\u00edn, de una ciudad amurallada que pervive a fecha de hoy con sus cuatro puertas, orientadas cada una de ellas a los cuatro punto cardinales.<\/div>\n<div align=\"JUSTIFY\">\u00a0<\/div>\n<table class=\"tr-caption-container\" cellspacing=\"0\" cellpadding=\"0\" align=\"center\">\n<tbody>\n<tr>\n<td><a href=\"https:\/\/i0.wp.com\/blogger.googleusercontent.com\/img\/b\/R29vZ2xl\/AVvXsEj8AgpXGkrGXATa2EQ0S9HIcIOCduYzfqqWxBHuylu2zkZ1d08EIhbiWOjLVNPf5k12aECzqSRh0L1s0eoF19njdL0gD9YhowuWw9eXiLb9AwO2WALzdZ_Pjg4UIh16acjg4X0aSE1od3U\/s1600\/06122015-DSC_0653.JPG?ssl=1\"><img data-recalc-dims=\"1\" loading=\"lazy\" decoding=\"async\" src=\"https:\/\/i0.wp.com\/blogger.googleusercontent.com\/img\/b\/R29vZ2xl\/AVvXsEj8AgpXGkrGXATa2EQ0S9HIcIOCduYzfqqWxBHuylu2zkZ1d08EIhbiWOjLVNPf5k12aECzqSRh0L1s0eoF19njdL0gD9YhowuWw9eXiLb9AwO2WALzdZ_Pjg4UIh16acjg4X0aSE1od3U\/s400\/06122015-DSC_0653.JPG?resize=263%2C400&#038;ssl=1\" width=\"263\" height=\"400\" border=\"0\" data-original-height=\"1600\" data-original-width=\"1060\" \/><\/a><\/td>\n<\/tr>\n<tr>\n<td class=\"tr-caption\">Iglesia de la Encarnaci\u00f3n en Santa Fe.\u00a0<\/td>\n<\/tr>\n<\/tbody>\n<\/table>\n<div align=\"JUSTIFY\">Viene siendo habitual las muestras de valent\u00eda por parte de los m\u00e1s valerosos soldados y guerreros de ambos bandos, tanto del cristiano como del musulm\u00e1n. En este \u00faltimo destaca un moro, cuyo nombre es Tarfe. Una noche y en una gran muestra de valor, alcanza el campamento militar y logra clavar una lanza con una prenda de su amada Zaida en la tienda de la Reina, todos los intentos por alcanzarle son en vano.<\/div>\n<div align=\"JUSTIFY\">\u00a0<\/div>\n<div align=\"JUSTIFY\">Los cristianos heridos en su honor, no pueden dejar las cosas as\u00ed, por todos es conocidos la\u00a0<a href=\"https:\/\/lugaresdegranada.blogspot.com\/2018\/01\/ocurrio-en-granada-hazana-de-hernan.html\" target=\"_blank\" rel=\"noopener\">LEYENDA DE HERNAN PEREZ DEL PULGAR, <\/a> de la que ya hemos escrito en este blog, por la cual se acerc\u00f3 hasta la mism\u00edsima mezquita mayor de Granada, y clav\u00f3 en su puerta un pu\u00f1al con un pergamino en el cual se pod\u00eda leer \u201cAVE MAR\u00cdA\u201d.<\/div>\n<div align=\"JUSTIFY\">\u00a0<\/div>\n<table class=\"tr-caption-container\" cellspacing=\"0\" cellpadding=\"0\" align=\"center\">\n<tbody>\n<tr>\n<td><a href=\"https:\/\/i0.wp.com\/blogger.googleusercontent.com\/img\/b\/R29vZ2xl\/AVvXsEiS7Nwh-5f1Lgn78ZDhKNCJ_x28fYuNZ83YMThrNB2n8tqlXounj1FW7H_3iY892RounwIqB7f8cgCC9Ac-wan2XFKi9P7cIVLck5oSn2Rm3mx7Ls0brMKC4P8bMJlGfOrejDCCXKwCvok\/s1600\/Hernan-Perez-del-Pulgar-colgando-su-declaracion.jpg?ssl=1\"><img data-recalc-dims=\"1\" loading=\"lazy\" decoding=\"async\" src=\"https:\/\/i0.wp.com\/blogger.googleusercontent.com\/img\/b\/R29vZ2xl\/AVvXsEiS7Nwh-5f1Lgn78ZDhKNCJ_x28fYuNZ83YMThrNB2n8tqlXounj1FW7H_3iY892RounwIqB7f8cgCC9Ac-wan2XFKi9P7cIVLck5oSn2Rm3mx7Ls0brMKC4P8bMJlGfOrejDCCXKwCvok\/s400\/Hernan-Perez-del-Pulgar-colgando-su-declaracion.jpg?resize=400%2C193&#038;ssl=1\" width=\"400\" height=\"193\" border=\"0\" data-original-height=\"256\" data-original-width=\"525\" \/><\/a><\/td>\n<\/tr>\n<tr>\n<td class=\"tr-caption\">Haza\u00f1a de Hern\u00e1n P\u00e9rez del Pulgar.\u00a0<\/td>\n<\/tr>\n<\/tbody>\n<\/table>\n<div align=\"JUSTIFY\">Al d\u00eda siguiente el moro Tarfe, se presenta a plena luz del d\u00eda ante el real de Santa Fe y reta al Rey Fernando para que escoja a su mejor caballero para un duelo cuerpo a cuerpo. Trae consigo el pergamino con el \u201cAve Mar\u00eda\u201d. Garcilaso de la Vega, pide permiso al Rey para tal afrenta, pero el Rey no le da permiso, pese a ello, Garcilaso sale al encuentro del Moro Tarfe venciendolo en combate singular, mostrando la cabeza del moro a todos los Cristianos. Los Reyes le conceden por armas el AVE MAR\u00cdA, y el titulo de la Vega.<\/div>\n<table class=\"tr-caption-container\" cellspacing=\"0\" cellpadding=\"0\" align=\"center\">\n<tbody>\n<tr>\n<td><a href=\"https:\/\/i0.wp.com\/blogger.googleusercontent.com\/img\/b\/R29vZ2xl\/AVvXsEiB5J_x6R4hhX3qtwd-3BlKoU6EMz_7VS7hoFB1wocxxssh7cVgW6T2VwpfQaifDJYqksTdZKzw46tEWtRGhch5eBVHyqniDbiM98T7cfxp__Oem03snLyWKCwKrEmRcCcSYhccsD5Nrkg\/s1600\/40-Vi%25C3%25B1eta-III-Lance-entre-el-Moro-Tarfe-y-Garcilaso-de-la-Vega-768x384.jpg?ssl=1\"><img data-recalc-dims=\"1\" loading=\"lazy\" decoding=\"async\" src=\"https:\/\/i0.wp.com\/blogger.googleusercontent.com\/img\/b\/R29vZ2xl\/AVvXsEiB5J_x6R4hhX3qtwd-3BlKoU6EMz_7VS7hoFB1wocxxssh7cVgW6T2VwpfQaifDJYqksTdZKzw46tEWtRGhch5eBVHyqniDbiM98T7cfxp__Oem03snLyWKCwKrEmRcCcSYhccsD5Nrkg\/s400\/40-Vi%25C3%25B1eta-III-Lance-entre-el-Moro-Tarfe-y-Garcilaso-de-la-Vega-768x384.jpg?resize=400%2C200&#038;ssl=1\" width=\"400\" height=\"200\" border=\"0\" data-original-height=\"384\" data-original-width=\"768\" \/><\/a><\/td>\n<\/tr>\n<tr>\n<td class=\"tr-caption\">Vi\u00f1eta del triunfo de Garcilaso sobre el Moro Tarfe.\u00a0<\/td>\n<\/tr>\n<\/tbody>\n<\/table>\n<div class=\"separator\">\u00a0<\/div>\n<div align=\"JUSTIFY\">Pero este acontecimiento pr\u00e1cticamente podr\u00edamos decir que es pura Leyenda y que no ocurri\u00f3 verdaderamente tal y como se relat\u00f3. No obstante y si nos fijamos en las fuentes escritas son varias las veces en las que se recoge este hecho entre ellas la que nosotros traemos a continuaci\u00f3n el relato Gin\u00e9s P\u00e9rez de Hita \u201cHistoria de los bandos de Zegr\u00edes y Abencerrajes\u201d del a\u00f1o 1595 en el que encontramos el siguiente romance:<\/div>\n<div align=\"JUSTIFY\">\u00a0<\/div>\n<div align=\"CENTER\">Cercada est\u00e1 Santa Fe<\/div>\n<div align=\"CENTER\">con mucho lienzo encerado,<\/div>\n<div align=\"CENTER\">al derredor muchas tiendas<\/div>\n<div align=\"CENTER\">de seda, oro y brocado,<\/div>\n<div align=\"CENTER\">Donde est\u00e1n duques y condes<\/div>\n<div align=\"CENTER\">se\u00f1ores de grande estado,<\/div>\n<div align=\"CENTER\">Y otros muchos capitanes<\/div>\n<div align=\"CENTER\">que lleva el rey don Fernando,<\/div>\n<div align=\"CENTER\">Todos de valor crecido<\/div>\n<div align=\"CENTER\">como ya lo habr\u00e9is notado,<\/div>\n<div align=\"CENTER\">en la guerra que se ha hecho<\/div>\n<div align=\"CENTER\">en el granadino estado,<\/div>\n<div align=\"CENTER\">Cuando a las nueve del d\u00eda<\/div>\n<div align=\"CENTER\">un moro se ha demostrado<\/div>\n<div align=\"CENTER\">Encima un caballo negro<\/div>\n<div align=\"CENTER\">de blancas manchas manchado,<\/div>\n<div align=\"CENTER\">Cortados ambos hocicos,<\/div>\n<div align=\"CENTER\">porque lo tiene ense\u00f1ado<\/div>\n<div align=\"CENTER\">El moro, que con sus dientes<\/div>\n<div align=\"CENTER\">despedace a los cristianos.<\/div>\n<div align=\"CENTER\">El moro viene vestido<\/div>\n<div align=\"CENTER\">de blanco, azul y encarnado,<\/div>\n<div align=\"CENTER\">Y debajo esta librea<\/div>\n<div align=\"CENTER\">trae un muy fuerte jaco,<\/div>\n<div align=\"CENTER\">Y una lanza con dos hierros<\/div>\n<div align=\"CENTER\">de acero muy bien templado,<\/div>\n<div align=\"CENTER\">Y una lanza con dos hierros<\/div>\n<div align=\"CENTER\">de acero muy bien templado,<\/div>\n<div align=\"CENTER\">Y una adarga hecha en Fez,<\/div>\n<div align=\"CENTER\">de un ante rico estimado.<\/div>\n<div align=\"CENTER\">Aqueste perro, con befa,<\/div>\n<div align=\"CENTER\">en la cola del caballo,<\/div>\n<div align=\"CENTER\">La sagrada Ave Mar\u00eda<\/div>\n<div align=\"CENTER\">llevaba, haciendo escarnio.<\/div>\n<div align=\"CENTER\">Llegando junto a las tiendas,<\/div>\n<div align=\"CENTER\">de esta manera ha hablado:<\/div>\n<div align=\"CENTER\">-\u00bfCual ser\u00e1 aquel caballero<\/div>\n<div align=\"CENTER\">que sea tan esforzado,<\/div>\n<div align=\"CENTER\">Que quiera hacer conmigo<\/div>\n<div align=\"CENTER\">batalla en aqueste campo?<\/div>\n<div align=\"CENTER\">Salga uno, salgan dos,<\/div>\n<div align=\"CENTER\">salgan tres o salgan cuatro;<\/div>\n<div align=\"CENTER\">El alcaide de Donceles<\/div>\n<div align=\"CENTER\">salga, que es hombre afamado;<\/div>\n<div align=\"CENTER\">Salga ese conde de Cabra,<\/div>\n<div align=\"CENTER\">en guerra experimentado;<\/div>\n<div align=\"CENTER\">Salga Gonzalo Fern\u00e1ndez,<\/div>\n<div align=\"CENTER\">que es de C\u00f3rdoba nombrado,<\/div>\n<div align=\"CENTER\">O si no, Mart\u00edn Galindo,<\/div>\n<div align=\"CENTER\">que es valeroso soldado;<\/div>\n<div align=\"CENTER\">Salga ese Portocarrero,<\/div>\n<div align=\"CENTER\">se\u00f1or de Palma nombrado,<\/div>\n<div align=\"CENTER\">O el bravo don Manuel<\/div>\n<div align=\"CENTER\">Ponce de Le\u00f3n llamado;<\/div>\n<div align=\"CENTER\">Aquel que sacara el guante<\/div>\n<div align=\"CENTER\">que por industria fue echado<\/div>\n<div align=\"CENTER\">Donde estaban los leones,<\/div>\n<div align=\"CENTER\">y \u00e9l le sac\u00f3 muy osado.<\/div>\n<div align=\"CENTER\">Y si no salen aqu\u00e9stos,<\/div>\n<div align=\"CENTER\">salga el mismo rey Fernando,<\/div>\n<div align=\"CENTER\">Que yo le dar\u00e9 a entender<\/div>\n<div align=\"CENTER\">si soy de valor sobrado,<\/div>\n<div align=\"CENTER\">Los caballeros del Rey,<\/div>\n<div align=\"CENTER\">todos le est\u00e1n escuchando;<\/div>\n<div align=\"CENTER\">Cada uno pretend\u00eda salir<\/div>\n<div align=\"CENTER\">con el moro al campo.<\/div>\n<div align=\"CENTER\">Garcilaso estaba all\u00ed,<\/div>\n<div align=\"CENTER\">mozo gallardo, esforzado;<\/div>\n<div align=\"CENTER\">Licencia le pide al Rey<\/div>\n<div align=\"CENTER\">para salir al pagano.<\/div>\n<div align=\"CENTER\">-Garcilaso, sois muy mozo<\/div>\n<div align=\"CENTER\">para emprende este caso,<\/div>\n<div align=\"CENTER\">Otros hay en el real<\/div>\n<div align=\"CENTER\">para poder encargarlo.<\/div>\n<div align=\"CENTER\">Garcilaso se despide<\/div>\n<div align=\"CENTER\">muy confuso y enojado,<\/div>\n<div align=\"CENTER\">Por no tener la licencia<\/div>\n<div align=\"CENTER\">que el Rey hab\u00eda demandado.<\/div>\n<div align=\"CENTER\">Pero muy secretamente<\/div>\n<div align=\"CENTER\">Garcilaso se hab\u00eda armado,<\/div>\n<div align=\"CENTER\">Y en un caballo morcillo,<\/div>\n<div align=\"CENTER\">salido se hab\u00eda al campo.<\/div>\n<div align=\"CENTER\">Nadie le ha conocido,<\/div>\n<div align=\"CENTER\">porque sale disfrazado;<\/div>\n<div align=\"CENTER\">Fu\u00e9se donde estaba el moro,<\/div>\n<div align=\"CENTER\">y de esta suerte le ha hablado:<\/div>\n<div align=\"CENTER\">-\u00a1Ahora ver\u00e1s, el moro<\/div>\n<div align=\"CENTER\">si tiene el rey don Fernando<\/div>\n<div align=\"CENTER\">Caballeros valerosos<\/div>\n<div align=\"CENTER\">que salgan contigo al campo\u00a1<\/div>\n<div align=\"CENTER\">Yo soy el menor de todos,<\/div>\n<div align=\"CENTER\">y vengo por su mandado.<\/div>\n<div align=\"CENTER\">El moro, cuando le vi\u00f3,<\/div>\n<div align=\"CENTER\">en poco le hab\u00eda estimado,<\/div>\n<div align=\"CENTER\">Y dijole de esta suerte:<\/div>\n<div align=\"CENTER\">Yo no estoy acostumbrado<\/div>\n<div align=\"CENTER\">A hacer batalla campal<\/div>\n<div align=\"CENTER\">sino con hombres barbados:<\/div>\n<div align=\"CENTER\">Vu\u00e9lvete, rapaz, le dice,<\/div>\n<div align=\"CENTER\">y venga el m\u00e1s estimado.<\/div>\n<div align=\"CENTER\">Garcilaso, con enojo,<\/div>\n<div align=\"CENTER\">puso piernas al caballo;<\/div>\n<div align=\"CENTER\">Arremeti\u00f3 para el moro,<\/div>\n<div align=\"CENTER\">y un gran encuentro le ha dado.<\/div>\n<div align=\"CENTER\">El moro, que aquesto vi\u00f3,<\/div>\n<div align=\"CENTER\">revuelve as\u00ed como un rayo.<\/div>\n<div align=\"CENTER\">Comienzan la escaramuza<\/div>\n<div align=\"CENTER\">con un furor muy sobrado;<\/div>\n<div align=\"CENTER\">Garcilaso, aunque era mozo,<\/div>\n<div align=\"CENTER\">mostraba valor sobrado;<\/div>\n<div align=\"CENTER\">Di\u00f3le al moro una lanzada<\/div>\n<div align=\"CENTER\">por debajo del sobaco;<\/div>\n<div align=\"CENTER\">El moro cayera muerto,<\/div>\n<div align=\"CENTER\">tendido le hab\u00eda en el campo<\/div>\n<div align=\"CENTER\">Garcilaso con presteza,<\/div>\n<div align=\"CENTER\">del caballo se ha apeado;<\/div>\n<div align=\"CENTER\">Cort\u00e1rale la cabeza<\/div>\n<div align=\"CENTER\">y en el arz\u00f3n la ha colgado;<\/div>\n<div align=\"CENTER\">Quit\u00f3 el Ave Mar\u00eda<\/div>\n<div align=\"CENTER\">de la cola del caballo.<\/div>\n<div align=\"CENTER\">Hincado de ambas rodillas,<\/div>\n<div align=\"CENTER\">con devoci\u00f3n la ha besado,<\/div>\n<div align=\"CENTER\">Y en la punta de su lanza,<\/div>\n<div align=\"CENTER\">por bandera la ha colgado.<\/div>\n<div align=\"CENTER\">Subi\u00f3 en su caballo luego,<\/div>\n<div align=\"CENTER\">y el del moro hab\u00eda tomado.<\/div>\n<div align=\"CENTER\">Cargado de estos despojos,<\/div>\n<div align=\"CENTER\">al real se hab\u00eda tornado,<\/div>\n<div align=\"CENTER\">Do estaban todos los grandes,<\/div>\n<div align=\"CENTER\">tambi\u00e9n el rey don Fernando.<\/div>\n<div align=\"CENTER\">Todos tienen a grandeza<\/div>\n<div align=\"CENTER\">aquel hecho se\u00f1alado.<\/div>\n<div align=\"CENTER\">En ser Garcilaso mozo<\/div>\n<div align=\"CENTER\">y haber hecho un tan gran caso.<\/div>\n<div align=\"CENTER\">Garcilaso de la Vega,<\/div>\n<div align=\"CENTER\">desde all\u00ed se ha intitulado,<\/div>\n<div align=\"CENTER\">Porque en la Vega hiciera<\/div>\n<div align=\"CENTER\">campo con aquel pagano.<\/div>\n<div align=\"CENTER\">\u00a0<\/div>\n<table class=\"tr-caption-container\" cellspacing=\"0\" cellpadding=\"0\" align=\"center\">\n<tbody>\n<tr>\n<td><a href=\"https:\/\/i0.wp.com\/blogger.googleusercontent.com\/img\/b\/R29vZ2xl\/AVvXsEjoekYkiBCEkqyeTQWAHvCZyVAcEp-bRzTHN3pCFRvfVB719qlPginezbbxtwYkCVm8mLSK9Ejwju0hA6UzRD5mtKauRETqQaJvL-86MgvhxdKVlNZkonpE6Uxa1C8h5S32mR6bAbuAEcc\/s1600\/205731718_1.jpg?ssl=1\"><img data-recalc-dims=\"1\" loading=\"lazy\" decoding=\"async\" src=\"https:\/\/i0.wp.com\/blogger.googleusercontent.com\/img\/b\/R29vZ2xl\/AVvXsEjoekYkiBCEkqyeTQWAHvCZyVAcEp-bRzTHN3pCFRvfVB719qlPginezbbxtwYkCVm8mLSK9Ejwju0hA6UzRD5mtKauRETqQaJvL-86MgvhxdKVlNZkonpE6Uxa1C8h5S32mR6bAbuAEcc\/s400\/205731718_1.jpg?resize=315%2C400&#038;ssl=1\" width=\"315\" height=\"400\" border=\"0\" data-original-height=\"640\" data-original-width=\"504\" \/><\/a><\/td>\n<\/tr>\n<tr>\n<td class=\"tr-caption\">Libro de la colecci\u00f3n archivum de la ugr sobre la Historia<br \/>\nde los bandos de Zegr\u00edes y Abencerrajes de Gin\u00e9s P\u00e9rez de Hita.<\/td>\n<\/tr>\n<\/tbody>\n<\/table>\n<div align=\"JUSTIFY\">\u00a0<\/div>\n<div align=\"JUSTIFY\">Tambi\u00e9n y entre los a\u00f1os 1579 y 1583 Lope de Vega, escribir\u00eda su obra Los hechos de Garcilaso de la Vega y el Moro Tarfe una de las primeras comedias del c\u00e9lebre escritor. Esta comedia est\u00e1 dividida en cuatro jornadas con dos claras partes, una dedicada a los amor\u00edos del Moro Tarfe, y la segunda que se centra en el enfrentamiento entre el Moro y Garcilaso de la Vega, y la conquista de Granada.<\/div>\n<div align=\"JUSTIFY\">Hablamos de un Lope de Vega en plena juventud, y que pudo recoger esta leyenda de la obra \u201cCercada est\u00e1 Santa Fe\u201d de Lucas Rodr\u00edguez.<\/div>\n<div align=\"JUSTIFY\">\u00a0<\/div>\n<table class=\"tr-caption-container\" cellspacing=\"0\" cellpadding=\"0\" align=\"center\">\n<tbody>\n<tr>\n<td><a href=\"https:\/\/i0.wp.com\/blogger.googleusercontent.com\/img\/b\/R29vZ2xl\/AVvXsEg08YdhWqJPymk9OfjeUTht7_61HC8ndvYmQGcd9mTtT-pBJm158Eu_1PFs89kkvkmFrbMquIHjP_TnW_lM6DSjs-Aj-1daobGCFTpqe_dR-IW3OBrKMSs7taOMGfZoaPPko5_z6_dNoBI\/s1600\/Vega_comediaV.jpg?ssl=1\"><img data-recalc-dims=\"1\" loading=\"lazy\" decoding=\"async\" src=\"https:\/\/i0.wp.com\/blogger.googleusercontent.com\/img\/b\/R29vZ2xl\/AVvXsEg08YdhWqJPymk9OfjeUTht7_61HC8ndvYmQGcd9mTtT-pBJm158Eu_1PFs89kkvkmFrbMquIHjP_TnW_lM6DSjs-Aj-1daobGCFTpqe_dR-IW3OBrKMSs7taOMGfZoaPPko5_z6_dNoBI\/s400\/Vega_comediaV.jpg?resize=400%2C400&#038;ssl=1\" width=\"400\" height=\"400\" border=\"0\" data-original-height=\"700\" data-original-width=\"700\" \/><\/a><\/td>\n<\/tr>\n<tr>\n<td class=\"tr-caption\">Comedias de Lope de Vega.\u00a0<\/td>\n<\/tr>\n<\/tbody>\n<\/table>\n<div align=\"JUSTIFY\">Otra de las cuestiones que debemos de poner en claro en esta Leyenda o hechos es que el Garcilaso de la Vega al que nos referimos no es el c\u00e9lebre poeta, pues el mismo naci\u00f3 aproximadamente entre los a\u00f1os 1491-1503 por lo que en el momento en los que ocurrieron estos hechos no tendr\u00eda m\u00e1s de un a\u00f1o en el mejor de los casos.<\/div>\n<div align=\"JUSTIFY\">\u00a0<\/div>\n<table class=\"tr-caption-container\" cellspacing=\"0\" cellpadding=\"0\" align=\"center\">\n<tbody>\n<tr>\n<td><a href=\"https:\/\/i0.wp.com\/blogger.googleusercontent.com\/img\/b\/R29vZ2xl\/AVvXsEhV7KGOgFXtJ_npd-qf_YyY2_R75-1R2tJ5FW-eqmNXFUOxsUKkoRqhJTo30RRVtWHAwoFhr-0Nrxadkkm3pCN_-ZoABR3RD4sxKwI8OzXoTcRZm5JjfcDErzHnNtiMsi56aZSDn0lvirM\/s1600\/c-gar_0.jpg?ssl=1\"><img data-recalc-dims=\"1\" loading=\"lazy\" decoding=\"async\" class=\"alignleft\" src=\"https:\/\/i0.wp.com\/blogger.googleusercontent.com\/img\/b\/R29vZ2xl\/AVvXsEhV7KGOgFXtJ_npd-qf_YyY2_R75-1R2tJ5FW-eqmNXFUOxsUKkoRqhJTo30RRVtWHAwoFhr-0Nrxadkkm3pCN_-ZoABR3RD4sxKwI8OzXoTcRZm5JjfcDErzHnNtiMsi56aZSDn0lvirM\/s400\/c-gar_0.jpg?resize=400%2C300&#038;ssl=1\" width=\"400\" height=\"300\" border=\"0\" data-original-height=\"300\" data-original-width=\"400\" \/><\/a><\/td>\n<\/tr>\n<tr>\n<td class=\"tr-caption\">Garcilaso de la Vega (Poeta).\u00a0<\/td>\n<\/tr>\n<\/tbody>\n<\/table>\n<div align=\"JUSTIFY\">Pero llegados a este punto, pongamos orden en esta Leyenda, en primer lugar Hern\u00e1n P\u00e9rez del Pulgar no clav\u00f3 el pu\u00f1al en la mezquita de Granada en venganza por la intromisi\u00f3n del moro Tarfe en el campamento de Santa Fe, sino tal y como se relatan en las Haza\u00f1as de P\u00e9rez del Pulgar estaba en Alhama al tiempo de la conquista de esta villa. Hechos que ocurrieron mucho antes de que se levantara el campamento de Santa Fe y de que llegaran los Reyes Cat\u00f3licos a las puertas de Granada.<\/div>\n<div align=\"JUSTIFY\">\u00a0<\/div>\n<div align=\"JUSTIFY\">En la Cr\u00f3nica de Alonso XI, encontramos lo siguiente:<\/div>\n<div align=\"JUSTIFY\">\u00a0<\/div>\n<div align=\"JUSTIFY\">\u201cGarcilaso de la Vega<\/div>\n<div align=\"JUSTIFY\">desde all\u00ed se ha intitulado,<\/div>\n<div align=\"JUSTIFY\">por que en la vega hiciera<\/div>\n<div align=\"JUSTIFY\">campo con aquel pagano\u201d.<\/div>\n<div align=\"JUSTIFY\">\u00a0<\/div>\n<div align=\"JUSTIFY\">Por lo tanto tenemos ya un encuentro de un tal Garcilaso de la Vega con un moro muchos a\u00f1os atr\u00e1s antes de la reconquista de Granada.<\/div>\n<div align=\"JUSTIFY\">\u00a0<\/div>\n<div align=\"JUSTIFY\">Asimismo Argote de Molina en su obra \u201cNobleza de Andaluc\u00eda\u201d libro II cap\u00edtulo 83 dice lo siguiente:<\/div>\n<div align=\"JUSTIFY\">\u00a0<\/div>\n<div align=\"JUSTIFY\">\u201cse\u00f1alose en esta batalla, que tuvo lugar el lunes 28 de Octubre de 1340. Garci Laso de la Vega, Mayordomo mayor de Don Fadrique, hijo del Rey, y Merino mayor de Castilla, \u00e1 quien, como se lee en la Cr\u00f3nica, en el cap\u00edtulo 254, se di\u00f3 la vanguardia en la batalla. El cual, y su hermano Gonzalo Ruiz de la Vega 2 , Mayordomo mayor de Don Fernando, hijo del Rey, fueron los que con los pendones de sus se\u00f1ores pasaron la puente del Salado contra los enemigos, con ochocientos de \u00e1 caballo, siendo los moros dos mil y quinientos, y acometi\u00e9ndolos bravosamente estuvieron firmes en la pelea hasta que fueron socorridos, \u00e1 tiempo que Garcilaso estaba ya muy mal herido. El cual, llevando por divisas en su escudo las letras de Ave Mar\u00eda, se vi\u00f3 aquel d\u00eda lo mucho que vale tener abogada a la Reina de los cielos; Porque siendo la flor de los caballeros africanos los que con Garcilaso pelearon fue cosa de admiraci\u00f3n salir en salvo de tan gran conflicto. Cuyo victorioso pav\u00e9s qued\u00f3 por escudo v trofeo de su casa y descendientes.\u201d. De esta casa sale el escudo de armas del Duque del Infantado y mezclando las armas de los Mendoza con las de este caballero sale el escudo con banda verde y perfiles de oro en campo rojo con las letras \u201cAVE MARIA\u201d.<\/div>\n<div align=\"JUSTIFY\">\u00a0<\/div>\n<table class=\"tr-caption-container\" cellspacing=\"0\" cellpadding=\"0\" align=\"center\">\n<tbody>\n<tr>\n<td><a href=\"https:\/\/i0.wp.com\/blogger.googleusercontent.com\/img\/b\/R29vZ2xl\/AVvXsEhhJe33CJON5IBPqFokF67fILKXfYmgxLo8vgK6kG1eg14jy8k3dgPXCGl6I0WJsJf_M4Mo_p4vHtRsNbDCFNWtmUpmkBba2h-iapsdYrMxhjn5fdAUJyvOSIBii8wDwXwl4NMcg3GdRoE\/s1600\/240px-COA_Marquis_of_Santillana.svg.png?ssl=1\"><img data-recalc-dims=\"1\" loading=\"lazy\" decoding=\"async\" src=\"https:\/\/i0.wp.com\/blogger.googleusercontent.com\/img\/b\/R29vZ2xl\/AVvXsEhhJe33CJON5IBPqFokF67fILKXfYmgxLo8vgK6kG1eg14jy8k3dgPXCGl6I0WJsJf_M4Mo_p4vHtRsNbDCFNWtmUpmkBba2h-iapsdYrMxhjn5fdAUJyvOSIBii8wDwXwl4NMcg3GdRoE\/s400\/240px-COA_Marquis_of_Santillana.svg.png?resize=313%2C400&#038;ssl=1\" width=\"313\" height=\"400\" border=\"0\" data-original-height=\"306\" data-original-width=\"240\" \/><\/a><\/td>\n<\/tr>\n<tr>\n<td class=\"tr-caption\">Escudo de la Casa Mendoza con el lema \u00abAVE MAR\u00cdA\u00bb<\/td>\n<\/tr>\n<\/tbody>\n<\/table>\n<div align=\"JUSTIFY\">Adem\u00e1s todo apunta a que este Garci Laso era hijo de D. Pedro Laso de la Vega muerto en el 1278 y padre de otro Garcilaso de la Vega que muri\u00f3 en la batalla de N\u00e1jera en 1367. Es decir que todo aquello que dice que el Rey le otorg\u00f3 el honor de llamarse de la Vega, es mentira, pues ya exist\u00edan los Lasos de la Vega dos siglos antes del cerco a Granada.<\/div>\n<div align=\"JUSTIFY\">\u00a0<\/div>\n<table class=\"tr-caption-container\" cellspacing=\"0\" cellpadding=\"0\" align=\"center\">\n<tbody>\n<tr>\n<td><a href=\"https:\/\/i0.wp.com\/blogger.googleusercontent.com\/img\/b\/R29vZ2xl\/AVvXsEii3dhe6N6VZMlCvYhilG1FYR2zpKTtQ_qOUMUlDfMMp-YeCOB_c_QIchyS8XieL3Zx0c-RpcIy3srYYC482mieIqxG7SGgFqgzisoIg85U5Aq44RBMG7OcUehAGrLeNfIAMJf6FDCkRz4\/s1600\/Batalla-de-Salado.png?ssl=1\"><img data-recalc-dims=\"1\" loading=\"lazy\" decoding=\"async\" src=\"https:\/\/i0.wp.com\/blogger.googleusercontent.com\/img\/b\/R29vZ2xl\/AVvXsEii3dhe6N6VZMlCvYhilG1FYR2zpKTtQ_qOUMUlDfMMp-YeCOB_c_QIchyS8XieL3Zx0c-RpcIy3srYYC482mieIqxG7SGgFqgzisoIg85U5Aq44RBMG7OcUehAGrLeNfIAMJf6FDCkRz4\/s400\/Batalla-de-Salado.png?resize=400%2C311&#038;ssl=1\" width=\"400\" height=\"311\" border=\"0\" data-original-height=\"619\" data-original-width=\"795\" \/><\/a><\/td>\n<\/tr>\n<tr>\n<td class=\"tr-caption\">Batalla de Salado en el a\u00f1o 1340<\/td>\n<\/tr>\n<\/tbody>\n<\/table>\n<div align=\"JUSTIFY\">S\u00ed podemos hablar de varios Garcilasos de la Vega que concurrieron al cerco de Granada, uno de ellos estuvo en el sitio de V\u00e9lez y protegi\u00f3 al Rey del ataque de los moros y que tambi\u00e9n acudi\u00f3 al cerco de M\u00e1laga.<\/div>\n<div align=\"JUSTIFY\">\u00a0<\/div>\n<div align=\"JUSTIFY\">En resumen todo lo contado no es m\u00e1s que una f\u00e1bula y una bella leyenda que no tuvo lugar, tal y como nos ha llegado a nuestros d\u00edas, aunque personajes y acontecimientos s\u00ed ocurridos han sido hilados y entrelazados para crear otra \u00e9pica haza\u00f1a de la reconquista del Reino de Granada.<\/div>\n<div align=\"JUSTIFY\">\u00a0<\/div>\n<table class=\"tr-caption-container\" cellspacing=\"0\" cellpadding=\"0\" align=\"center\">\n<tbody>\n<tr>\n<td><a href=\"https:\/\/i0.wp.com\/blogger.googleusercontent.com\/img\/b\/R29vZ2xl\/AVvXsEgqozO21P2DCj2bW9D3IebOwNKMOhBffgpDz6mpf74CBU6MltIobOc65VKPStyL8v_7PNMVBACWpNYBc5EY1Xqfy52Ys9GWbkwNcDWDgNDDvBhc7FuxxVG2YJTdvEcSRdDP_SlXPJ1dSG0\/s1600\/Battle_najera_froissart.jpg?ssl=1\"><img data-recalc-dims=\"1\" loading=\"lazy\" decoding=\"async\" src=\"https:\/\/i0.wp.com\/blogger.googleusercontent.com\/img\/b\/R29vZ2xl\/AVvXsEgqozO21P2DCj2bW9D3IebOwNKMOhBffgpDz6mpf74CBU6MltIobOc65VKPStyL8v_7PNMVBACWpNYBc5EY1Xqfy52Ys9GWbkwNcDWDgNDDvBhc7FuxxVG2YJTdvEcSRdDP_SlXPJ1dSG0\/s400\/Battle_najera_froissart.jpg?resize=400%2C356&#038;ssl=1\" width=\"400\" height=\"356\" border=\"0\" data-original-height=\"1426\" data-original-width=\"1600\" \/><\/a><\/td>\n<\/tr>\n<tr>\n<td class=\"tr-caption\">Batalla de N\u00e1jera en 1367. Fuente Wikipedia.\u00a0<\/td>\n<\/tr>\n<\/tbody>\n<\/table>\n<div align=\"JUSTIFY\">\u00a0<\/div>\n<div align=\"JUSTIFY\"><strong>BIBLIOGRAF\u00cdA USADA:<\/strong><\/div>\n<div align=\"JUSTIFY\">\u00a0<\/div>\n<div align=\"JUSTIFY\">La Toma de Granada. Joaqu\u00edn Dur\u00e1n y Lenchurdi.<\/div>\n<div align=\"JUSTIFY\">Los Hechos de Garcilaso de la Vega y el Moro Tarfe. Lope de Vega.<\/div>\n<div align=\"JUSTIFY\">Historia de los Bandos de Zegr\u00edes y Abencerrajes. Gin\u00e9s P\u00e9rez Hita.<\/div>\n<div align=\"JUSTIFY\">Biblioteca Virtual Men\u00e9dez Pelayo. w<a href=\"http:\/\/www.larramendi.es\/\">ww.larramendi.es<\/a> LXVIII.<\/div>\n<div align=\"JUSTIFY\">w<a href=\"http:\/\/www.santafedigital.es\/\">ww.Santafedigital.es<\/a><\/div>\n<div align=\"JUSTIFY\">\u00a0<\/div>\n<h3 class=\"post-footer-line post-footer-line-1\"><span class=\"post-author vcard\">Publicado por <span class=\"fn\"> <a class=\"g-profile\" title=\"author profile\" href=\"https:\/\/www.blogger.com\/profile\/06011064602068746223\" rel=\"author\"> Fco. Javier Hern\u00e1ndez <\/a> <\/span> <\/span><\/h3>\n<p>https:\/\/lugaresdegranada.blogspot.com\/search\/label\/Moro%20Tarfe<\/p>\n<\/div>\n","protected":false},"excerpt":{"rendered":"<p>\u00a0Vamos a rememorar la conocida leyenda del Moro Tarfe y Garcilaso de la Vega. Leyenda&#8230;<\/p>\n","protected":false},"author":1,"featured_media":81664,"comment_status":"closed","ping_status":"closed","sticky":false,"template":"","format":"standard","meta":{"_coblocks_attr":"","_coblocks_dimensions":"","_coblocks_responsive_height":"","_coblocks_accordion_ie_support":"","jetpack_post_was_ever_published":false,"_jetpack_newsletter_access":"","_jetpack_dont_email_post_to_subs":false,"_jetpack_newsletter_tier_id":0,"_jetpack_memberships_contains_paywalled_content":false,"_jetpack_memberships_contains_paid_content":false,"footnotes":"","jetpack_publicize_message":"","jetpack_publicize_feature_enabled":true,"jetpack_social_post_already_shared":true,"jetpack_social_options":{"image_generator_settings":{"template":"highway","default_image_id":0,"enabled":false},"version":2}},"categories":[2,1225,44],"tags":[],"class_list":["post-81663","post","type-post","status-publish","format-standard","has-post-thumbnail","hentry","category-atarfe","category-ha-de-atarfe","category-noticias-de-hoy"],"jetpack_publicize_connections":[],"jetpack_featured_media_url":"https:\/\/i0.wp.com\/miradordeatarfe.es\/wp-content\/uploads\/2026\/01\/06122015-DSC_0664.jpg?fit=400%2C266&ssl=1","jetpack_likes_enabled":true,"jetpack_sharing_enabled":true,"_links":{"self":[{"href":"https:\/\/miradordeatarfe.es\/index.php?rest_route=\/wp\/v2\/posts\/81663","targetHints":{"allow":["GET"]}}],"collection":[{"href":"https:\/\/miradordeatarfe.es\/index.php?rest_route=\/wp\/v2\/posts"}],"about":[{"href":"https:\/\/miradordeatarfe.es\/index.php?rest_route=\/wp\/v2\/types\/post"}],"author":[{"embeddable":true,"href":"https:\/\/miradordeatarfe.es\/index.php?rest_route=\/wp\/v2\/users\/1"}],"replies":[{"embeddable":true,"href":"https:\/\/miradordeatarfe.es\/index.php?rest_route=%2Fwp%2Fv2%2Fcomments&post=81663"}],"version-history":[{"count":1,"href":"https:\/\/miradordeatarfe.es\/index.php?rest_route=\/wp\/v2\/posts\/81663\/revisions"}],"predecessor-version":[{"id":81665,"href":"https:\/\/miradordeatarfe.es\/index.php?rest_route=\/wp\/v2\/posts\/81663\/revisions\/81665"}],"wp:featuredmedia":[{"embeddable":true,"href":"https:\/\/miradordeatarfe.es\/index.php?rest_route=\/wp\/v2\/media\/81664"}],"wp:attachment":[{"href":"https:\/\/miradordeatarfe.es\/index.php?rest_route=%2Fwp%2Fv2%2Fmedia&parent=81663"}],"wp:term":[{"taxonomy":"category","embeddable":true,"href":"https:\/\/miradordeatarfe.es\/index.php?rest_route=%2Fwp%2Fv2%2Fcategories&post=81663"},{"taxonomy":"post_tag","embeddable":true,"href":"https:\/\/miradordeatarfe.es\/index.php?rest_route=%2Fwp%2Fv2%2Ftags&post=81663"}],"curies":[{"name":"wp","href":"https:\/\/api.w.org\/{rel}","templated":true}]}}