{"id":81678,"date":"2026-01-29T10:29:09","date_gmt":"2026-01-29T09:29:09","guid":{"rendered":"https:\/\/miradordeatarfe.es\/?p=81678"},"modified":"2026-01-28T11:39:58","modified_gmt":"2026-01-28T10:39:58","slug":"el-olvido-es-otra-forma-de-maltrato-por-juan-de-dios-villanueva-roa","status":"publish","type":"post","link":"https:\/\/miradordeatarfe.es\/?p=81678","title":{"rendered":"\u00abEl olvido es otra forma de maltrato\u00bb por Juan de Dios Villanueva Roa"},"content":{"rendered":"<h3>La sede de la UGT de Granada recoge desde ma\u00f1ana una exposici\u00f3n bajo el t\u00edtulo dado a esta columna.<\/h3>\n<p>Referido a mujeres represaliadas conectadas \u00edntimamente <span class=\"paywall pw-open\">con nuestra provincia y que precisan ser recuperadas para la historia que nos ha tra\u00eddo hasta aqu\u00ed. Nadie es lo que es por s\u00ed mismo en esa exclusividad que algunos se otorgan.<\/span><\/p>\n<p><span class=\"paywall pw-open\"> La sociedad y su historia conforman el devenir de cada cual; y esa misma sociedad da y quita, con frecuencia injustamente, a la vez que conforma las bases de su futuro. Y nuestro futuro est\u00e1 tambi\u00e9n conformado por aquellas mujeres a las que la vida les fue robada, a las que el ultraje sobre su memoria conden\u00f3 al olvido durante d\u00e9cadas, y de quienes la mayor\u00eda no hemos o\u00eddo y muchos han intentado mantener enterradas en las fosas del descr\u00e9dito, desaliento y marginaci\u00f3n. <\/span><\/p>\n<p><span class=\"paywall pw-open\">Durante casi cuarenta d\u00edas se tendr\u00e1 la posibilidad de acercarse hasta las figuras de Blanca Lozano, Elo\u00edsa Mart\u00edn, Trinidad Capelli, Concepci\u00f3n y Gracia Peinado Ruiz, Laura Ballesteros, Remedios Heredia, Concepci\u00f3n Moreno, Mercedes Romero, Angustias Ruiz, Filomena Santoyo, Trinidad Guijarro, Teresa y Elena G\u00f3mez Ju\u00e1rez, Estela Comba y Concepci\u00f3n Salvatierra. <\/span><\/p>\n<p><span class=\"paywall pw-open\">Conoci\u00e9ndolas comprenderemos mejor nuestra historia, los porqu\u00e9s del pasado y algunas de las incongruencias del presente que no deber\u00edan proyectarse m\u00e1s hacia el futuro. No fueron mujeres renombradas (casi ninguna mujer lo es), y se impidi\u00f3 llegar hasta la verdad de sus finales. Naturales de Castell, Lanjar\u00f3n, La Mal\u00e1, Granada, Maracena, Hu\u00e9neja, Guadix, El Fargue, Chimeneas\u2026, hijas del pueblo que fueron hundidas en el olvido porque era menester para aquellos que necesitaban empoderarse o simplemente justificarse a s\u00ed mismos lo que dejaban atr\u00e1s para garantizar su futuro. <\/span><\/p>\n<p><span class=\"paywall pw-open\">Es tiempo de seguir conociendo para construir un criterio propio desde nuestro pasado m\u00e1s pr\u00f3ximo.<\/span><\/p>\n<p><img data-recalc-dims=\"1\" loading=\"lazy\" decoding=\"async\" class=\"alignnone wp-image-81679 size-full\" src=\"https:\/\/i0.wp.com\/miradordeatarfe.es\/wp-content\/uploads\/2026\/01\/Captura20260124131331-1.png?resize=536%2C793&#038;ssl=1\" alt=\"\" width=\"536\" height=\"793\" srcset=\"https:\/\/i0.wp.com\/miradordeatarfe.es\/wp-content\/uploads\/2026\/01\/Captura20260124131331-1.png?w=536&amp;ssl=1 536w, https:\/\/i0.wp.com\/miradordeatarfe.es\/wp-content\/uploads\/2026\/01\/Captura20260124131331-1.png?resize=203%2C300&amp;ssl=1 203w\" sizes=\"auto, (max-width: 536px) 100vw, 536px\" \/><\/p>\n<p>&nbsp;<\/p>\n<p><strong>FOTO: HERMANAS G\u00d3MEZ JU\u00c1REZ<\/strong><\/p>\n","protected":false},"excerpt":{"rendered":"<p>La sede de la UGT de Granada recoge desde ma\u00f1ana una exposici\u00f3n bajo el t\u00edtulo&#8230;<\/p>\n","protected":false},"author":1,"featured_media":81681,"comment_status":"closed","ping_status":"closed","sticky":false,"template":"","format":"standard","meta":{"_coblocks_attr":"","_coblocks_dimensions":"","_coblocks_responsive_height":"","_coblocks_accordion_ie_support":"","jetpack_post_was_ever_published":false,"_jetpack_newsletter_access":"","_jetpack_dont_email_post_to_subs":false,"_jetpack_newsletter_tier_id":0,"_jetpack_memberships_contains_paywalled_content":false,"_jetpack_memberships_contains_paid_content":false,"footnotes":"","jetpack_publicize_message":"","jetpack_publicize_feature_enabled":true,"jetpack_social_post_already_shared":true,"jetpack_social_options":{"image_generator_settings":{"template":"highway","default_image_id":0,"enabled":false},"version":2}},"categories":[1161,10781,9772,44],"tags":[],"class_list":["post-81678","post","type-post","status-publish","format-standard","has-post-thumbnail","hentry","category-ciudadania","category-granada","category-opinion-de-juan-de-dios-villanueva","category-noticias-de-hoy"],"jetpack_publicize_connections":[],"jetpack_featured_media_url":"https:\/\/i0.wp.com\/miradordeatarfe.es\/wp-content\/uploads\/2026\/01\/hermanas.jpeg?fit=2026%2C1234&ssl=1","jetpack_likes_enabled":true,"jetpack_sharing_enabled":true,"_links":{"self":[{"href":"https:\/\/miradordeatarfe.es\/index.php?rest_route=\/wp\/v2\/posts\/81678","targetHints":{"allow":["GET"]}}],"collection":[{"href":"https:\/\/miradordeatarfe.es\/index.php?rest_route=\/wp\/v2\/posts"}],"about":[{"href":"https:\/\/miradordeatarfe.es\/index.php?rest_route=\/wp\/v2\/types\/post"}],"author":[{"embeddable":true,"href":"https:\/\/miradordeatarfe.es\/index.php?rest_route=\/wp\/v2\/users\/1"}],"replies":[{"embeddable":true,"href":"https:\/\/miradordeatarfe.es\/index.php?rest_route=%2Fwp%2Fv2%2Fcomments&post=81678"}],"version-history":[{"count":1,"href":"https:\/\/miradordeatarfe.es\/index.php?rest_route=\/wp\/v2\/posts\/81678\/revisions"}],"predecessor-version":[{"id":81682,"href":"https:\/\/miradordeatarfe.es\/index.php?rest_route=\/wp\/v2\/posts\/81678\/revisions\/81682"}],"wp:featuredmedia":[{"embeddable":true,"href":"https:\/\/miradordeatarfe.es\/index.php?rest_route=\/wp\/v2\/media\/81681"}],"wp:attachment":[{"href":"https:\/\/miradordeatarfe.es\/index.php?rest_route=%2Fwp%2Fv2%2Fmedia&parent=81678"}],"wp:term":[{"taxonomy":"category","embeddable":true,"href":"https:\/\/miradordeatarfe.es\/index.php?rest_route=%2Fwp%2Fv2%2Fcategories&post=81678"},{"taxonomy":"post_tag","embeddable":true,"href":"https:\/\/miradordeatarfe.es\/index.php?rest_route=%2Fwp%2Fv2%2Ftags&post=81678"}],"curies":[{"name":"wp","href":"https:\/\/api.w.org\/{rel}","templated":true}]}}