{"id":81684,"date":"2026-01-29T11:05:54","date_gmt":"2026-01-29T10:05:54","guid":{"rendered":"https:\/\/miradordeatarfe.es\/?p=81684"},"modified":"2026-01-29T13:12:35","modified_gmt":"2026-01-29T12:12:35","slug":"seat-vigilsa-cab-atarfe-suma-y-sigue-de-forma-imparable","status":"publish","type":"post","link":"https:\/\/miradordeatarfe.es\/?p=81684","title":{"rendered":"Seat Vigilsa CAB Atarfe suma y sigue, de forma imparable"},"content":{"rendered":"<h3>Suma y sigue! De forma imparable\u00a0\u00a0CD Hu\u00e9rcal de Almer\u00eda 62 \u2013 Seat Vigilsa CAB Atarfe 85<\/h3>\n<p>Imparable el conjunto atarfe\u00f1o. Salvo el tropiezo en Roquetas por apenas tres puntos, el Seat Vigilsa CAB Atarfe contin\u00faa firmando una temporada sobresaliente, contando el resto de sus encuentros por victorias.<\/p>\n<p>En esta ocasi\u00f3n, el escenario no era nada sencillo:<strong> Hu\u00e9rcal de Almer\u00eda no conoc\u00eda la derrota como local<\/strong> hasta que, el pasado s\u00e1bado, recibi\u00f3 la visita del l\u00edder.<\/p>\n<p>El CAB Atarfe mostr\u00f3 desde el salto inicial un partido muy serio, dominando el ritmo del encuentro tanto en defensa como en ataque. Con una defensa s\u00f3lida y un ataque bien organizado, el conjunto verdiblanco fue abriendo brecha en el marcador hasta controlar el choque de principio a fin, sin dar opci\u00f3n al equipo almeriense.<\/p>\n<p>Destac\u00f3 especialmente la actuaci\u00f3n de uno de los capitanes, Miguel Cervilla, que lider\u00f3 al equipo con 24 puntos, siendo una pieza clave en el triunfo atarfe\u00f1o.<\/p>\n<p>Con esta victoria, el CAB Atarfe se mantiene en lo m\u00e1s alto de la clasificaci\u00f3n y ya pone la mirada en el pr\u00f3ximo compromiso.<\/p>\n<p><strong><em>El s\u00e1bado a las 12:30, el equipo actuar\u00e1 como local y, con el apoyo de su afici\u00f3n, recibir\u00e1 a Torre del Mar, segundo clasificad<\/em><\/strong>o. Un aut\u00e9ntico partidazo, primero contra segundo, que puede marcar el devenir de la temporada.<\/p>\n<p>Adem\u00e1s, en este importante encuentro se realizar\u00e1 la<strong> presentaci\u00f3n de todas las categor\u00edas inferiores del club,<\/strong> en una jornada que se espera especial tanto dentro como fuera de la pista.<\/p>\n<p>FOTO: DAVIDALCARAZSIERRA<\/p>\n","protected":false},"excerpt":{"rendered":"<p>Suma y sigue! De forma imparable\u00a0\u00a0CD Hu\u00e9rcal de Almer\u00eda 62 \u2013 Seat Vigilsa CAB Atarfe&#8230;<\/p>\n","protected":false},"author":1,"featured_media":81685,"comment_status":"closed","ping_status":"closed","sticky":false,"template":"","format":"standard","meta":{"_coblocks_attr":"","_coblocks_dimensions":"","_coblocks_responsive_height":"","_coblocks_accordion_ie_support":"","jetpack_post_was_ever_published":false,"_jetpack_newsletter_access":"","_jetpack_dont_email_post_to_subs":false,"_jetpack_newsletter_tier_id":0,"_jetpack_memberships_contains_paywalled_content":false,"_jetpack_memberships_contains_paid_content":false,"footnotes":"","jetpack_publicize_message":"","jetpack_publicize_feature_enabled":true,"jetpack_social_post_already_shared":true,"jetpack_social_options":{"image_generator_settings":{"template":"highway","default_image_id":0,"enabled":false},"version":2}},"categories":[182,186,44],"tags":[],"class_list":["post-81684","post","type-post","status-publish","format-standard","has-post-thumbnail","hentry","category-deportes","category-instituciones","category-noticias-de-hoy"],"jetpack_publicize_connections":[],"jetpack_featured_media_url":"https:\/\/i0.wp.com\/miradordeatarfe.es\/wp-content\/uploads\/2026\/01\/DSC08207-scaled.jpg?fit=1707%2C2560&ssl=1","jetpack_likes_enabled":true,"jetpack_sharing_enabled":true,"_links":{"self":[{"href":"https:\/\/miradordeatarfe.es\/index.php?rest_route=\/wp\/v2\/posts\/81684","targetHints":{"allow":["GET"]}}],"collection":[{"href":"https:\/\/miradordeatarfe.es\/index.php?rest_route=\/wp\/v2\/posts"}],"about":[{"href":"https:\/\/miradordeatarfe.es\/index.php?rest_route=\/wp\/v2\/types\/post"}],"author":[{"embeddable":true,"href":"https:\/\/miradordeatarfe.es\/index.php?rest_route=\/wp\/v2\/users\/1"}],"replies":[{"embeddable":true,"href":"https:\/\/miradordeatarfe.es\/index.php?rest_route=%2Fwp%2Fv2%2Fcomments&post=81684"}],"version-history":[{"count":1,"href":"https:\/\/miradordeatarfe.es\/index.php?rest_route=\/wp\/v2\/posts\/81684\/revisions"}],"predecessor-version":[{"id":81686,"href":"https:\/\/miradordeatarfe.es\/index.php?rest_route=\/wp\/v2\/posts\/81684\/revisions\/81686"}],"wp:featuredmedia":[{"embeddable":true,"href":"https:\/\/miradordeatarfe.es\/index.php?rest_route=\/wp\/v2\/media\/81685"}],"wp:attachment":[{"href":"https:\/\/miradordeatarfe.es\/index.php?rest_route=%2Fwp%2Fv2%2Fmedia&parent=81684"}],"wp:term":[{"taxonomy":"category","embeddable":true,"href":"https:\/\/miradordeatarfe.es\/index.php?rest_route=%2Fwp%2Fv2%2Fcategories&post=81684"},{"taxonomy":"post_tag","embeddable":true,"href":"https:\/\/miradordeatarfe.es\/index.php?rest_route=%2Fwp%2Fv2%2Ftags&post=81684"}],"curies":[{"name":"wp","href":"https:\/\/api.w.org\/{rel}","templated":true}]}}