{"id":8169,"date":"2016-04-12T06:14:39","date_gmt":"2016-04-12T06:14:39","guid":{"rendered":"http:\/\/miradordeatarfe.es\/?p=8169"},"modified":"2016-04-11T08:17:23","modified_gmt":"2016-04-11T08:17:23","slug":"interior-culmina-la-maniobra-para-aupar-a-un-grupo-de-comisarios-afines-a-la-cupula-policial-del-pp","status":"publish","type":"post","link":"https:\/\/miradordeatarfe.es\/?p=8169","title":{"rendered":"Interior culmina la maniobra para aupar a un grupo de comisarios afines a la c\u00fapula policial del PP"},"content":{"rendered":"<div class=\"subtitle bkn mce sk2\">\n<p style=\"text-align: justify;\">Nueve ascienden a comisarios principales por una nueva v\u00eda aprobada &#8216;in extremis&#8217; a la que pudieron concurrir hasta el d\u00eda de las elecciones generales. El pr\u00f3ximo Gobierno se encontrar\u00e1 con un grupo de comisarios principales con derecho a ocupar los puestos m\u00e1s relevantes en la Polic\u00eda. Eugenio Pino, el mando que eligi\u00f3 el PP para dirigir el Cuerpo, se jubilar\u00e1 en junio, justo despu\u00e9s de que los comisarios de su \u00f3rbita hayan tomado posesi\u00f3n.<\/p>\n<\/div>\n<p style=\"text-align: justify;\"><!--more--><\/p>\n<div id=\"edi-body\" class=\"mce-body mce no-sticky-adv-socios\">\n<p class=\"mce\" style=\"text-align: justify;\">El Ministerio del Interior acaba de culminar la maniobra para dejar en el m\u00e1ximo escalaf\u00f3n de la Polic\u00eda a un grupo de comisarios afines a su actual c\u00fapula. En las \u00faltimas horas se han conocido los nombres de los miembros del Cuerpo que ascienden a comisario principal por un m\u00e9todo aprobado<em class=\"mce\"> in extremis<\/em> y que elimina el requisito de antig\u00fcedad selectiva. Nueve comisarios integran este grupo para el que, seg\u00fan la Ley de Personal, se debe contar al elegir los puestos de la m\u00e1xima responsabilidad, gobierne quien gobierne.<\/p>\n<p class=\"mce\" style=\"text-align: justify;\">La mayor\u00eda de los aprobados por esta nueva variable de ascenso son comisarios pr\u00f3ximos al actual director adjunto operativo del Cuerpo, Eugenio Pino, el hombre que ha dirigido de facto la Polic\u00eda en estos \u00faltimos cuatro a\u00f1os. Pino se jubila el pr\u00f3ximo mes de junio. Para entonces, los nueve seleccionados habr\u00e1n concluido el curso que precede a su toma de posesi\u00f3n y estar\u00e1n listos para ser enviados a nuevos destinos.<\/p>\n<div class=\"no-adv-socios\" style=\"text-align: justify;\"><\/div>\n<p class=\"mce\" style=\"text-align: justify;\">Para llegar hasta aqu\u00ed fueron necesarios movimientos de \u00faltima hora en el Ministerio del Interior y el Consejo de Ministros. Tanto es as\u00ed que la fecha l\u00edmite para presentarse al concurso de ascenso a comisario principal fue el 20 de diciembre, el mismo d\u00eda de las elecciones generales. El Gobierno hab\u00eda aprobado el Real Decreto de convocatoria 72 horas antes de que se anunciara la apertura del plazo.<\/p>\n<p class=\"mce\" style=\"text-align: justify;\">Entre los nueve aprobados destacan dos que han estado ocupando en la presente legislatura un puesto que, seg\u00fan la Ley de Personal, no les corresponde. Se trata de los jefes superiores de Navarra y Murcia, Daniel Rodr\u00edguez y Cirilo Dur\u00e1n, respectivamente. Esa irregularidad, que ha sido tolerada por la actual c\u00fapula policial, es solventada con el ascenso en proceso.<\/p>\n<p class=\"mce\" style=\"text-align: justify;\">El grupo pr\u00f3ximo a Pino procede, en parte, de la Unidad de Intervenci\u00f3n Policial (UIP), los conocidos antidisturbios y\u00a0 especialidad del director adjunto operativo. Uno de los ascendidos es el jefe de la Brigada de Seguridad Ciudadana de Madrid, de la que depende la UIP de la capital. Andr\u00e9s Garrido Cancio fue reclamado por Pino desde su destino en Sevilla para contener la protesta ciudadana que el Ejecutivo preve\u00eda al principio de la legislatura.<\/p>\n<p class=\"mce\" style=\"text-align: justify;\">Tambi\u00e9n aparece en el listado Jes\u00fas Mar\u00eda Mar\u00edn Zabala, que ha dirigido los procesos selectivos en la Polic\u00eda, o Jos\u00e9 Miguel Ramos Prada, ahora jefe de Inform\u00e1tica, el departamento del que dependen todos los ordenadores del Cuerpo y que antes fue responsable del material de telecomunicaciones. De otro lado, Santiago Carrasco, otro de los pr\u00f3ximos comisarios principales, trabaja junto a Pino en la Direcci\u00f3n Adjunta Operativa.<\/p>\n<p class=\"mce\" style=\"text-align: justify;\">Completan la lista el jefe de unidad de la Divisi\u00f3n de Personal, Agust\u00edn Alonso-Carriazo; la secretaria general del Gabinete T\u00e9cnico de la Direcci\u00f3n de la Polic\u00eda, Eulalia Gonz\u00e1lez; y el jefe del aeropuerto de Barajas, Fernando Mor\u00e9.<\/p>\n<p class=\"mce\" style=\"text-align: justify;\">Todos ellos se han beneficiado de la introducci\u00f3n del sistema de concurso-oposici\u00f3n, inexistante antes en la promoci\u00f3n a comisario principal. Este sistema elimina el requisito de antig\u00fcedad selectiva, consistente en que ascienden en una convocatoria el m\u00e1s antiguo y los que le siguen en ese criterio hasta que se completa el n\u00famero de plazas ofertadas.<\/p>\n<p class=\"mce\" style=\"text-align: justify;\">En total, han ascendido a comisario principal un total de 27 comisarios, 18 por antig\u00fcedad y 9 por concurso-oposici\u00f3n. La nueva Ley Org\u00e1nica de R\u00e9gimen de Personal de la Polic\u00eda entr\u00f3 en vigor el pasado 18 de agosto e inclu\u00eda en su Disposici\u00f3n Final Novena la necesidad de reformar el Reglamento de Procesos Selectivos y de Formaci\u00f3n de la Polic\u00eda que est\u00e1 en vigor desde 1995. La maniobra del Ministerio del Interior, sin embargo, es una r\u00e1pida modificaci\u00f3n parcial de ese Reglamento que s\u00f3lo incluye el sistema de acceso a oficial de Polic\u00eda y a comisario principal, y deja para otro momento el resto del escalaf\u00f3n.<\/p>\n<h3 style=\"text-align: justify;\">Los datos desmienten \u00abcuestiones de urgencia\u00bb<\/h3>\n<p class=\"mce\" style=\"text-align: justify;\">El supuesto motivo de tal premura est\u00e1 en el pre\u00e1mbulo del Real Decreto aprobado a toda prisa: \u00abCuestiones de urgencia relacionadas tanto con necesidades de la operativa policial, singularmente la elevada tasa de jubilaciones de los miembros integrados en la categor\u00eda de comisario principal; as\u00ed como otras relativas a la implantaci\u00f3n real y efectiva de los principios de igualdad, m\u00e9rito, capacidad y antig\u00fcedad en los procesos selectivos, hacen necesario el abordaje parcial en este momento\u00bb.<\/p>\n<p class=\"mce\" style=\"text-align: justify;\">La Federaci\u00f3n de Comisarios del Sindicato Unificado de Polic\u00eda (SUP) difundi\u00f3 este mi\u00e9rcoles una circular interna con datos que rebaten la afirmaci\u00f3n del Gobierno. El actual cat\u00e1logo de puestos de trabajo destina 77 para los comisarios principales, cuando ya hay 126 polic\u00edas que detentan ese rango. A esos 126 se sumar\u00e1n los 27 de la nueva promoci\u00f3n. Estos datos que desmienten al Gobierno est\u00e1n en el cat\u00e1logo de puestos de trabajo que, seg\u00fan el SUP, ha permanecido \u201coculto varios a\u00f1os\u201d.<\/p>\n<p class=\"mce\" style=\"text-align: justify;\">Los nueve comisarios beneficiados por la reforma se han enfrentado a dos ejercicios discrecionales. El primero ha constado de dos partes: test psicot\u00e9cnico y entrevista personal. El segundo consisti\u00f3 en la resoluci\u00f3n de un \u00aban\u00e1lisis situacional\u00bb, esto es, una prueba pr\u00e1ctica que deber\u00e1n leer ante el tribunal, pudiendo \u00e9ste solicitar las aclaraciones que considere.<\/p>\n<p class=\"mce\" style=\"text-align: justify;\">El tribunal estuvo presidido por el referente en la Polic\u00eda del grupo aprobado, el director adjunto operativo, Eugenio Pino. Entre los vocales, varios de los comisarios que le han acompa\u00f1ado en la direcci\u00f3n de la Polic\u00eda por decisi\u00f3n del PP.<\/p>\n<\/div>\n","protected":false},"excerpt":{"rendered":"<p>Nueve ascienden a comisarios principales por una nueva v\u00eda aprobada &#8216;in extremis&#8217; a la que&#8230;<\/p>\n","protected":false},"author":1,"featured_media":8170,"comment_status":"closed","ping_status":"closed","sticky":false,"template":"","format":"standard","meta":{"_coblocks_attr":"","_coblocks_dimensions":"","_coblocks_responsive_height":"","_coblocks_accordion_ie_support":"","jetpack_post_was_ever_published":false,"_jetpack_newsletter_access":"","_jetpack_dont_email_post_to_subs":false,"_jetpack_newsletter_tier_id":0,"_jetpack_memberships_contains_paywalled_content":false,"_jetpack_memberships_contains_paid_content":false,"footnotes":"","jetpack_publicize_message":"","jetpack_publicize_feature_enabled":true,"jetpack_social_post_already_shared":false,"jetpack_social_options":{"image_generator_settings":{"template":"highway","default_image_id":0,"enabled":false},"version":2}},"categories":[186,9,44,15],"tags":[845,2473,1616],"class_list":["post-8169","post","type-post","status-publish","format-standard","has-post-thumbnail","hentry","category-instituciones","category-medio-ambiente","category-noticias-de-hoy","category-ultimas-noticias","tag-gobierno","tag-mandos","tag-policia"],"jetpack_publicize_connections":[],"jetpack_featured_media_url":"https:\/\/i0.wp.com\/miradordeatarfe.es\/wp-content\/uploads\/2016\/04\/FDiaz-Policia-familia-garantiza-Espana_EDIIMA20140131_0753_4.jpg?fit=643%2C362&ssl=1","jetpack_likes_enabled":true,"jetpack_sharing_enabled":true,"_links":{"self":[{"href":"https:\/\/miradordeatarfe.es\/index.php?rest_route=\/wp\/v2\/posts\/8169","targetHints":{"allow":["GET"]}}],"collection":[{"href":"https:\/\/miradordeatarfe.es\/index.php?rest_route=\/wp\/v2\/posts"}],"about":[{"href":"https:\/\/miradordeatarfe.es\/index.php?rest_route=\/wp\/v2\/types\/post"}],"author":[{"embeddable":true,"href":"https:\/\/miradordeatarfe.es\/index.php?rest_route=\/wp\/v2\/users\/1"}],"replies":[{"embeddable":true,"href":"https:\/\/miradordeatarfe.es\/index.php?rest_route=%2Fwp%2Fv2%2Fcomments&post=8169"}],"version-history":[{"count":1,"href":"https:\/\/miradordeatarfe.es\/index.php?rest_route=\/wp\/v2\/posts\/8169\/revisions"}],"predecessor-version":[{"id":8171,"href":"https:\/\/miradordeatarfe.es\/index.php?rest_route=\/wp\/v2\/posts\/8169\/revisions\/8171"}],"wp:featuredmedia":[{"embeddable":true,"href":"https:\/\/miradordeatarfe.es\/index.php?rest_route=\/wp\/v2\/media\/8170"}],"wp:attachment":[{"href":"https:\/\/miradordeatarfe.es\/index.php?rest_route=%2Fwp%2Fv2%2Fmedia&parent=8169"}],"wp:term":[{"taxonomy":"category","embeddable":true,"href":"https:\/\/miradordeatarfe.es\/index.php?rest_route=%2Fwp%2Fv2%2Fcategories&post=8169"},{"taxonomy":"post_tag","embeddable":true,"href":"https:\/\/miradordeatarfe.es\/index.php?rest_route=%2Fwp%2Fv2%2Ftags&post=8169"}],"curies":[{"name":"wp","href":"https:\/\/api.w.org\/{rel}","templated":true}]}}