{"id":81691,"date":"2026-01-31T09:39:29","date_gmt":"2026-01-31T08:39:29","guid":{"rendered":"https:\/\/miradordeatarfe.es\/?p=81691"},"modified":"2026-01-29T19:46:07","modified_gmt":"2026-01-29T18:46:07","slug":"81691","status":"publish","type":"post","link":"https:\/\/miradordeatarfe.es\/?p=81691","title":{"rendered":"M\u00e1s empleo, m\u00e1s cotizaciones y m\u00e1s ingresos: la regularizaci\u00f3n de migrantes"},"content":{"rendered":"<div id=\"body-modules\" class=\"body-modules w-full\">\n<h3 class=\"paragraph text-xl pb-7 w-full text-pretty [&amp;_a]:text-link-normal dark:[&amp;_a]:text-link-dark [&amp;_a]:decoration-1 [&amp;_a:hover]:underline [&amp;_a:hover]:text-link-hover [&amp;_a:hover]:decoration-2 [&amp;_b_a]:text-link-normal dark:[&amp;_b_a]:text-link-dark [&amp;_b_a]:decoration-1 [&amp;_b_a:hover]:underline [&amp;_b_a:hover]:text-link-hover desktop:leading-relaxed break-words font-serif\" style=\"text-align: justify;\" data-original-text-size=\"text-xl\">La econom\u00eda espa\u00f1ola absorbe mucho empleo, tanto y a tan buen ritmo que a d\u00eda de hoy en Espa\u00f1a est\u00e1 trabajando m\u00e1s gente que nunca: 22,46 millones de personas<b>. <\/b><\/h3>\n<ul>\n<li class=\"pl-6 flow-root relative before:content-[' '] before:bg-publico dark:before:bg-publico-dark before:w-2 before:h-2 before:absolute before:left-0 before:top-2.5 before:rounded-full\">\n<p>La afloraci\u00f3n de empleo, una reducci\u00f3n de la econom\u00eda sumergida y un aumento de los ingresos fiscales son los efectos m\u00e1s visibles de la medida anunciada por el Gobierno, apuntan los expertos.\u00a0<\/p>\n<\/li>\n<li class=\"pl-6 flow-root relative before:content-[' '] before:bg-publico dark:before:bg-publico-dark before:w-2 before:h-2 before:absolute before:left-0 before:top-2.5 before:rounded-full\">\n<p>La legalizaci\u00f3n de su situaci\u00f3n laboral aumenta los ingresos p\u00fablicos entre 3.000 y 4.000 euros por trabajador extranjero, sostienen varios informes publicados en los \u00faltimos a\u00f1os<\/p>\n<\/li>\n<\/ul>\n<p class=\"paragraph text-xl pb-7 w-full text-pretty [&amp;_a]:text-link-normal dark:[&amp;_a]:text-link-dark [&amp;_a]:decoration-1 [&amp;_a:hover]:underline [&amp;_a:hover]:text-link-hover [&amp;_a:hover]:decoration-2 [&amp;_b_a]:text-link-normal dark:[&amp;_b_a]:text-link-dark [&amp;_b_a]:decoration-1 [&amp;_b_a:hover]:underline [&amp;_b_a:hover]:text-link-hover desktop:leading-relaxed break-words font-serif\" style=\"text-align: justify;\" data-original-text-size=\"text-xl\"><b>El crecimiento econ\u00f3mico impulsa al mercado laboral<\/b>, y una<b> buena parte de ese aceler\u00f3n se debe a la migraci\u00f3n<\/b>: los trabajadores extranjeros aportaron el 43% de los 605.000 empleos creados en Espa\u00f1a durante 2025, <a title=\"El paro baja del 10% en Espa\u00f1a por primera vez desde la crisis financiera de 2008\" href=\"https:\/\/www.publico.es\/economia\/paro-baja-10-espana-primera-vez-crisis-financiera-2008.html\">seg\u00fan los datos de la Encuesta de Poblaci\u00f3n Activa (EPA) publicada por el Instituto Nacional de Estad\u00edstica (INE)<\/a> esta misma semana. <b>Los migrantes que trabajan en Espa\u00f1a ya son 3,58 millones de personas, el 16% de la fuerza laboral del pa\u00eds<\/b>. Por eso, la regularizaci\u00f3n de 500.000 migrantes anunciada por el Gobierno ha sido tan bien acogida por sindicatos, organizaciones sociales, economistas e incluso por los empresarios y la propia Conferencia Episcopal.<\/p>\n<p class=\"paragraph text-xl pb-7 w-full text-pretty [&amp;_a]:text-link-normal dark:[&amp;_a]:text-link-dark [&amp;_a]:decoration-1 [&amp;_a:hover]:underline [&amp;_a:hover]:text-link-hover [&amp;_a:hover]:decoration-2 [&amp;_b_a]:text-link-normal dark:[&amp;_b_a]:text-link-dark [&amp;_b_a]:decoration-1 [&amp;_b_a:hover]:underline [&amp;_b_a:hover]:text-link-hover desktop:leading-relaxed break-words font-serif\" style=\"text-align: justify;\" data-original-text-size=\"text-xl\">El efecto m\u00e1s claro e inmediato de dicha regularizaci\u00f3n es<b> la afloraci\u00f3n de empleo y una reducci\u00f3n de la econom\u00eda sumergida<\/b>, apuntan los expertos. \u00abLa regularizaci\u00f3n de inmigrantes es fuente de riqueza\u00bb, sostiene el economista<b> Jos\u00e9 Manuel Corrales<\/b>, profesor de Econom\u00eda Aplicada y Relaciones Internacionales en la Universidad Europea de Madrid.<\/p>\n<p class=\"paragraph text-xl pb-7 w-full text-pretty [&amp;_a]:text-link-normal dark:[&amp;_a]:text-link-dark [&amp;_a]:decoration-1 [&amp;_a:hover]:underline [&amp;_a:hover]:text-link-hover [&amp;_a:hover]:decoration-2 [&amp;_b_a]:text-link-normal dark:[&amp;_b_a]:text-link-dark [&amp;_b_a]:decoration-1 [&amp;_b_a:hover]:underline [&amp;_b_a:hover]:text-link-hover desktop:leading-relaxed break-words font-serif\" style=\"text-align: justify;\" data-original-text-size=\"text-xl\">\u00abParte de la econom\u00eda sumergida se va a convertir en econom\u00eda real. <b>Tambi\u00e9n va a mejorar la recaudaci\u00f3n fiscal<\/b>. No hay m\u00e1s que ver lo que est\u00e1 pasando en Estados Unidos. La econom\u00eda estadounidense se est\u00e1 resintiendo con la pol\u00edtica de deportaciones impulsada por Donald Trump\u00bb, a\u00f1ade Corrales.<\/p>\n<p class=\"paragraph text-xl pb-7 w-full text-pretty [&amp;_a]:text-link-normal dark:[&amp;_a]:text-link-dark [&amp;_a]:decoration-1 [&amp;_a:hover]:underline [&amp;_a:hover]:text-link-hover [&amp;_a:hover]:decoration-2 [&amp;_b_a]:text-link-normal dark:[&amp;_b_a]:text-link-dark [&amp;_b_a]:decoration-1 [&amp;_b_a:hover]:underline [&amp;_b_a:hover]:text-link-hover desktop:leading-relaxed break-words font-serif\" style=\"text-align: justify;\" data-original-text-size=\"text-xl\">\u00abAflorar\u00e1 empleo, un empleo que en muchos casos ya existe pero que no est\u00e1 regulado\u00bb, secunda <b>Manuel Hidalgo<\/b>, profesor de Econom\u00eda Aplicada en la Universidad Pablo de Olavide de Sevilla.\u00a0<\/p>\n<p class=\"paragraph text-xl pb-7 w-full text-pretty [&amp;_a]:text-link-normal dark:[&amp;_a]:text-link-dark [&amp;_a]:decoration-1 [&amp;_a:hover]:underline [&amp;_a:hover]:text-link-hover [&amp;_a:hover]:decoration-2 [&amp;_b_a]:text-link-normal dark:[&amp;_b_a]:text-link-dark [&amp;_b_a]:decoration-1 [&amp;_b_a:hover]:underline [&amp;_b_a:hover]:text-link-hover desktop:leading-relaxed break-words font-serif\" style=\"text-align: justify;\" data-original-text-size=\"text-xl\">Varios <b>informes<\/b> publicados en los \u00faltimos a\u00f1os sobre este asunto\u00a0\u2014y que seg\u00fan el diario <i>El Pa\u00eds<\/i>, ha tenido en cuenta el Gobierno\u2014\u00a0<b>confirman esta tesis de que las regularizaciones de migrantes aportan riqueza<\/b> al tejido econ\u00f3mico del pa\u00eds. Destacan dos: uno firmado por profesores e investigadores de la Universitat Pompeu Fabra y de la\u00a0Universitat Aut\u00f2noma de Barcelona publicado en 2019 (<a title=\"Understanding the Effects of Legalizing Undocumented Immigrants\" href=\"https:\/\/www.crei.cat\/wp-content\/uploads\/2020\/06\/4-Underst.pdf\" target=\"_blank\" rel=\"nofollow noopener noreferrer\">PDF en ingl\u00e9s<\/a>) que analiza la anterior regulaci\u00f3n de personas migrantes aprobada en 2005 por el Gobierno de <b>Jos\u00e9 Luis Rodr\u00edguez Zapatero<\/b>, y un segundo, fechado en 2020, patrocinado por la Fundaci\u00f3n porCausa y la Universidad Carlos III de Madrid (<a title=\"Extranjeros, sin papeles e imprescindibles: Una fotograf\u00eda de la inmigraci\u00f3n irregular en Espa\u00f1a\" href=\"https:\/\/porcausa.org\/wp-content\/uploads\/2020\/07\/RetratodelairregularidadporCausa.pdf\" target=\"_blank\" rel=\"nofollow noopener noreferrer\">PDF<\/a>).\u00a0<\/p>\n<p class=\"paragraph text-xl pb-7 w-full text-pretty [&amp;_a]:text-link-normal dark:[&amp;_a]:text-link-dark [&amp;_a]:decoration-1 [&amp;_a:hover]:underline [&amp;_a:hover]:text-link-hover [&amp;_a:hover]:decoration-2 [&amp;_b_a]:text-link-normal dark:[&amp;_b_a]:text-link-dark [&amp;_b_a]:decoration-1 [&amp;_b_a:hover]:underline [&amp;_b_a:hover]:text-link-hover desktop:leading-relaxed break-words font-serif\" style=\"text-align: justify;\" data-original-text-size=\"text-xl\">Ambos informes demuestran que\u00a0la legalizaci\u00f3n de la situaci\u00f3n laboral de las personas migrantes no regularizadas aumenta los ingresos p\u00fablicos. El primero de ellos calcul\u00f3 que <b>tras la regularizaci\u00f3n de 578.000 migrantes en 2005, cada uno de ellos aport\u00f3 entre 3.504 y 4.398 euros en cotizaciones sociales<\/b>, es decir en cotizaciones a la Seguridad Social y al desempleo. A esta cantidad habr\u00eda que sumar lo que abonasen en materia de impuesto sobre la renta (IRPF), que no se analiza en este estudio.\u00a0<\/p>\n<p class=\"paragraph text-xl pb-7 w-full text-pretty [&amp;_a]:text-link-normal dark:[&amp;_a]:text-link-dark [&amp;_a]:decoration-1 [&amp;_a:hover]:underline [&amp;_a:hover]:text-link-hover [&amp;_a:hover]:decoration-2 [&amp;_b_a]:text-link-normal dark:[&amp;_b_a]:text-link-dark [&amp;_b_a]:decoration-1 [&amp;_b_a:hover]:underline [&amp;_b_a:hover]:text-link-hover desktop:leading-relaxed break-words font-serif\" style=\"text-align: justify;\" data-original-text-size=\"text-xl\">El segundo informe, el de la Fundaci\u00f3n PorCausa y de la Universidad Carlos III, ofrece unas cifras similares. Los autores afirmaban en 2020: \u00abLa irregularidad de los inmigrantes supone para las arcas p\u00fablicas espa\u00f1olas un coste anual medio de 2.000 euros por inmigrante. En caso de regularizaci\u00f3n,<b> la aportaci\u00f3n fiscal neta de los inmigrantes <\/b>en situaci\u00f3n irregular se incrementar\u00eda por encima de los 3.250 euros\u00bb.\u00a0<\/p>\n<p class=\"paragraph text-xl pb-7 w-full text-pretty [&amp;_a]:text-link-normal dark:[&amp;_a]:text-link-dark [&amp;_a]:decoration-1 [&amp;_a:hover]:underline [&amp;_a:hover]:text-link-hover [&amp;_a:hover]:decoration-2 [&amp;_b_a]:text-link-normal dark:[&amp;_b_a]:text-link-dark [&amp;_b_a]:decoration-1 [&amp;_b_a:hover]:underline [&amp;_b_a:hover]:text-link-hover desktop:leading-relaxed break-words font-serif\" style=\"text-align: justify;\" data-original-text-size=\"text-xl\">A guisa de ejemplo, la<b> Uni\u00f3n de Profesionales y Trabajadores Aut\u00f3nomos (UPTA)<\/b> estima que el proceso de regularizaci\u00f3n podr\u00eda traducirse en<b> un incremento de alrededor de 70.000 nuevas altas en el R\u00e9gimen Especial de Trabajadores Aut\u00f3nomos<\/b> (RETA). Ser\u00edan 70.000 nuevos cotizantes, solo en el sector de los aut\u00f3nomos.<\/p>\n<p class=\"paragraph text-xl pb-7 w-full text-pretty [&amp;_a]:text-link-normal dark:[&amp;_a]:text-link-dark [&amp;_a]:decoration-1 [&amp;_a:hover]:underline [&amp;_a:hover]:text-link-hover [&amp;_a:hover]:decoration-2 [&amp;_b_a]:text-link-normal dark:[&amp;_b_a]:text-link-dark [&amp;_b_a]:decoration-1 [&amp;_b_a:hover]:underline [&amp;_b_a:hover]:text-link-hover desktop:leading-relaxed break-words font-serif\" style=\"text-align: justify;\" data-original-text-size=\"text-xl\">Mas reciente, un art\u00edculo publicado el pasado mes de junio de en el bolet\u00edn econ\u00f3mico del Banco de Espa\u00f1a estima la contribuci\u00f3n de la poblaci\u00f3n extranjera al crecimiento del PIB per c\u00e1pita en Espa\u00f1a entre 2022 y 2024.\u00a0De acuerdo con este art\u00edculo,\u00a0\u00a0la aportaci\u00f3n media directa de la poblaci\u00f3n extranjera a este crecimiento del PIB per c\u00e1pita se situar\u00eda entre 0,4 y 0,7 puntos porcentuales.\u00a0<\/p>\n<p style=\"text-align: justify;\" data-original-text-size=\"text-xl\"><strong><a title=\"Listado de noticias de Jorge Otero\" href=\"https:\/\/www.publico.es\/author\/jorge-otero\">Jorge Otero<\/a><\/strong><\/p>\n<p data-original-text-size=\"text-xl\"><span class=\"image-description\" title=\"Migrantes que hab\u00edan trabajado en el 'Top Manta' trabajan como costureros en un taller de El Raval, en Barcelona, en una imagen fechada en diciembre de 2025.\">Migrantes que hab\u00edan trabajado en el &#8216;Top Manta&#8217; trabajan en un taller de costura del barrio del Raval, en Barcelona, en una imagen fechada en diciembre de 2025.<\/span><strong class=\"author ml-1.5\" title=\"Nacho Doce | REUTERS\">Nacho Doce | REUTERS<\/strong><\/p>\n<p>https:\/\/www.publico.es\/economia\/empleo-cotizaciones-ingresos-regularizacion-migrantes-motor-economico.html?utm_medium=newsletter&#038;utm_campaign=captacion&#038;utm_content=hoy&#038;segment=registrados&#038;tpcc=nl_hoy0525&#038;pnespid=AeRx_kxVtXpBl0mG84OBBxtbo0hgzbBr_wYSEvoYLYjKLuUgeSqh4S.5ktwyTSqv0j0J9Ihr<\/p>\n<\/div>\n","protected":false},"excerpt":{"rendered":"<p>La econom\u00eda espa\u00f1ola absorbe mucho empleo, tanto y a tan buen ritmo que a d\u00eda&#8230;<\/p>\n","protected":false},"author":1,"featured_media":81692,"comment_status":"closed","ping_status":"closed","sticky":false,"template":"","format":"standard","meta":{"_coblocks_attr":"","_coblocks_dimensions":"","_coblocks_responsive_height":"","_coblocks_accordion_ie_support":"","jetpack_post_was_ever_published":false,"_jetpack_newsletter_access":"","_jetpack_dont_email_post_to_subs":false,"_jetpack_newsletter_tier_id":0,"_jetpack_memberships_contains_paywalled_content":false,"_jetpack_memberships_contains_paid_content":false,"footnotes":"","jetpack_publicize_message":"","jetpack_publicize_feature_enabled":true,"jetpack_social_post_already_shared":true,"jetpack_social_options":{"image_generator_settings":{"template":"highway","default_image_id":0,"enabled":false},"version":2}},"categories":[1161,186,44,6937],"tags":[],"class_list":["post-81691","post","type-post","status-publish","format-standard","has-post-thumbnail","hentry","category-ciudadania","category-instituciones","category-noticias-de-hoy","category-sociedad"],"jetpack_publicize_connections":[],"jetpack_featured_media_url":"https:\/\/i0.wp.com\/miradordeatarfe.es\/wp-content\/uploads\/2026\/01\/697a0a040bd18.r_d.553-671-8250.jpeg?fit=990%2C557&ssl=1","jetpack_likes_enabled":true,"jetpack_sharing_enabled":true,"_links":{"self":[{"href":"https:\/\/miradordeatarfe.es\/index.php?rest_route=\/wp\/v2\/posts\/81691","targetHints":{"allow":["GET"]}}],"collection":[{"href":"https:\/\/miradordeatarfe.es\/index.php?rest_route=\/wp\/v2\/posts"}],"about":[{"href":"https:\/\/miradordeatarfe.es\/index.php?rest_route=\/wp\/v2\/types\/post"}],"author":[{"embeddable":true,"href":"https:\/\/miradordeatarfe.es\/index.php?rest_route=\/wp\/v2\/users\/1"}],"replies":[{"embeddable":true,"href":"https:\/\/miradordeatarfe.es\/index.php?rest_route=%2Fwp%2Fv2%2Fcomments&post=81691"}],"version-history":[{"count":3,"href":"https:\/\/miradordeatarfe.es\/index.php?rest_route=\/wp\/v2\/posts\/81691\/revisions"}],"predecessor-version":[{"id":81695,"href":"https:\/\/miradordeatarfe.es\/index.php?rest_route=\/wp\/v2\/posts\/81691\/revisions\/81695"}],"wp:featuredmedia":[{"embeddable":true,"href":"https:\/\/miradordeatarfe.es\/index.php?rest_route=\/wp\/v2\/media\/81692"}],"wp:attachment":[{"href":"https:\/\/miradordeatarfe.es\/index.php?rest_route=%2Fwp%2Fv2%2Fmedia&parent=81691"}],"wp:term":[{"taxonomy":"category","embeddable":true,"href":"https:\/\/miradordeatarfe.es\/index.php?rest_route=%2Fwp%2Fv2%2Fcategories&post=81691"},{"taxonomy":"post_tag","embeddable":true,"href":"https:\/\/miradordeatarfe.es\/index.php?rest_route=%2Fwp%2Fv2%2Ftags&post=81691"}],"curies":[{"name":"wp","href":"https:\/\/api.w.org\/{rel}","templated":true}]}}