{"id":81696,"date":"2026-01-31T08:58:44","date_gmt":"2026-01-31T07:58:44","guid":{"rendered":"https:\/\/miradordeatarfe.es\/?p=81696"},"modified":"2026-01-29T20:02:20","modified_gmt":"2026-01-29T19:02:20","slug":"tu-vida-a-traves-de-una-pantalla","status":"publish","type":"post","link":"https:\/\/miradordeatarfe.es\/?p=81696","title":{"rendered":"Tu vida a trav\u00e9s de una pantalla"},"content":{"rendered":"<div class=\"intro\">\n<div class=\"title-holder\">\n<div class=\"text\">\n<h3 style=\"text-align: justify;\">Hemos convertido nuestra vida en el contenido que otras personas podr\u00e1n descartar con un r\u00e1pido movimiento del pulgar, sin mayores miramientos, sin mayores reticencias, por el sencillo hecho de que no les entretiene lo suficiente.<\/h3>\n<\/div>\n<\/div>\n<\/div>\n<div class=\"content-wrapper\">\n<div class=\"column column-1\" style=\"text-align: justify;\">\n<div class=\"not_in_mobile\">\n<div class=\"ficha ficha-articulistas cf\">\n<div class=\"articulistas-wrapper count-1\">\n<div class=\"author\">\u00a0El otro d\u00eda me cruc\u00e9 en Instagram con un v\u00eddeo \u2013otro m\u00e1s de tantos\u2013 de una pareja que descubre que est\u00e1 embarazada. Entran en el ba\u00f1o, ella pone el m\u00f3vil a grabar. Saca el test de embarazo. Ve que es positivo. Se lo ense\u00f1a a su marido. Hay risas y l\u00e1grimas y abrazos, y conforme pasan los segundos se compone una escena tierna, en gran medida, por la propia naturaleza del momento, tan \u00edntimo y privado. Un momento del que, sin embargo,<\/div>\n<\/div>\n<\/div>\n<\/div>\n<\/div>\n<div id=\"columna-contenido\" class=\"column column-2\">\n<div class=\"contenido\">\n<p style=\"text-align: justify;\">Hace a\u00f1os que publicamos parte de nuestra vida en Internet. Dos d\u00e9cadas de frases ingeniosas y desayunos est\u00e9ticos y sonrisas con filtro. Pero ya no se trata solo de eso. Ya no es solo que veamos otra foto m\u00e1s de la tostada de aguacate de esa chica con la que fuimos a clase hace quince a\u00f1os, ni que publiquemos otra rutina de ejercicio para unos abdominales estupendos, ni que nos esforcemos en otro <em>house tour<\/em> con la mesa de caf\u00e9 perfectamente decorada.<\/p>\n<p style=\"text-align: justify;\">No es solo que consumamos contenido, a veces <a href=\"https:\/\/ethic.es\/internet-bueno\" data-wpel-link=\"internal\">enriquecedor<\/a>, a veces completamente trivial: <strong>es que hemos convertido la propia vida en contenido<\/strong>. Los momentos m\u00e1s \u00edntimos y genuinos y emocionantes y desgarradores. Las crisis existenciales y las pedidas de mano. El anuncio de un embarazo e incluso el nacimiento de un hijo. Hemos convertido nuestra vida en el contenido que otras personas podr\u00e1n descartar con un r\u00e1pido movimiento del pulgar, sin mayores miramientos, sin mayores reticencias, por el sencillo hecho de que no les entretiene lo suficiente.<\/p>\n<p style=\"text-align: justify;\">Susan Sontag escribi\u00f3 que este af\u00e1n de fotografiar es \u00abla necesidad de confirmar la realidad y dilatar la experiencia\u00bb. Es decir, de certificar lo vivido. Pero, parad\u00f3jicamente, al hacerlo rechazamos lo real para transformarlo en un <a href=\"https:\/\/ethic.es\/circo-romano-humillacion\" data-wpel-link=\"internal\">espect\u00e1culo<\/a>. Y hay algo profundamente <strong>inc\u00f3modo y perturbador<\/strong> en ello. Porque cuando entregamos nuestros recuerdos para que sean consumidos, cuando entregamos nuestro duelo y nuestra alegr\u00eda, en definitiva, nuestra intimidad, nos estamos entregando a nosotros mismos. Estamos transformando la naturaleza de eso que nos configura en algo que otros pueden desechar.<\/p>\n<blockquote>\n<p><strong>\u00bfHasta qu\u00e9 punto entendemos los grandes hitos vitales como pelda\u00f1os hacia los aplausos de completos desconocidos?<\/strong><\/p>\n<\/blockquote>\n<p style=\"text-align: justify;\">Cuando la emoci\u00f3n del momento publicado y expuesto al ojo ajeno se disipa, hay una certeza que coge cuerpo: algunos de los momentos m\u00e1s importantes e irrepetibles de nuestras vidas estar\u00e1n empa\u00f1ados por una preocupaci\u00f3n <strong>que nada ten\u00eda que ver con el momento en s\u00ed<\/strong>, y mucho con el \u00e1ngulo y la c\u00e1mara y la iluminaci\u00f3n.<\/p>\n<p style=\"text-align: justify;\">Es inevitable preguntarse c\u00f3mo instrumentalizamos nuestra vida y comercializamos nuestros recuerdos y corrompemos nuestra memoria. C\u00f3mo vamos pelando todas las capas de significado personal que pueden tener esas experiencias, grandes y peque\u00f1as, hasta dejarlas reducidas a un bonito y as\u00e9ptico decorado. Es inevitable plantearse hasta qu\u00e9 punto entendemos los grandes hitos vitales como pelda\u00f1os hacia los aplausos de completos desconocidos.<\/p>\n<p style=\"text-align: justify;\">Por supuesto que est\u00e1 bien capturar momentos ocasionales y compartirlos, pero peor que no tener pruebas de nuestros momentos m\u00e1s importantes, es darnos cuenta de que <strong>llevamos una existencia dise\u00f1ada para extra\u00f1os<\/strong>. De que actuamos en los momentos m\u00e1s cruciales de nuestra propia vida.<\/p>\n<p style=\"text-align: justify;\">Uno de los <a href=\"https:\/\/ethic.es\/habitos-2026-empezar-facil-mantener-dificil\" data-wpel-link=\"internal\">prop\u00f3sitos<\/a> que m\u00e1s se escuchan en estas fechas es el de dedicarle menos tiempo al m\u00f3vil, de consumir menos, de estar m\u00e1s presente. Una forma podr\u00eda ser la de guardar lo verdadero, lo importante, lo \u00edntimo, para uno mismo. Sin edici\u00f3n, ni filtro. Sin pose ni segundas tomas. Sin miedo a que nuestra existencia pase desapercibida y sin p\u00fablico.<\/p>\n<p style=\"text-align: justify;\">Con el prop\u00f3sito amplio y poderoso y embriagador de desear retener nuestra vida un poco menos para poder agotarla un poco m\u00e1s.<\/p>\n<h3 style=\"text-align: justify;\"><a href=\"https:\/\/ethic.es\/articulistas\/helena-farre-vallejo\" data-wpel-link=\"internal\">Helena Farr\u00e9 Vallejo<\/a><\/h3>\n<p>ETHIC<\/p>\n<p>&nbsp;<\/p>\n<p>&nbsp;<\/p>\n<p>&nbsp;<\/p>\n<\/div>\n<\/div>\n<\/div>\n","protected":false},"excerpt":{"rendered":"<p>Hemos convertido nuestra vida en el contenido que otras personas podr\u00e1n descartar con un r\u00e1pido&#8230;<\/p>\n","protected":false},"author":1,"featured_media":81697,"comment_status":"closed","ping_status":"closed","sticky":false,"template":"","format":"standard","meta":{"_coblocks_attr":"","_coblocks_dimensions":"","_coblocks_responsive_height":"","_coblocks_accordion_ie_support":"","jetpack_post_was_ever_published":false,"_jetpack_newsletter_access":"","_jetpack_dont_email_post_to_subs":false,"_jetpack_newsletter_tier_id":0,"_jetpack_memberships_contains_paywalled_content":false,"_jetpack_memberships_contains_paid_content":false,"footnotes":"","jetpack_publicize_message":"","jetpack_publicize_feature_enabled":true,"jetpack_social_post_already_shared":true,"jetpack_social_options":{"image_generator_settings":{"template":"highway","default_image_id":0,"enabled":false},"version":2}},"categories":[1161,44,6920],"tags":[],"class_list":["post-81696","post","type-post","status-publish","format-standard","has-post-thumbnail","hentry","category-ciudadania","category-noticias-de-hoy","category-tecnologia"],"jetpack_publicize_connections":[],"jetpack_featured_media_url":"https:\/\/i0.wp.com\/miradordeatarfe.es\/wp-content\/uploads\/2026\/01\/pantalla-1280x768-1.jpg?fit=1280%2C768&ssl=1","jetpack_likes_enabled":true,"jetpack_sharing_enabled":true,"_links":{"self":[{"href":"https:\/\/miradordeatarfe.es\/index.php?rest_route=\/wp\/v2\/posts\/81696","targetHints":{"allow":["GET"]}}],"collection":[{"href":"https:\/\/miradordeatarfe.es\/index.php?rest_route=\/wp\/v2\/posts"}],"about":[{"href":"https:\/\/miradordeatarfe.es\/index.php?rest_route=\/wp\/v2\/types\/post"}],"author":[{"embeddable":true,"href":"https:\/\/miradordeatarfe.es\/index.php?rest_route=\/wp\/v2\/users\/1"}],"replies":[{"embeddable":true,"href":"https:\/\/miradordeatarfe.es\/index.php?rest_route=%2Fwp%2Fv2%2Fcomments&post=81696"}],"version-history":[{"count":1,"href":"https:\/\/miradordeatarfe.es\/index.php?rest_route=\/wp\/v2\/posts\/81696\/revisions"}],"predecessor-version":[{"id":81698,"href":"https:\/\/miradordeatarfe.es\/index.php?rest_route=\/wp\/v2\/posts\/81696\/revisions\/81698"}],"wp:featuredmedia":[{"embeddable":true,"href":"https:\/\/miradordeatarfe.es\/index.php?rest_route=\/wp\/v2\/media\/81697"}],"wp:attachment":[{"href":"https:\/\/miradordeatarfe.es\/index.php?rest_route=%2Fwp%2Fv2%2Fmedia&parent=81696"}],"wp:term":[{"taxonomy":"category","embeddable":true,"href":"https:\/\/miradordeatarfe.es\/index.php?rest_route=%2Fwp%2Fv2%2Fcategories&post=81696"},{"taxonomy":"post_tag","embeddable":true,"href":"https:\/\/miradordeatarfe.es\/index.php?rest_route=%2Fwp%2Fv2%2Ftags&post=81696"}],"curies":[{"name":"wp","href":"https:\/\/api.w.org\/{rel}","templated":true}]}}