{"id":81703,"date":"2026-02-01T08:28:09","date_gmt":"2026-02-01T07:28:09","guid":{"rendered":"https:\/\/miradordeatarfe.es\/?p=81703"},"modified":"2026-01-29T20:33:52","modified_gmt":"2026-01-29T19:33:52","slug":"la-genetica-determina-mas-de-la-mitad-de-los-anos-que-viviras","status":"publish","type":"post","link":"https:\/\/miradordeatarfe.es\/?p=81703","title":{"rendered":"La gen\u00e9tica determina m\u00e1s de la mitad de los a\u00f1os que vivir\u00e1s"},"content":{"rendered":"<h3 style=\"text-align: justify;\">Una nueva revisi\u00f3n de datos de miles de gemelos calcula que hasta el 55% de la duraci\u00f3n de la vida es hereditaria<\/h3>\n<div class=\"a_c clearfix\" data-dtm-region=\"articulo_cuerpo\">\n<p class=\"\" style=\"text-align: justify;\">\u00bfPor qu\u00e9 algunas personas viven <a href=\"https:\/\/elpais.com\/ciencia\/2026-01-06\/la-ciencia-busca-las-claves-de-la-longevidad-humana-en-el-mestizaje-genetico-de-los-supercentenarios-brasilenos.html\" rel=\"\" data-link-track-dtm=\"\" data-mrf-link=\"https:\/\/elpais.com\/ciencia\/2026-01-06\/la-ciencia-busca-las-claves-de-la-longevidad-humana-en-el-mestizaje-genetico-de-los-supercentenarios-brasilenos.html\">mucho m\u00e1s<\/a> que otras? Durante d\u00e9cadas, la respuesta ha apuntado sobre todo al entorno: el estilo de vida, las enfermedades, el nivel de riqueza, la suerte. Pero una nueva investigaci\u00f3n publicada esta semana cuestiona esa visi\u00f3n, y le da a la gen\u00e9tica que heredamos de nuestros padres un papel mucho m\u00e1s central de lo que se cre\u00eda hasta ahora.<\/p>\n<p class=\"\" style=\"text-align: justify;\">Seg\u00fan el estudio, liderado por el bi\u00f3logo molecular <a href=\"https:\/\/www.weizmann.ac.il\/mcb\/alon\/\" rel=\"\" data-link-track-dtm=\"\" data-mrf-link=\"https:\/\/www.weizmann.ac.il\/mcb\/alon\/\">Uri Alon<\/a>, del Instituto de Ciencia Weizmann de Israel, hasta el 55% de la variaci\u00f3n en la duraci\u00f3n de la vida humana estar\u00eda determinada por factores gen\u00e9ticos, siempre que se sustraiga el efecto de las causas de muerte externas, como accidentes o infecciones. Esta tasa es m\u00e1s del doble que lo que dec\u00edan las estimaciones previas, que situaban la heredabilidad de la duraci\u00f3n de la vida humana entre el 6% y el 33%.<\/p>\n<p class=\"\" style=\"text-align: justify;\">\u201cLa mortalidad externa estaba ocultando el peso real de la gen\u00e9tica en la duraci\u00f3n de la vida\u201d, escriben los autores en su <a href=\"http:\/\/dx.doi.org\/10.1126\/science.adz1187\" rel=\"\" data-link-track-dtm=\"\" data-mrf-link=\"http:\/\/dx.doi.org\/10.1126\/science.adz1187\">estudio<\/a>, publicado en <i>Science<\/i>, referente de la mejor ciencia mundial. Una herencia gen\u00e9tica del 55% est\u00e1 mucho m\u00e1s en l\u00ednea con lo que se hab\u00eda observado en ratones de laboratorio y otros animales, y tambi\u00e9n con la contribuci\u00f3n probada de otras variantes fisiol\u00f3gicas humanas.<\/p>\n<p class=\"\" style=\"text-align: justify;\">La clave del trabajo est\u00e1 en que no todas las muertes dicen lo mismo sobre el envejecimiento biol\u00f3gico. Los investigadores diferencian entre mortalidad extr\u00ednseca, causada por factores externos al organismo \u2014accidentes, violencia, infecciones o agentes t\u00f3xicos ambientales\u2014, y mortalidad intr\u00ednseca, relacionada con el deterioro biol\u00f3gico interno y el proceso de <a href=\"https:\/\/elpais.com\/salud-y-bienestar\/2024-09-03\/un-estudio-identifica-cinco-formas-distintas-de-envejecer-gracias-a-los-datos-de-50000-escaneres-cerebrales.html\" rel=\"\" data-link-track-dtm=\"\" data-mrf-link=\"https:\/\/elpais.com\/salud-y-bienestar\/2024-09-03\/un-estudio-identifica-cinco-formas-distintas-de-envejecer-gracias-a-los-datos-de-50000-escaneres-cerebrales.html\">envejecimiento <\/a>en s\u00ed.<\/p>\n<p class=\"\" style=\"text-align: justify;\">Los responsables del trabajo recuerdan que muchos de los estudios previos sobre este tema se basaban en cohortes de personas que vivieron y murieron en el siglo XIX y la primera mitad del XX. Con frecuencia, estos trabajos no aclaran las causas de muerte. Adem\u00e1s, en esta \u00e9poca la carga de la mortalidad externa por infecciones y otras causas externas eran mucho m\u00e1s altas que en la actualidad, algo que tampoco se ha corregido debidamente en estudios posteriores, seg\u00fan sostiene el nuevo trabajo.<\/p>\n<p class=\"\" style=\"text-align: justify;\">El equipo de Alon ha creado modelos matem\u00e1ticos para revaluar grandes bases de datos de <a href=\"https:\/\/elpais.com\/salud-y-bienestar\/2025-10-02\/un-estudio-en-gemelos-revela-que-un-mayor-nivel-educativo-se-asocia-con-un-mejor-rendimiento-cognitivo-en-la-vejez.html\" rel=\"\" data-link-track-dtm=\"\" data-mrf-link=\"https:\/\/elpais.com\/salud-y-bienestar\/2025-10-02\/un-estudio-en-gemelos-revela-que-un-mayor-nivel-educativo-se-asocia-con-un-mejor-rendimiento-cognitivo-en-la-vejez.html\">gemelos<\/a>, tanto id\u00e9nticos \u2014comparten un 100% de su ADN\u2014 como mellizos \u2014un 50%\u2014, procedentes principalmente de dos grandes cohortes de Dinamarca y Suecia. Tambi\u00e9n incluyeron datos de gemelos criados por separado, para eliminar la influencia de un ambiente compartido; y de hermanos de personas centenarias en Estados Unidos, lo que permiti\u00f3 comprobar que los resultados no se limitan a las poblaciones escandinavas. La poblaci\u00f3n analizada abarca a casi 16.000 parejas de individuos emparentados, incluidos cerca de 14.000 gemelos y m\u00e1s de 2.000 pares de hermanos.<\/p>\n<p class=\"\" style=\"text-align: justify;\">Una vez eliminada de forma estad\u00edstica la mortalidad extr\u00ednseca, la heredabilidad de la longevidad aument\u00f3 progresivamente hasta estabilizarse en torno al 55%. De hecho, el trabajo muestra una contribuci\u00f3n decreciente de la mortalidad externa en los periodos analizados por las tres grandes bases de datos consideradas (1870-1935). En la actualidad, estas causas de muerte externas son diez veces m\u00e1s bajas.<\/p>\n<p class=\"\" style=\"text-align: justify;\">La idea predominante hasta ahora manten\u00eda que la gen\u00e9tica pod\u00eda contribuir incluso apenas un 6% a la duraci\u00f3n total de la vida. Eso a su vez reforzaba el mensaje err\u00f3neo de que la mayor parte de la esperanza de vida de una persona estaba en sus propias manos. Si evitaba comportamientos de riesgo, factores probadamente nocivos como el tabaco o el alcohol y manten\u00eda un <a href=\"https:\/\/elpais.com\/salud-y-bienestar\/2026-01-14\/las-personas-inactivas-pueden-reducir-su-riesgo-de-muerte-un-30-con-cinco-minutos-de-ejercicio-al-dia.html\" rel=\"\" data-link-track-dtm=\"\" data-mrf-link=\"https:\/\/elpais.com\/salud-y-bienestar\/2026-01-14\/las-personas-inactivas-pueden-reducir-su-riesgo-de-muerte-un-30-con-cinco-minutos-de-ejercicio-al-dia.html\">estilo de vida saludable<\/a> con una dieta adecuada, pod\u00eda alargar significativamente su existencia. El nuevo c\u00e1lculo reduce esa capacidad, pero deja claro que a\u00fan hay un 50% que depende de factores externos que, al menos en parte, son modificables, como la alimentaci\u00f3n o el ejercicio f\u00edsico.<\/p>\n<p class=\"\" style=\"text-align: justify;\">El estudio tambi\u00e9n ha calculado el papel que juega la herencia gen\u00e9tica en diferentes enfermedades. En la muerte por <a href=\"https:\/\/elpais.com\/noticias\/cancer\/\" rel=\"\" data-link-track-dtm=\"\" data-mrf-link=\"https:\/\/elpais.com\/noticias\/cancer\/\">c\u00e1ncer <\/a>fue independiente de la edad y se situ\u00f3 en torno al 30%. En cambio, las muertes por enfermedad cardiovascular mostraron una heredabilidad m\u00e1s alta, de aproximadamente el 50% en edades m\u00e1s tempranas. Las muertes por demencia mostraron la mayor heredabilidad, en torno al 70% a los 80 a\u00f1os, y posteriormente se estabilizaron en valores de entre el 40% y el 50% en edades m\u00e1s avanzadas.<\/p>\n<p class=\"\" style=\"text-align: justify;\"><a href=\"https:\/\/einsteinmed.edu\/es\/faculty\/484\/nir-barzilai\" rel=\"\" data-link-track-dtm=\"\" data-mrf-link=\"https:\/\/einsteinmed.edu\/es\/faculty\/484\/nir-barzilai\">Nir Barzilai<\/a>, uno de los mayores <a href=\"https:\/\/elpais.com\/elpais\/2017\/04\/28\/ciencia\/1493394455_199979.html\" rel=\"\" data-link-track-dtm=\"\" data-mrf-link=\"https:\/\/elpais.com\/elpais\/2017\/04\/28\/ciencia\/1493394455_199979.html\">expertos mundiales<\/a> en gen\u00e9tica y longevidad, que no ha participado en el estudio, destaca su val\u00eda. \u201cCreo que es un trabajo muy revelador y contribuir\u00e1 a cambiar el dogma actual\u201d, explica a este diario el director del Instituto de Investigaci\u00f3n en Envejecimiento de la Escuela de Medicina Albert Einstein, en Estados Unidos. \u201cLos efectos de la gen\u00e9tica hab\u00edan sido infravalorados al contemplar solo datos de gemelos sin tener en cuenta si las causas de sus muertes eran intr\u00ednsecas o extr\u00ednsecas. No se deber\u00edan contar casos de gente que muere joven en estudios sobre la contribuci\u00f3n de la gen\u00e9tica en la longevidad\u201d, a\u00f1ade.<\/p>\n<p class=\"\" style=\"text-align: justify;\">El cient\u00edfico lleva a\u00f1os estudiando a centenarios en busca de los factores gen\u00e9ticos que determinan su excepcional longevidad. \u201cEn un estudio con 750<a href=\"https:\/\/elpais.com\/ciencia\/2025-09-24\/estudiadme-aprended-de-mi-desvelados-los-secretos-de-la-longevidad-de-maria-la-anciana-catalana-que-murio-con-117-anos.html\" rel=\"\" data-link-track-dtm=\"\" data-mrf-link=\"https:\/\/elpais.com\/ciencia\/2025-09-24\/estudiadme-aprended-de-mi-desvelados-los-secretos-de-la-longevidad-de-maria-la-anciana-catalana-que-murio-con-117-anos.html\"> centenarios<\/a> y sus familias [el ensayo <a href=\"https:\/\/einsteinmed.edu\/es\/centers\/aging\/longevity-genes-project\/\" rel=\"\" data-link-track-dtm=\"\" data-mrf-link=\"https:\/\/einsteinmed.edu\/es\/centers\/aging\/longevity-genes-project\/\">Genes de la Longevidad<\/a>] la gen\u00e9tica explica entre el 80% y el 100% de las posibilidades de alcanzar edades tan avanzadas. Si tus padres son dos centenarios, tu vida ser\u00e1 un 24% m\u00e1s larga que el del resto de la poblaci\u00f3n a la que perteneces, 13% en el caso de que solo uno de tus padres sea centenario y un 7% si tienes un abuelo que vivi\u00f3 hasta estas edades. Esto significa que probablemente superes los 100 a\u00f1os, los 93 y los 85, respectivamente, teniendo en cuenta una esperanza de vida media de 80 a\u00f1os\u201d, destaca Barzilai.<\/p>\n<p class=\"\" style=\"text-align: justify;\">\u201cEste trabajo tiene consecuencias importantes para la investigaci\u00f3n en envejecimiento\u201d, resaltan <a href=\"https:\/\/researchprofiles.ku.dk\/en\/persons\/daniela-janina-bakula\/\" rel=\"\" data-link-track-dtm=\"\" data-mrf-link=\"https:\/\/researchprofiles.ku.dk\/en\/persons\/daniela-janina-bakula\/\">Daniela Bakula<\/a> y <a href=\"https:\/\/researchprofiles.ku.dk\/en\/persons\/morten-scheibye-knudsen\/\" rel=\"\" data-link-track-dtm=\"\" data-mrf-link=\"https:\/\/researchprofiles.ku.dk\/en\/persons\/morten-scheibye-knudsen\/\">Morten Scheibye-Knudsen<\/a>, del departamento de medicina molecular y celular de la Universidad de Copenhague (Dinamarca). \u201cUna contribuci\u00f3n sustancial de la gen\u00e9tica a la longevidad refuerza la necesidad de aumentar los esfuerzos para identificar las variantes gen\u00e9ticas asociadas, refinar los sistemas de riesgo polig\u00e9nico y resaltar qu\u00e9 diferencias gen\u00e9ticas est\u00e1n detr\u00e1s de los procesos biol\u00f3gicos que regulan el envejecimiento\u201d, apuntan los cient\u00edficos en un art\u00edculo complementario tambi\u00e9n publicado en <i>Science<\/i>. Los autores destacan que ese 55% encaja mucho mejor con lo que se sabe de la componente gen\u00e9tica de otros rasgos complejos en humanos. \u201cPosiblemente, esto significa que las tasas intr\u00ednsecas de longevidad se han optimizado al m\u00e1ximo a lo largo de la evoluci\u00f3n, en la l\u00ednea de otras como la<a href=\"https:\/\/elpais.com\/salud-y-bienestar\/2026-01-24\/rodrigo-quian-quiroga-neurocientifico-el-cerebro-humano-no-busca-recordar-sino-entender.html\" rel=\"\" data-link-track-dtm=\"\" data-mrf-link=\"https:\/\/elpais.com\/salud-y-bienestar\/2026-01-24\/rodrigo-quian-quiroga-neurocientifico-el-cerebro-humano-no-busca-recordar-sino-entender.html\"> inteligencia<\/a> y el metabolismo\u201d, dicen.<\/p>\n<\/div>\n<h3><a class=\"a_md_a_n\" title=\"Ver todas las noticias de Nu\u00f1o Dom\u00ednguez\" href=\"https:\/\/elpais.com\/autor\/nuno-dominguez-angulo\/#?rel=author_top\" data-mrf-link=\"https:\/\/elpais.com\/autor\/nuno-dominguez-angulo\/\">Nu\u00f1o Dom\u00ednguez<\/a><\/h3>\n<p>FOTO: l estudio ha analizado datos de 14.000 gemelos.<span class=\"a_m_m\">Ryan McVay (Getty Images)<\/span><\/p>\n<p>https:\/\/elpais.com\/ciencia\/2026-01-29\/la-genetica-determina-mas-de-la-mitad-de-los-anos-que-viviras.html<\/p>\n","protected":false},"excerpt":{"rendered":"<p>Una nueva revisi\u00f3n de datos de miles de gemelos calcula que hasta el 55% de&#8230;<\/p>\n","protected":false},"author":1,"featured_media":81704,"comment_status":"closed","ping_status":"closed","sticky":false,"template":"","format":"standard","meta":{"_coblocks_attr":"","_coblocks_dimensions":"","_coblocks_responsive_height":"","_coblocks_accordion_ie_support":"","jetpack_post_was_ever_published":false,"_jetpack_newsletter_access":"","_jetpack_dont_email_post_to_subs":false,"_jetpack_newsletter_tier_id":0,"_jetpack_memberships_contains_paywalled_content":false,"_jetpack_memberships_contains_paid_content":false,"footnotes":"","jetpack_publicize_message":"","jetpack_publicize_feature_enabled":true,"jetpack_social_post_already_shared":true,"jetpack_social_options":{"image_generator_settings":{"template":"highway","default_image_id":0,"enabled":false},"version":2}},"categories":[1161,44,6937,10],"tags":[],"class_list":["post-81703","post","type-post","status-publish","format-standard","has-post-thumbnail","hentry","category-ciudadania","category-noticias-de-hoy","category-sociedad","category-salud"],"jetpack_publicize_connections":[],"jetpack_featured_media_url":"https:\/\/i0.wp.com\/miradordeatarfe.es\/wp-content\/uploads\/2026\/01\/Screenshot-2026-01-29-at-20-28-59-La-genetica-determina-mas-de-la-mitad-de-los-anos-que-viviras-Ciencia-EL-PAIS.png?fit=826%2C413&ssl=1","jetpack_likes_enabled":true,"jetpack_sharing_enabled":true,"_links":{"self":[{"href":"https:\/\/miradordeatarfe.es\/index.php?rest_route=\/wp\/v2\/posts\/81703","targetHints":{"allow":["GET"]}}],"collection":[{"href":"https:\/\/miradordeatarfe.es\/index.php?rest_route=\/wp\/v2\/posts"}],"about":[{"href":"https:\/\/miradordeatarfe.es\/index.php?rest_route=\/wp\/v2\/types\/post"}],"author":[{"embeddable":true,"href":"https:\/\/miradordeatarfe.es\/index.php?rest_route=\/wp\/v2\/users\/1"}],"replies":[{"embeddable":true,"href":"https:\/\/miradordeatarfe.es\/index.php?rest_route=%2Fwp%2Fv2%2Fcomments&post=81703"}],"version-history":[{"count":1,"href":"https:\/\/miradordeatarfe.es\/index.php?rest_route=\/wp\/v2\/posts\/81703\/revisions"}],"predecessor-version":[{"id":81705,"href":"https:\/\/miradordeatarfe.es\/index.php?rest_route=\/wp\/v2\/posts\/81703\/revisions\/81705"}],"wp:featuredmedia":[{"embeddable":true,"href":"https:\/\/miradordeatarfe.es\/index.php?rest_route=\/wp\/v2\/media\/81704"}],"wp:attachment":[{"href":"https:\/\/miradordeatarfe.es\/index.php?rest_route=%2Fwp%2Fv2%2Fmedia&parent=81703"}],"wp:term":[{"taxonomy":"category","embeddable":true,"href":"https:\/\/miradordeatarfe.es\/index.php?rest_route=%2Fwp%2Fv2%2Fcategories&post=81703"},{"taxonomy":"post_tag","embeddable":true,"href":"https:\/\/miradordeatarfe.es\/index.php?rest_route=%2Fwp%2Fv2%2Ftags&post=81703"}],"curies":[{"name":"wp","href":"https:\/\/api.w.org\/{rel}","templated":true}]}}