{"id":81715,"date":"2026-02-01T10:09:00","date_gmt":"2026-02-01T09:09:00","guid":{"rendered":"https:\/\/miradordeatarfe.es\/?p=81715"},"modified":"2026-01-29T21:13:12","modified_gmt":"2026-01-29T20:13:12","slug":"ni-la-edad-ni-la-dureza-del-trabajo-los-verdaderos-motivos-tras-las-bajas","status":"publish","type":"post","link":"https:\/\/miradordeatarfe.es\/?p=81715","title":{"rendered":"Ni la edad ni la dureza del trabajo: los verdaderos motivos tras las bajas"},"content":{"rendered":"<h2 class=\"v-a-sub-t \" style=\"text-align: justify;\">Los motivos por los que una persona se aparta del mundo laboral son una excelente radiograf\u00eda sociol\u00f3gica y son estos<\/h2>\n<p class=\"v-p\" style=\"text-align: justify;\">Es uno de los caballos de batalla de cualquier empresa&#8230; y de la sociedad en general. El absentismo laboral lleva una d\u00e9cada creciendo en Espa\u00f1a <span class=\"paywall pw-open\">y ya ronda el 5,3% de los asalariados. Seg\u00fan la Encuesta de Poblaci\u00f3n Activa (EPA), est\u00e1 ahora mismo en m\u00e1ximos hist\u00f3ricos. \u00bfCu\u00e1les son hoy en d\u00eda las principales razones para no poder trabajar? Los motivos por los que una persona se aparta del mundo laboral son una excelente radiograf\u00eda sociol\u00f3gica y son estos&#8230;<\/span><\/p>\n<div class=\"paywall\" data-mrf-recirculation=\"Link art\u00edculos\">\n<div class=\"v-c-cmp v-c-cmp--ab-m\" style=\"text-align: justify;\">\n<div class=\"v-cmp-u-b\">\n<ol class=\"v-cmp-u-b__u\">\n<li class=\"v-cmp-u-b__l\">\n<header class=\"v-cmp-u-b__h\">\n<h4 class=\"v-a-t\">Los hijos &#8216;pesan&#8217; menos<\/h4>\n<\/header>\n<\/li>\n<\/ol>\n<\/div>\n<\/div>\n<p class=\"v-p\" style=\"text-align: justify;\">Sergi Macip, profesor de los Estudios de Psicolog\u00eda y Ciencias de la Educaci\u00f3n de la Universitat Oberta de Catalunya (UOC), explica que \u00abla incapacidad temporal \u2013es decir, baja por motivos de salud\u2013 representa el 80% de todo el absentismo, muy por encima de los permisos, las paradas t\u00e9cnicas \u2013por &#8216;culpa&#8217; de ajustes en la empresa\u2013 o la maternidad y paternidad\u00bb. La influencia de ese \u00faltimo factor ha ca\u00eddo un 5,5% en los \u00edndices en los \u00faltimos a\u00f1os, un porcentaje similar al de las paradas t\u00e9cnicas. Por su parte, los permisos remunerados (para ir al m\u00e9dico o emergencias, por ejemplo), tambi\u00e9n han bajado un 1,2%. As\u00ed que lo que se ha disparado claramente son los parones achacables a nuestros problemas f\u00edsicos o mentales, que han pasado de suponer el 63% de las horas efectivas no trabajadas al 78,2%.<\/p>\n<div class=\"v-adv  v-adv--ly\" style=\"text-align: justify;\">\n<div class=\"v-adv__item \">\u00a0<\/div>\n<\/div>\n<div class=\"v-c-cmp v-c-cmp--ab-m\" style=\"text-align: justify;\">\n<div class=\"v-cmp-u-b\">\n<ol class=\"v-cmp-u-b__u\">\n<li class=\"v-cmp-u-b__l\">\n<header class=\"v-cmp-u-b__h\">\n<h4 class=\"v-a-t\">Ni cosa de la edad ni de condiciones penosas<\/h4>\n<\/header>\n<\/li>\n<\/ol>\n<\/div>\n<\/div>\n<p class=\"v-p\" style=\"text-align: justify;\">La salud es lo que, principalmente, nos aparta del trabajo. \u00bfAchaques de la edad? \u00bfTareas especialmente duras? \u00bfQu\u00e9 nos deja tocados? Seg\u00fan un estudio reciente del Instituto Valenciano de Investigaciones Econ\u00f3micas, no hay grandes diferencias en cuanto a cantidad de bajas entre los sectores productivos, no se ve una relaci\u00f3n directa con la penosidad o precariedad del tajo y, adem\u00e1s, no hay un grupo de edad especialmente &#8216;bajero&#8217;. \u00abLos mayores acumulan m\u00e1s d\u00edas de incapacidad, s\u00ed, pero los j\u00f3venes piden m\u00e1s bajas cortas\u00bb, apunta el profesor de la UOC.<\/p>\n<div class=\"v-c-cmp v-c-cmp--ab-m\" style=\"text-align: justify;\">\n<div class=\"v-cmp-u-b\">\n<ol class=\"v-cmp-u-b__u\">\n<li class=\"v-cmp-u-b__l\">\n<header class=\"v-cmp-u-b__h\">\n<h4 class=\"v-a-t\">Lumbalgias y cefaleas<\/h4>\n<\/header>\n<\/li>\n<\/ol>\n<\/div>\n<\/div>\n<p class=\"v-p\" style=\"text-align: justify;\">Aunque las incapacidades temporales est\u00e1n subiendo en general \u2013tambi\u00e9n las que tienen que ver con patolog\u00edas graves, como el c\u00e1ncer o enfermedades cardiovasculares\u2013, \u00abhay un fuerte incremento de las que son dif\u00edciles de objetivar\u00bb. Sergi Macip pone dos ejemplos: dolores focalizados, como lumbalgias o cefaleas, y sobre todo, \u00abproblemas de salud mental, que se han incrementado un 87%\u00bb.<\/p>\n<p class=\"v-p\" style=\"text-align: justify;\">En las bajas de car\u00e1cter psicol\u00f3gico influye que \u00abhay una mayor sensibilizaci\u00f3n social&#8230; y una menor tolerancia a la frustraci\u00f3n\u00bb, apunta el experto en Psicolog\u00eda del trabajo y las organizaciones. Es una obviedad que esa fuerte subida no deja de ser un reflejo de una sociedad donde los problemas de salud mental est\u00e1n saturando las consultas. Los \u00edndices de soledad se vienen duplicando, al igual que la depresi\u00f3n y la ansiedad, afirma la experta Gabriella Rosen Kellerman, autora de &#8216;Felicidad laboral ya&#8217; (Ed. C\u00fapula). Da tambi\u00e9n otro dato curioso en esa obra: el 61% de los empleados a jornada completa sostiene que el trabajo ha hecho que enfermen debido, sobre todo, a la inestabilidad del puesto y la sensaci\u00f3n de inseguridad.<\/p>\n<div class=\"v-c-cmp v-c-cmp--ab-m\" style=\"text-align: justify;\">\n<div class=\"v-cmp-u-b\">\n<ol class=\"v-cmp-u-b__u\">\n<li class=\"v-cmp-u-b__l\">\n<header class=\"v-cmp-u-b__h\">\n<h4 class=\"v-a-t\">Flexibilidad y mayores<\/h4>\n<\/header>\n<\/li>\n<\/ol>\n<\/div>\n<\/div>\n<p class=\"v-p\" style=\"text-align: justify;\">Lo que s\u00ed han constatado los expertos es que cuando no es posible modificar la hora de entrada o salida del trabajo, el n\u00famero de bajas es algo mayor. Tambi\u00e9n cuando se tienen a cargo a personas mayores dependientes o cuando no se dispone de alg\u00fan d\u00eda libre entre semana.<\/p>\n<div class=\"v-c-cmp v-c-cmp--ab-m\" style=\"text-align: justify;\">\n<div class=\"v-cmp-u-b\">\n<ol class=\"v-cmp-u-b__u\">\n<li class=\"v-cmp-u-b__l\">\n<header class=\"v-cmp-u-b__h\">\n<h4 class=\"v-a-t\">Los &#8216;repetidores&#8217;<\/h4>\n<\/header>\n<\/li>\n<\/ol>\n<\/div>\n<\/div>\n<p class=\"v-p\" style=\"text-align: justify;\">\u00abOtro factor son los repetidores, pacientes de m\u00faltiples procesos que suman bajas de diferente tipolog\u00eda en un a\u00f1o\u00bb, apunta Macip. \u00abEso puede deberse a deficiencias en el proceso de curaci\u00f3n, diagn\u00f3sticos err\u00f3neos y problemas de clima laboral\u00bb, se\u00f1ala. Pero en ese \u00faltimo caso influye tambi\u00e9n el margen de tolerancia de cada cual, claro. De cualquier modo, el bienestar laboral es una de las mejores vacunas para reducir al m\u00ednimo el absentismo. Seg\u00fan detalla Meik Wiking en &#8216;Hygge work&#8217;, el 70% de los empleados querr\u00edan que sus responsables hagan m\u00e1s por su bienestar laboral. El mismo autor defiende que un jefe t\u00f3xico influye tanto o m\u00e1s que la pareja en la salud mental.<\/p>\n<p style=\"text-align: justify;\"><a href=\"https:\/\/www.ideal.es\/autor\/jesus-j-hernandez-173.html\" data-mrf-link=\"https:\/\/www.ideal.es\/autor\/jesus-j-hernandez-173.html\"><strong>Jes\u00fas J. Hern\u00e1ndez<\/strong><\/a><\/p>\n<p>https:\/\/www.ideal.es\/vivir\/relaciones-humanas\/edad-dureza-trabajo-verdaderos-motivos-tras-bajas-20260123192036-ntrc.html<\/p>\n<\/div>\n","protected":false},"excerpt":{"rendered":"<p>Los motivos por los que una persona se aparta del mundo laboral son una excelente&#8230;<\/p>\n","protected":false},"author":1,"featured_media":81716,"comment_status":"closed","ping_status":"closed","sticky":false,"template":"","format":"standard","meta":{"_coblocks_attr":"","_coblocks_dimensions":"","_coblocks_responsive_height":"","_coblocks_accordion_ie_support":"","jetpack_post_was_ever_published":false,"_jetpack_newsletter_access":"","_jetpack_dont_email_post_to_subs":false,"_jetpack_newsletter_tier_id":0,"_jetpack_memberships_contains_paywalled_content":false,"_jetpack_memberships_contains_paid_content":false,"footnotes":"","jetpack_publicize_message":"","jetpack_publicize_feature_enabled":true,"jetpack_social_post_already_shared":true,"jetpack_social_options":{"image_generator_settings":{"template":"highway","default_image_id":0,"enabled":false},"version":2}},"categories":[1161,44,6937,10],"tags":[],"class_list":["post-81715","post","type-post","status-publish","format-standard","has-post-thumbnail","hentry","category-ciudadania","category-noticias-de-hoy","category-sociedad","category-salud"],"jetpack_publicize_connections":[],"jetpack_featured_media_url":"https:\/\/i0.wp.com\/miradordeatarfe.es\/wp-content\/uploads\/2026\/01\/medico-kBHG-U20301228324La-1200x840%40RC.webp?fit=1200%2C840&ssl=1","jetpack_likes_enabled":true,"jetpack_sharing_enabled":true,"_links":{"self":[{"href":"https:\/\/miradordeatarfe.es\/index.php?rest_route=\/wp\/v2\/posts\/81715","targetHints":{"allow":["GET"]}}],"collection":[{"href":"https:\/\/miradordeatarfe.es\/index.php?rest_route=\/wp\/v2\/posts"}],"about":[{"href":"https:\/\/miradordeatarfe.es\/index.php?rest_route=\/wp\/v2\/types\/post"}],"author":[{"embeddable":true,"href":"https:\/\/miradordeatarfe.es\/index.php?rest_route=\/wp\/v2\/users\/1"}],"replies":[{"embeddable":true,"href":"https:\/\/miradordeatarfe.es\/index.php?rest_route=%2Fwp%2Fv2%2Fcomments&post=81715"}],"version-history":[{"count":1,"href":"https:\/\/miradordeatarfe.es\/index.php?rest_route=\/wp\/v2\/posts\/81715\/revisions"}],"predecessor-version":[{"id":81717,"href":"https:\/\/miradordeatarfe.es\/index.php?rest_route=\/wp\/v2\/posts\/81715\/revisions\/81717"}],"wp:featuredmedia":[{"embeddable":true,"href":"https:\/\/miradordeatarfe.es\/index.php?rest_route=\/wp\/v2\/media\/81716"}],"wp:attachment":[{"href":"https:\/\/miradordeatarfe.es\/index.php?rest_route=%2Fwp%2Fv2%2Fmedia&parent=81715"}],"wp:term":[{"taxonomy":"category","embeddable":true,"href":"https:\/\/miradordeatarfe.es\/index.php?rest_route=%2Fwp%2Fv2%2Fcategories&post=81715"},{"taxonomy":"post_tag","embeddable":true,"href":"https:\/\/miradordeatarfe.es\/index.php?rest_route=%2Fwp%2Fv2%2Ftags&post=81715"}],"curies":[{"name":"wp","href":"https:\/\/api.w.org\/{rel}","templated":true}]}}