{"id":81721,"date":"2026-01-31T11:11:43","date_gmt":"2026-01-31T10:11:43","guid":{"rendered":"https:\/\/miradordeatarfe.es\/?p=81721"},"modified":"2026-01-30T18:19:37","modified_gmt":"2026-01-30T17:19:37","slug":"81721","status":"publish","type":"post","link":"https:\/\/miradordeatarfe.es\/?p=81721","title":{"rendered":"ATARFE APRUEBA SUS PRESUPUESTOS PARA 2026"},"content":{"rendered":"<blockquote>\n<h3 style=\"text-align: justify;\">La Sra. Alcaldesa, en la memoria que acompa\u00f1a a los presupuestos y que acaba de exponer se han puesto de manifiesto los principios que inspiran este presupuesto para el ejercicio 2026 as\u00ed como las l\u00edneas generales de actuaci\u00f3n.<\/h3>\n<\/blockquote>\n<p style=\"text-align: justify;\">Pero sin duda resulta conveniente que a los ciudadanos se les identifiquen de forma m\u00e1s concreta, aunque sea a grades rasgos, donde y en cuanto se concretan esos principios y es lo que a continuaci\u00f3n paso a exponer que es para lo que la Sra. Alcaldesa me ha concedido la palabra.<\/p>\n<p style=\"text-align: justify;\"><strong><b>INGRESOS<\/b><\/strong><\/p>\n<p style=\"text-align: justify;\">Los \u00a0ingresos, con una previsi\u00f3n de 30.266.116,40 euros y que supone un incremento de 2.274.374,63 euros respecto al a\u00f1o 2025, lo que supone un 8,13% m\u00e1s, deben saber nuestros vecinos que no se debe en ning\u00fan caso de la subida por decisi\u00f3n municipal de impuestos o tasas que deban abonar.<\/p>\n<p style=\"text-align: justify;\">Los recibos de IBI, Actividades y Veh\u00edculos no han sufrido aumento alguno (en el tipo impositivo) si bien los respectivos padrones si que se incrementan debido al esfuerzo municipal en las labores de inspecci\u00f3n y recaudaci\u00f3n que ya se inici\u00f3 el a\u00f1o pasado y que est\u00e1 dando sus frutos para beneficio de todos consiguiendo que todos los que tienen que pagar paguen.<\/p>\n<p style=\"text-align: justify;\">El ICIO (impuesto construcciones, instalaciones y obras) y las tasas por licencias urban\u00edsticas tampoco se tocan a pesar de que la previsi\u00f3n de ingresos es menor que en el ejercicio 2025, realizando una previsi\u00f3n realista, bajan un 44,00 %.<\/p>\n<p style=\"text-align: justify;\">La \u00fanica salvedad es la entrada en vigor de la tasa por tratamiento de residuos que si bien se aprob\u00f3 hace meses se aplaz\u00f3 su entrada en vigor hasta enero de este a\u00f1o 2026. Tasa impuesta por la Comunidad Europea.<\/p>\n<p style=\"text-align: justify;\">Otras fuentes de ingresos previstas AJENAS AL BOLSILLO DE LOS VECINOS DE ATARFE, ser\u00e1n los procedentes de ingresos Patrimoniales y Enajenaci\u00f3n de Inversiones Reales, es decir, y para que los vecinos nos entiendan, los procedentes de la gesti\u00f3n de las canteras y de la venta de locales de la plaza toros.<\/p>\n<p style=\"text-align: justify;\">Los ingresos por canteras no se contemplaron en el ejercicio 2025 porque no hab\u00eda ninguna previsi\u00f3n realista de ning\u00fan tipo de actuaci\u00f3n en la zona. Este ejercicio si la hay y as\u00ed se plasma en el documento que obra en el expediente y por ello se contempla en el presupuesto 2026.<\/p>\n<p style=\"text-align: justify;\">En cuanto a la venta de locales, esta decisi\u00f3n se toma a ra\u00edz de la recuperaci\u00f3n del derecho de superficie de la Fundaci\u00f3n Andaluc\u00eda Accesible (SORDOS) que implica que dispongamos EN PROPIEDAD de unos 1000 metros cuadrados de equipamiento administrativo y es por ello que proponemos desprendernos de 6 locales de la plaza de toros.<\/p>\n<p style=\"text-align: justify;\"><strong><b>GASTOS<\/b><\/strong><\/p>\n<p style=\"text-align: justify;\">En cuanto a los gastos, que quiz\u00e1s es lo que m\u00e1s interesa al vecino de Atarfe, tambi\u00e9n asciende a 30.266.166,40 euros coincidente con los ingresos previstos, como no puede ser de otra manera.<\/p>\n<p style=\"text-align: justify;\">El Cap\u00edtulo I, se ha incrementado con \u00a0las subidas que la Ley de presupuestos Generales prev\u00e9 y como consecuencia de las nuevas plazas creadas para prestar un mejor servicio al ciudadano, entre ellas, en materia de seguridad, dando cumplimiento a las promesas electorales, se han ampliado con 6 nuevas plazas polic\u00eda, 5 por oposici\u00f3n y 1 por comisi\u00f3n de servicios.<\/p>\n<p style=\"text-align: justify;\">Como ya se dijo en la comisi\u00f3n informativa aparecen reflejadas la asignaci\u00f3n de gratificaciones y productividades a personal del ayuntamiento, motivada por la escasez de medios personales con los que se cuenta, tal y como pone de manifiesto el interventor en sus informes, qu\u00e9 aun siendo irregular en cuanto a la forma, es necesario para seguir funcionando.<\/p>\n<p style=\"text-align: justify;\">Tambi\u00e9n se destina un importe muy importante de 15.086.530,24 \u20ac al cap\u00edtulo de gastos corrientes, que supone casi el 50% del presupuesto de gastos de este ayuntamiento, que contiene partidas tan importantes como:<\/p>\n<ol style=\"text-align: justify;\">\n<li>Ayuda a Domicilio\u2026\u2026\u2026\u2026\u2026\u2026\u2026.\u2026\u20263.035.307,60 \u20ac Esta supone un 10% del presupuesto total, sin tener en cuenta la parte de fondos propios que aporta este ayuntamiento para la ayuda a domicilio municipal.<\/li>\n<li>Gesti\u00f3n del Deporte.\u2026\u2026\u2026\u2026\u2026\u2026&#8230;1.280.000,00 \u20ac<\/li>\n<li>Servicio limpieza y residuos\u2026.\u2026.2.500.000,00 \u20ac<\/li>\n<li>Suministros\u2026\u2026\u2026\u2026\u2026\u2026\u2026\u2026\u2026\u2026\u2026&#8230;1.766.914,17 \u20ac (electricidad y tel\u00e9fono, que si quitamos inversi\u00f3n\u2026\u2026\u2026\u2026\u2026\u2026\u2026\u2026\u2026\u2026\u2026\u2026\u2026\u2026 1.300.000,00 \u20ac<\/li>\n<\/ol>\n<p style=\"text-align: justify;\">TOTAL\u2026\u2026.\u2026\u2026\u2026\u2026\u2026\u2026\u2026\u2026\u2026\u2026\u2026\u2026\u2026..8.115.307,60 \u20ac<\/p>\n<p style=\"text-align: justify;\">Del total de estos 15.000.000 \u20ac estas partidas suponen casi el 50% de \u00a0los gastos corrientes de este ayuntamiento, y casi el 30% del total del presupuesto<\/p>\n<p style=\"text-align: justify;\">En cuanto a la cr\u00edtica de esta corporaci\u00f3n en fiestas y cultura decir que supone el 5,92 % del presupuesto de gastos corrientes y tan solo el 2,95% del presupuesto total de este municipio\u2026.<\/p>\n<p style=\"text-align: justify;\">Otro gran bloque de gasto, y que como el anterior caso repercute en el bienestar de los ciudadanos, es el recogido en el cap\u00edtulo VI de inversiones, que supone un 9,12% del total del presupuesto.<\/p>\n<p style=\"text-align: justify;\">* Reg. parte convenios urban\u00edsticos\u2026&#8230;200.000,00 \u20ac<\/p>\n<p style=\"text-align: justify;\">* Terminar los vestuarios del Campo de Futbol\u2026\u2026\u2026\u2026\u2026\u2026\u2026\u2026\u2026\u2026\u2026\u2026\u2026\u2026\u2026\u2026\u2026\u2026\u2026\u2026.100.000,00 \u20ac<\/p>\n<p style=\"text-align: justify;\">* Gimnasio\u2026\u2026\u2026\u2026\u2026\u2026\u2026\u2026..\u2026\u2026\u2026\u2026\u2026\u2026&#8230;..350.000,00 \u20ac<\/p>\n<p style=\"text-align: justify;\">* Plan de Asfaltado\u2026\u2026\u2026\u2026.\u2026\u2026\u2026\u2026\u2026\u2026\u2026..100.000,00 \u20ac<\/p>\n<p style=\"text-align: justify;\">* Mejora de los centros educativos de Atarfe, para hacerlos m\u00e1s sostenibles para que nuestros ni\u00f1os mejoren su bienestar en los centros\u2026\u2026.120.000,00 \u20ac<\/p>\n<p style=\"text-align: justify;\">* Proyectos, estudios direcciones de obra referidos a proyectos como el refugio clim\u00e1tico, centro interpretaci\u00f3n Medina Elvira, mejoras en los centros educativos y espacios urbanos, pabell\u00f3n deportivo\u2026\u2026\u2026\u2026\u2026\u2026\u2026\u2026\u2026\u2026\u2026\u2026\u2026\u2026\u2026\u2026.\u2026..300.000,00 \u20ac<\/p>\n<p style=\"text-align: justify;\">Destacar que las inversiones que se prev\u00e9n financiar con fondos europeos son ya una realidad en este a\u00f1o pero son un adelanto de lo que va a llegar en los pr\u00f3ximos tres a\u00f1os:<\/p>\n<p style=\"text-align: justify;\">\u00a0<\/p>\n<ul style=\"text-align: justify;\">\n<li>*Refugio Clim\u00e1tico\u2026\u2026\u2026\u2026\u2026\u2026\u20261.950.000,00 \u20ac<\/li>\n<li>*Cintur\u00f3n verde\u2026\u2026\u2026\u2026\u2026\u2026\u2026\u2026&#8230;.810.000,00 \u20ac<\/li>\n<li>*CAME\u2026\u2026\u2026\u2026\u2026\u2026\u2026\u2026\u2026\u2026\u2026\u2026\u2026\u2026&#8230;988.429,33 \u20ac<\/li>\n<li>*Pabell\u00f3n Deportivo\u2026\u2026\u2026\u2026\u2026..2.500.000,00 \u20ac<\/li>\n<li>*Museo Medina Elvira\u2026\u2026\u2026\u2026\u2026\u2026786.000,00 \u20ac<\/li>\n<\/ul>\n<p style=\"text-align: justify;\">Que se ir\u00e1n consignando, en presupuestos venideros.<\/p>\n<p style=\"text-align: justify;\">Estos tres cap\u00edtulos de gastos comentados suponen casi el 90% del presupuesto de 30.266.116,40 \u20ac.<\/p>\n<p><span class=\"T286Pc\" data-sfc-cp=\"\" data-processed=\"true\"><strong class=\"Yjhzub\" data-processed=\"true\">Concejala de Econom\u00eda, Hacienda y Contrataci\u00f3n:<\/strong> Maria Elisa Gonzalez Garc\u00eda <\/span><\/p>\n","protected":false},"excerpt":{"rendered":"<p>La Sra. Alcaldesa, en la memoria que acompa\u00f1a a los presupuestos y que acaba de&#8230;<\/p>\n","protected":false},"author":1,"featured_media":81722,"comment_status":"closed","ping_status":"closed","sticky":false,"template":"","format":"standard","meta":{"_coblocks_attr":"","_coblocks_dimensions":"","_coblocks_responsive_height":"","_coblocks_accordion_ie_support":"","jetpack_post_was_ever_published":false,"_jetpack_newsletter_access":"","_jetpack_dont_email_post_to_subs":false,"_jetpack_newsletter_tier_id":0,"_jetpack_memberships_contains_paywalled_content":false,"_jetpack_memberships_contains_paid_content":false,"footnotes":"","jetpack_publicize_message":"","jetpack_publicize_feature_enabled":true,"jetpack_social_post_already_shared":true,"jetpack_social_options":{"image_generator_settings":{"template":"highway","default_image_id":0,"enabled":false},"version":2}},"categories":[6916,1161,44],"tags":[],"class_list":["post-81721","post","type-post","status-publish","format-standard","has-post-thumbnail","hentry","category-ayuntamiento-de-atarfe","category-ciudadania","category-noticias-de-hoy"],"jetpack_publicize_connections":[],"jetpack_featured_media_url":"https:\/\/i0.wp.com\/miradordeatarfe.es\/wp-content\/uploads\/2026\/01\/Sin-titulo.jpg?fit=200%2C150&ssl=1","jetpack_likes_enabled":true,"jetpack_sharing_enabled":true,"_links":{"self":[{"href":"https:\/\/miradordeatarfe.es\/index.php?rest_route=\/wp\/v2\/posts\/81721","targetHints":{"allow":["GET"]}}],"collection":[{"href":"https:\/\/miradordeatarfe.es\/index.php?rest_route=\/wp\/v2\/posts"}],"about":[{"href":"https:\/\/miradordeatarfe.es\/index.php?rest_route=\/wp\/v2\/types\/post"}],"author":[{"embeddable":true,"href":"https:\/\/miradordeatarfe.es\/index.php?rest_route=\/wp\/v2\/users\/1"}],"replies":[{"embeddable":true,"href":"https:\/\/miradordeatarfe.es\/index.php?rest_route=%2Fwp%2Fv2%2Fcomments&post=81721"}],"version-history":[{"count":2,"href":"https:\/\/miradordeatarfe.es\/index.php?rest_route=\/wp\/v2\/posts\/81721\/revisions"}],"predecessor-version":[{"id":81724,"href":"https:\/\/miradordeatarfe.es\/index.php?rest_route=\/wp\/v2\/posts\/81721\/revisions\/81724"}],"wp:featuredmedia":[{"embeddable":true,"href":"https:\/\/miradordeatarfe.es\/index.php?rest_route=\/wp\/v2\/media\/81722"}],"wp:attachment":[{"href":"https:\/\/miradordeatarfe.es\/index.php?rest_route=%2Fwp%2Fv2%2Fmedia&parent=81721"}],"wp:term":[{"taxonomy":"category","embeddable":true,"href":"https:\/\/miradordeatarfe.es\/index.php?rest_route=%2Fwp%2Fv2%2Fcategories&post=81721"},{"taxonomy":"post_tag","embeddable":true,"href":"https:\/\/miradordeatarfe.es\/index.php?rest_route=%2Fwp%2Fv2%2Ftags&post=81721"}],"curies":[{"name":"wp","href":"https:\/\/api.w.org\/{rel}","templated":true}]}}