{"id":81725,"date":"2026-02-01T11:20:09","date_gmt":"2026-02-01T10:20:09","guid":{"rendered":"https:\/\/miradordeatarfe.es\/?p=81725"},"modified":"2026-02-01T12:46:05","modified_gmt":"2026-02-01T11:46:05","slug":"papa-que-es-la-politica-por-fran-lopez","status":"publish","type":"post","link":"https:\/\/miradordeatarfe.es\/?p=81725","title":{"rendered":"Pap\u00e1, \u00bfQu\u00e9 es la pol\u00edtica? por Fran L\u00f3pez"},"content":{"rendered":"<h3 style=\"text-align: justify;\">De entre las obligaciones de un padre con hijas en edad escolar est\u00e1 la de dedicar unos\u00a0minutos de la jornada a practicar la lectura, con el fin de crear una rutina que termine\u00a0por convertirse en una necesidad.<\/h3>\n<p style=\"text-align: justify;\">La necesidad de sumergirse en el maravilloso mundo\u00a0de la literatura, del que hoy d\u00eda \u2014no nos enga\u00f1emos\u2014 mi hija de ocho a\u00f1os a\u00fan est\u00e1\u00a0lejos, pues para ella coger un libro y dedicar unos minutos de la tarde a leer se\u00a0convierte, en un aut\u00e9ntico suplicio.<\/p>\n<p style=\"text-align: justify;\">A lo largo de esta peque\u00f1a odisea hemos ido probando todo tipo de lecturas, en busca de\u00a0despertar ese apetito lector que parece resistirse. Actualmente nos encontramos\u00a0inmersos en <i>Lecciones de poes\u00eda para ni\u00f1os y ni\u00f1as inquietos<\/i>, de Luis Garc\u00eda Montero,\u00a0nuestro poeta granadino de cabecera, que con este libro tiende puentes entre\u00a0generaciones lectoras.<\/p>\n<p style=\"text-align: justify;\">Hace unas tardes, en una de nuestras sesiones, nos topamos con un p\u00e1rrafo que, sacado\u00a0de contexto, podr\u00eda parecer trivial. Pero dame un momento y entender\u00e1s el porqu\u00e9 de\u00a0este art\u00edculo. El texto dec\u00eda as\u00ed:<\/p>\n<p style=\"text-align: justify;\"><i>\u00ab\u2026Tambi\u00e9n es l\u00f3gico que nos entren ganas de re\u00edr en las situaciones m\u00e1s serias,\u00a0<\/i><i>cuando a los mayores se les pone la cara como un melocot\u00f3n y empiezan a discutir por\u00a0<\/i><i>cuestiones de dinero o de pol\u00edtica\u00bb. <\/i><\/p>\n<p style=\"text-align: justify;\">Al llegar a este punto, mi hija \u2014que normalmente encuentra cualquier excusa para\u00a0levantar la mirada del texto\u2014 se detuvo, alz\u00f3 la mirada y, con una mezcla de sinceridad\u00a0e inocencia, me pregunt\u00f3:<\/p>\n<p style=\"text-align: justify;\">\u2014Pap\u00e1, \u00bfqu\u00e9 es la pol\u00edtica?<\/p>\n<p style=\"text-align: justify;\">Y yo, que suelo tener respuesta para casi todas sus dudas, me vi esta vez ante una\u00a0inesperada introspecci\u00f3n. En mi cabeza no aparec\u00eda ninguna definici\u00f3n r\u00e1pida, m\u00e1s que\u00a0el continente, se me ven\u00eda el contenido m\u00e1s deleznable: Trump, Feij\u00f3o, Abascal, Milei,\u00a0Meloni\u2026 Sin recursos f\u00e1ciles, opt\u00e9 por ganar tiempo y devolv\u00ed la pregunta con un\u00a0comod\u00edn familiar:<\/p>\n<p style=\"text-align: justify;\">\u2014\u00a1Mam\u00e1! (v\u00e9ase que as\u00ed llamo a mi esposa), dice Julia que qu\u00e9 es la pol\u00edtica.<\/p>\n<p style=\"text-align: justify;\">Ella, r\u00e1pida y con esa claridad que le caracteriza, respondi\u00f3:<\/p>\n<p style=\"text-align: justify;\">\u2014Julia, la pol\u00edtica es la encargada de crear las leyes y las normas por las que nos\u00a0regimos como ciudadanos.<\/p>\n<p style=\"text-align: justify;\">Esto me llev\u00f3 a nueva reflexi\u00f3n en la que comprend\u00ed que, pese a la desafecci\u00f3n que\u00a0rodea hoy a muchos pol\u00edticos, la pol\u00edtica es algo que debemos ense\u00f1ar con respeto y\u00a0esperanza. Que nuestras hijas aprendan qu\u00e9 significa participar, cuestionar y decidir.<\/p>\n<p style=\"text-align: justify;\">Que desarrollen pensamiento cr\u00edtico para vivir en la democracia que merecen y no dejar\u00a0que otros impongan sus ideas sin discusi\u00f3n.\u00a0Padres y madres, estad preparados: vuestras hijas os har\u00e1n preguntas que no siempre\u00a0tendr\u00e1n respuestas f\u00e1ciles. Sirva el presente art\u00edculo como advertencia, ya no valen\u00a0lamentaciones. Y, mientras mi hija vuelve a su libro y yo con ella, pienso que quiz\u00e1,\u00a0despu\u00e9s de todo, esta es la mejor manera de aprender sobre pol\u00edtica: leer juntos,\u00a0conversar, y dejar que la curiosidad inocente de una ni\u00f1a me ense\u00f1e m\u00e1s de lo que yo\u00a0podr\u00eda ense\u00f1arle.<\/p>\n<p>FOTO: PLENO INFANTIL EN EL CONGRESO DE DIPUTADOS<\/p>\n","protected":false},"excerpt":{"rendered":"<p>De entre las obligaciones de un padre con hijas en edad escolar est\u00e1 la de&#8230;<\/p>\n","protected":false},"author":1,"featured_media":81726,"comment_status":"closed","ping_status":"closed","sticky":false,"template":"","format":"standard","meta":{"_coblocks_attr":"","_coblocks_dimensions":"","_coblocks_responsive_height":"","_coblocks_accordion_ie_support":"","jetpack_post_was_ever_published":false,"_jetpack_newsletter_access":"","_jetpack_dont_email_post_to_subs":false,"_jetpack_newsletter_tier_id":0,"_jetpack_memberships_contains_paywalled_content":false,"_jetpack_memberships_contains_paid_content":false,"footnotes":"","jetpack_publicize_message":"","jetpack_publicize_feature_enabled":true,"jetpack_social_post_already_shared":false,"jetpack_social_options":{"image_generator_settings":{"template":"highway","default_image_id":0,"enabled":false},"version":2}},"categories":[1161,186,44,6937],"tags":[],"class_list":["post-81725","post","type-post","status-publish","format-standard","has-post-thumbnail","hentry","category-ciudadania","category-instituciones","category-noticias-de-hoy","category-sociedad"],"jetpack_publicize_connections":[],"jetpack_featured_media_url":"https:\/\/i0.wp.com\/miradordeatarfe.es\/wp-content\/uploads\/2026\/01\/Pleno-infantil-en-el-Congreso-de-los-Diputados_4-1024x6831-1.jpg?fit=1024%2C683&ssl=1","jetpack_likes_enabled":true,"jetpack_sharing_enabled":true,"_links":{"self":[{"href":"https:\/\/miradordeatarfe.es\/index.php?rest_route=\/wp\/v2\/posts\/81725","targetHints":{"allow":["GET"]}}],"collection":[{"href":"https:\/\/miradordeatarfe.es\/index.php?rest_route=\/wp\/v2\/posts"}],"about":[{"href":"https:\/\/miradordeatarfe.es\/index.php?rest_route=\/wp\/v2\/types\/post"}],"author":[{"embeddable":true,"href":"https:\/\/miradordeatarfe.es\/index.php?rest_route=\/wp\/v2\/users\/1"}],"replies":[{"embeddable":true,"href":"https:\/\/miradordeatarfe.es\/index.php?rest_route=%2Fwp%2Fv2%2Fcomments&post=81725"}],"version-history":[{"count":1,"href":"https:\/\/miradordeatarfe.es\/index.php?rest_route=\/wp\/v2\/posts\/81725\/revisions"}],"predecessor-version":[{"id":81727,"href":"https:\/\/miradordeatarfe.es\/index.php?rest_route=\/wp\/v2\/posts\/81725\/revisions\/81727"}],"wp:featuredmedia":[{"embeddable":true,"href":"https:\/\/miradordeatarfe.es\/index.php?rest_route=\/wp\/v2\/media\/81726"}],"wp:attachment":[{"href":"https:\/\/miradordeatarfe.es\/index.php?rest_route=%2Fwp%2Fv2%2Fmedia&parent=81725"}],"wp:term":[{"taxonomy":"category","embeddable":true,"href":"https:\/\/miradordeatarfe.es\/index.php?rest_route=%2Fwp%2Fv2%2Fcategories&post=81725"},{"taxonomy":"post_tag","embeddable":true,"href":"https:\/\/miradordeatarfe.es\/index.php?rest_route=%2Fwp%2Fv2%2Ftags&post=81725"}],"curies":[{"name":"wp","href":"https:\/\/api.w.org\/{rel}","templated":true}]}}