{"id":81728,"date":"2026-01-31T11:00:00","date_gmt":"2026-01-31T10:00:00","guid":{"rendered":"https:\/\/miradordeatarfe.es\/?p=81728"},"modified":"2026-01-30T18:48:20","modified_gmt":"2026-01-30T17:48:20","slug":"atarfe-campeonato-provincial-de-ajedrez-1a-y-2a-division","status":"publish","type":"post","link":"https:\/\/miradordeatarfe.es\/?p=81728","title":{"rendered":"ATARFE:  *CAMPEONATO PROVINCIAL DE AJEDREZ 1\u00aa Y 2\u00aa DIVISI\u00d3N*"},"content":{"rendered":"<h3 dir=\"auto\" style=\"text-align: justify;\">Desde la Concejal\u00eda de Deportes del Ayuntamiento de Atarfe nos transmite el orgullo de anunciar que, por primera vez, nuestro municipio acoger\u00e1 el Campeonato Provincial de Ajedrez, un evento deportivo de gran relevancia a nivel provincial.<\/h3>\n<div dir=\"auto\" style=\"text-align: justify;\">El campeonato se celebrar\u00e1 durante los d\u00edas <em><strong>31 de enero, 7, 14 y 21 de febrero, en horario de 10:00 a 14:00 h y de 17:00 a 20:00 h, en el Centro C\u00edvico, situado en calle Peon\u00eda<\/strong><\/em><\/div>\n<div dir=\"auto\" style=\"text-align: justify;\">\u00a0<\/div>\n<div dir=\"auto\" style=\"text-align: justify;\">El evento contar\u00e1 con un \u00e9xito rotundo de participaci\u00f3n, con m\u00e1s de 150 personas compitiendo en esta importante cita del ajedrez provincial.<\/div>\n<div dir=\"auto\" style=\"text-align: justify;\">\u00a0<\/div>\n<div dir=\"auto\" style=\"text-align: justify;\">Esta competici\u00f3n se enmarca dentro del compromiso de Atarfe con el deporte, reforzando su proyecci\u00f3n como Atarfe, Villa Europea del Deporte 2026, acogiendo eventos deportivos de m\u00e1xima relevancia e importancia.<\/div>\n<div dir=\"auto\">\n<div dir=\"auto\">El campeonato est\u00e1 organizado por la <strong>Federaci\u00f3n Andaluza de Ajedrez y la Delegaci\u00f3n Granadina de Ajedrez<\/strong>, en colaboraci\u00f3n con la <strong>Concejal\u00eda de Deportes del Ayuntamiento de Atarfe y la Escuela de Ajedrez Ciudad de Atarfe<\/strong><\/div>\n<div dir=\"auto\"><strong>(Asociaci\u00f3n Art\u00edstica y Cultural Ciudad de Atarfe).<\/strong><\/div>\n<\/div>\n<div dir=\"auto\">\n<p style=\"text-align: justify;\">La competici\u00f3n se disputa a 5 tableros en Primera Provincial y 4 en Segunda Provincial.<\/p>\n<p style=\"text-align: justify;\">En la categor\u00eda Primera Provincial podr\u00e1 haber un m\u00e1ximo de 2 equipos de un mismo club, los cuales no pueden ser equipos filiales entre ellos mismos.<\/p>\n<p style=\"text-align: justify;\">Se establece un m\u00e1ximo de 20 jugadores por equipo, cuatro por tablero en Primera y 16 jugadores en\u00a0 Segunda. Todos los jugadores que conformen los diferentes equipos deber\u00e1n pertenecer al mismo Club.<\/p>\n<p style=\"text-align: justify;\">Un jugador no podr\u00e1 figurar en dos equipos de la misma categor\u00eda, pero s\u00ed en varios de distinta categor\u00eda.<\/p>\n<p style=\"text-align: justify;\">A la hora de establecer el orden de fuerza de los jugadores, se deber\u00e1 atener a la clasificaci\u00f3n ELO FADA en vigor, o ELO FIDE en su defecto, en ambos casos, correspondiente al mes de enero de 2026.<\/p>\n<p style=\"text-align: justify;\">El orden de fuerza de los jugadores dentro del equipo deber\u00e1 respetar una variaci\u00f3n m\u00e1xima de 100 puntos ELO FADA. A este efecto, los jugadores del equipo sin valoraci\u00f3n ELO FADA se computar\u00e1n por la puntuaci\u00f3n m\u00ednima de este.<\/p>\n<p style=\"text-align: justify;\">En primera provincial los cinco primeros jugadores del orden de fuerza denominados jugadores titulares, no podr\u00e1n jugar en la categor\u00eda inferior. Los restantes jugadores, sexto en adelante, podr\u00e1n figurar en otro equipo de categor\u00eda inferior si cumplen los requisitos para ello.<\/p>\n<p style=\"text-align: justify;\">Los equipos que no hayan completado su lista podr\u00e1n incluir nuevos jugadores. Las nuevas inscripciones ser\u00e1n solicitadas por escrito a la Delegaci\u00f3n Granadina ,\u00a0<a href=\"mailto:granadina.ajedrez@gmail.com\">granadina.ajedrez@gmail.com<\/a>, quien, una vez confirmada la inscripci\u00f3n informar\u00e1 al rival en la siguiente ronda del equipo solicitante.<\/p>\n<p style=\"text-align: justify;\"><strong><u>Lugar de juego:<\/u><\/strong> <strong>Centro C\u00edvico, Calle Peonia n\u00ba 5 de Atarfe, Granad<\/strong>a<\/p>\n<p style=\"text-align: justify;\"><strong><u>Calendario: <\/u><\/strong><\/p>\n<p style=\"text-align: justify;\">Ronda 1: 31 de Enero \u00a010 Horas<\/p>\n<p style=\"text-align: justify;\">Ronda 2: 31 de Enero\u00a0\u00a0 16 Horas<\/p>\n<p style=\"text-align: justify;\">Ronda 3: 7 de Febrero \u00a010 Horas<\/p>\n<p style=\"text-align: justify;\">Ronda 4: 7 de Febrero \u00a016 Horas<\/p>\n<p style=\"text-align: justify;\">Ronda 5: 14 de Febrero 10 Horas<\/p>\n<p style=\"text-align: justify;\">Ronda 6: 14 de Febrero 16 Horas<\/p>\n<p style=\"text-align: justify;\">Ronda 7: 21 de Febrero 10 Horas<\/p>\n<p style=\"text-align: justify;\"><strong><u>Sistema y ritmo de juego <\/u><\/strong><\/p>\n<p style=\"text-align: justify;\"><strong>En Primera Provincial<\/strong><\/p>\n<p style=\"text-align: justify;\">Liga a una vuelta por sistema Round Robin a 7 rondas.<\/p>\n<p style=\"text-align: justify;\">Los encuentros ser\u00e1n a 5 tableros. El equipo local jugar\u00e1 con negras en los tableros impares y con blancas en los pares.<\/p>\n<p style=\"text-align: justify;\">El ritmo ser\u00e1, para cada jugador, de 90 minutos m\u00e1s 30 segundos de incremento por jugada. Los equipos del mismo Club jugar\u00e1n entre ellos en ronda 1 y en la \u00faltima ronda los 2 primeros equipos del ranking inicial a no ser que ya hayan jugado en ronda 1 por ser del mismo Club.<\/p>\n<p style=\"text-align: justify;\"><strong>En segunda provincial, con 5, 6 , 7 y 8 \u00a0equipos <\/strong>se disputar\u00e1 un round Robin con sorteo previo de n\u00fameros, jugando equipos del mismo club y los dos equipos m\u00e1s fuertes seg\u00fan la media de los cuatro primeros tableros, en la \u00faltima ronda (excepto que ambos sean del mismo club). Los tableros impares (equipo local) jugar\u00e1n con negras.<\/p>\n<p style=\"text-align: justify;\"><strong>En segunda provincial con 9 o m\u00e1s equipos<\/strong> se disputar\u00e1 un suizo a 7 rondas. Los emparejamientos tambi\u00e9n\u00a0 ser\u00e1n dirigidos al inicio, los equipos del mismo club jugar\u00e1n entre ellos en las primeras rondas enfrentando inicialmente a los de mayor ranking inicial. Los tableros impares (equipo local) jugar\u00e1n con negras.<\/p>\n<p style=\"text-align: justify;\"><strong><u>Equipos participantes <\/u><\/strong><\/p>\n<p style=\"text-align: justify;\">Concluida la temporada 2025 y, seg\u00fan los resultados de los encuentros de promoci\u00f3n entre Primera Andaluza y Primera Provincial y tras los ascensos y descensos producidos entre los equipos implicados de Primera Provincial y Primera Andaluza, as\u00ed como, entre los equipos de Primera Provincial y Segunda Provincial\u00a0 una vez tenida en cuenta, los equipos que componen esta competici\u00f3n son los siguientes:<\/p>\n<p style=\"text-align: justify;\">PRIMERA DIVISI\u00d3N PROVINCIAL<\/p>\n<p style=\"text-align: justify;\">C.A.OTURA A<\/p>\n<p>C.A.OTURA B<\/p>\n<p>C.A.MOTRIL<\/p>\n<p>C.A.GUADIX A<\/p>\n<p>C.A.LA ZUBIA D<\/p>\n<p>C.A.LA ZUBIA E<\/p>\n<p>C.A.PUERTA ELVIRA B<\/p>\n<p>C.A.PONIENTE GRANADINO<\/p>\n<p>Suplentes:<\/p>\n<p>VEGAS DEL GENIL A<\/p>\n<p>DAMA DE BAZA<\/p>\n<div dir=\"auto\">Atarfe sigue apostando por el deporte, la cultura y los valores que transmite el ajedrez.\u00a0<\/div>\n<\/div>\n<div dir=\"auto\">\u00a0<\/div>\n<div dir=\"auto\">FOTO: https:\/\/www.chess.com\/es\/article\/view\/como-aprende-la-mente-del-jugador-de-ajedrez<\/div>\n","protected":false},"excerpt":{"rendered":"<p>Desde la Concejal\u00eda de Deportes del Ayuntamiento de Atarfe nos transmite el orgullo de anunciar&#8230;<\/p>\n","protected":false},"author":1,"featured_media":81729,"comment_status":"closed","ping_status":"closed","sticky":false,"template":"","format":"standard","meta":{"_coblocks_attr":"","_coblocks_dimensions":"","_coblocks_responsive_height":"","_coblocks_accordion_ie_support":"","jetpack_post_was_ever_published":false,"_jetpack_newsletter_access":"","_jetpack_dont_email_post_to_subs":false,"_jetpack_newsletter_tier_id":0,"_jetpack_memberships_contains_paywalled_content":false,"_jetpack_memberships_contains_paid_content":false,"footnotes":"","jetpack_publicize_message":"","jetpack_publicize_feature_enabled":true,"jetpack_social_post_already_shared":true,"jetpack_social_options":{"image_generator_settings":{"template":"highway","default_image_id":0,"enabled":false},"version":2}},"categories":[182,186,44,6937],"tags":[],"class_list":["post-81728","post","type-post","status-publish","format-standard","has-post-thumbnail","hentry","category-deportes","category-instituciones","category-noticias-de-hoy","category-sociedad"],"jetpack_publicize_connections":[],"jetpack_featured_media_url":"https:\/\/i0.wp.com\/miradordeatarfe.es\/wp-content\/uploads\/2026\/01\/18412.296843b1.668x375o.d55a2d09addd%402x.jpeg?fit=900%2C508&ssl=1","jetpack_likes_enabled":true,"jetpack_sharing_enabled":true,"_links":{"self":[{"href":"https:\/\/miradordeatarfe.es\/index.php?rest_route=\/wp\/v2\/posts\/81728","targetHints":{"allow":["GET"]}}],"collection":[{"href":"https:\/\/miradordeatarfe.es\/index.php?rest_route=\/wp\/v2\/posts"}],"about":[{"href":"https:\/\/miradordeatarfe.es\/index.php?rest_route=\/wp\/v2\/types\/post"}],"author":[{"embeddable":true,"href":"https:\/\/miradordeatarfe.es\/index.php?rest_route=\/wp\/v2\/users\/1"}],"replies":[{"embeddable":true,"href":"https:\/\/miradordeatarfe.es\/index.php?rest_route=%2Fwp%2Fv2%2Fcomments&post=81728"}],"version-history":[{"count":2,"href":"https:\/\/miradordeatarfe.es\/index.php?rest_route=\/wp\/v2\/posts\/81728\/revisions"}],"predecessor-version":[{"id":81731,"href":"https:\/\/miradordeatarfe.es\/index.php?rest_route=\/wp\/v2\/posts\/81728\/revisions\/81731"}],"wp:featuredmedia":[{"embeddable":true,"href":"https:\/\/miradordeatarfe.es\/index.php?rest_route=\/wp\/v2\/media\/81729"}],"wp:attachment":[{"href":"https:\/\/miradordeatarfe.es\/index.php?rest_route=%2Fwp%2Fv2%2Fmedia&parent=81728"}],"wp:term":[{"taxonomy":"category","embeddable":true,"href":"https:\/\/miradordeatarfe.es\/index.php?rest_route=%2Fwp%2Fv2%2Fcategories&post=81728"},{"taxonomy":"post_tag","embeddable":true,"href":"https:\/\/miradordeatarfe.es\/index.php?rest_route=%2Fwp%2Fv2%2Ftags&post=81728"}],"curies":[{"name":"wp","href":"https:\/\/api.w.org\/{rel}","templated":true}]}}