{"id":81732,"date":"2026-01-31T10:30:28","date_gmt":"2026-01-31T09:30:28","guid":{"rendered":"https:\/\/miradordeatarfe.es\/?p=81732"},"modified":"2026-01-30T19:29:25","modified_gmt":"2026-01-30T18:29:25","slug":"una-adaptacion-de-la-perla-de-rosalia-convertida-en-un-himno-contra-el-bollying","status":"publish","type":"post","link":"https:\/\/miradordeatarfe.es\/?p=81732","title":{"rendered":"Una adaptaci\u00f3n de \u2018La Perla\u2019 de Rosal\u00eda convertida en un himno contra el bollying"},"content":{"rendered":"<div class=\"x14z9mp xat24cr x1lziwak x1vvkbs xtlvy1s\">\n<h3 dir=\"auto\" style=\"text-align: justify;\">La iniciativa ha partido de la profesora de quinto curso de Primaria de un colegio de Arcos El \u00faltimo de los \u00e9xitos de la cantante Rosal\u00eda, \u2018La Perla\u2019, se ha convertido en el himno de lucha contra el bullying en un colegio de Arcos de la Frontera.<\/h3>\n<p class=\"color_eta _title_m7654_5 primary _headers_js8x6_1 _h1_js8x6_21\" style=\"text-align: justify;\">Ni\u00f1os de un colegio de Arcos, C\u00e1diz, versionan &#8216;La Perla&#8217; de Rosal\u00eda contra el bullying:<strong> \u00abTu trampa ser\u00e1 tu condena\u00bb<\/strong><\/p>\n<div dir=\"auto\" style=\"text-align: justify;\">\n<div class=\"Y3BBE\" data-sfc-cp=\"\" data-hveid=\"CAEQAA\" data-processed=\"true\">\n<div data-subtree=\"aimfl,mfl\" data-processed=\"true\">Alumnos de 5\u00ba de Primaria del CEIP San Francisco en Arcos de la Frontera (C\u00e1diz, Espa\u00f1a) viralizaron una emotiva versi\u00f3n de<\/div>\n<p><mark class=\"HxTRcb\" data-processed=\"true\">\u00abLa Perla\u00bb<\/mark> de Rosal\u00eda para luchar contra el bullying. La adaptaci\u00f3n, titulada <a class=\"GI370e\" href=\"https:\/\/www.google.com\/search?client=firefox-b-d&amp;q=%27Vaya+Perla%27&amp;mstk=AUtExfAeohuV7xi6gky_hCip0p5JCd1kUiR_gQX57dZ_51c0geRKODpLlp5T6LY3M09la8xJxuyxJWRpi8ast1kSDUS5Itu1noHrXjGo8cRnk_2VsbjbrhbOiSz-XsrxtKU_kV1crnQjwgM4J5lshb-V0XCDvrzi3wVb0NjyUUtc3uj8Hc3CyvdRNDHtrOQN0Y0EoY9D6pMTd5vLDamn_BY6XRmHT1wRo8mx86QxlNckoJ4vb6ZKktlXaEe2HTvwX9OjvLqBo4T2aNdibbTIzOnyMEzCDqXxyTtg9a2WatSvwU8oGikpy8_g-R71S8XbciV5NRy62Agnx0okf4afFlOz-bDHryqYZAB8cDAjT9aOt1xz12u9FxpXM3OPUvqeaj2NRg&amp;csui=3&amp;ved=2ahUKEwiZ0vez6rOSAxUFUMMIHWgkNWIQgK4QegQIARAC\" data-ved=\"2ahUKEwiZ0vez6rOSAxUFUMMIHWgkNWIQgK4QegQIARAC\" data-hveid=\"CAEQAg\" data-processed=\"true\">&#8216;Vaya Perla&#8217;<\/a>, transforma el tema en un himno de respeto, amistad y apoyo, denunciando el acoso escolar con frases como: \u00abLa decepci\u00f3n local, qu\u00e9 solito te vas a quedar\u00bb.<span class=\"uJ19be notranslate\" data-wiz-uids=\"NBuM1d_d,NBuM1d_e\" data-processed=\"true\"><span class=\"vKEkVd\" data-animation-atomic=\"\" data-wiz-attrbind=\"class=NBuM1d_c\/TKHnVd\" data-processed=\"true\">\u00a0<\/span><\/span><\/div>\n<ul class=\"KsbFXc U6u95\" data-processed=\"true\">\n<li data-hveid=\"CAIQAA\" data-processed=\"true\"><span class=\"T286Pc\" data-sfc-cp=\"\" data-processed=\"true\"><strong class=\"Yjhzub\" data-processed=\"true\">Detalles del Proyecto:<\/strong> Impulsado por una profesora, la iniciativa busca concienciar sobre la empat\u00eda y la valent\u00eda, lanzando un mensaje de apoyo a quienes sufren acoso.<\/span><\/li>\n<li data-hveid=\"CAIQAQ\" data-processed=\"true\"><span class=\"T286Pc\" data-sfc-cp=\"\" data-processed=\"true\"><strong class=\"Yjhzub\" data-processed=\"true\">Letra Adaptada:<\/strong> La canci\u00f3n critica el acoso preguntando: \u00ab\u00bfBurlarse de los compa\u00f1eros? \/ T\u00fa no sabes lo que es la amistad\u00bb.<\/span><\/li>\n<li data-hveid=\"CAIQAg\" data-processed=\"true\"><span class=\"T286Pc\" data-sfc-cp=\"\" data-processed=\"true\"><strong class=\"Yjhzub\" data-processed=\"true\">Estribillo Anti-Bullying:<\/strong> \u00abEres un perla \/ Nadie se f\u00eda \/ Eres un perla \/ Cambia o ten mucho cuidao&#8217;\u00bb.<\/span><\/li>\n<li data-hveid=\"CAIQAw\" data-processed=\"true\"><span class=\"T286Pc\" data-sfc-cp=\"\" data-processed=\"true\"><strong class=\"Yjhzub\" data-processed=\"true\">Impacto:<\/strong> El video se volvi\u00f3 viral en redes sociales (Instagram, TikTok) durante enero de 2026, incluso recibiendo reconocimiento por parte de la propia Rosal\u00eda.<\/span><span class=\"uJ19be notranslate\" data-wiz-uids=\"NBuM1d_x,NBuM1d_y\" data-processed=\"true\"><span class=\"vKEkVd\" data-animation-atomic=\"\" data-wiz-attrbind=\"class=NBuM1d_w\/TKHnVd\" data-processed=\"true\">\u00a0<\/span><\/span><\/li>\n<\/ul>\n<\/div>\n<\/div>\n<div dir=\"auto\" style=\"text-align: justify;\">\n<div class=\"article_story\">\n<p class=\"paragraph\">Si el protagonista de la canci\u00f3n de Rosal\u00eda, ese <strong>\u201cperla de mucho cuidao\u201d<\/strong>, hubiera convivido con los alumnos de un peque\u00f1o colegio de Arcos de la Frontera (C\u00e1diz), probablemente no hubiera sido objeto de inspiraci\u00f3n de ning\u00fan tema. Habr\u00eda crecido como ni\u00f1o y adulto respetando el valor de la amistad.<\/p>\n<p class=\"paragraph\">Pero como no ha sido as\u00ed, Rosal\u00eda escribi\u00f3 esta canci\u00f3n y los ni\u00f1os de la clase de quinto de primaria de la escuela p\u00fablica San Francisco, de Arcos de la Frontera, han podido reescribir la letra a su manera y, ahora, el tema se ha convertido en un himno infantil contra el acoso escolar.<\/p>\n<h3><strong>\u00abEh t\u00fa, \u00a1m\u00edrame bien, para y escucha esto que te quiero decir. Que mis amigos son de verdad, todos unidos no nos fallamos jam\u00e1s\u00bb<\/strong><\/h3>\n<div class=\"content_component highlight\">\n<h3 class=\"title\">\u201cYo vengo aqu\u00ed a aprender. Hoy todo va a cambiar. Si me dices algo feo, ni me paro a escuchar\u201d<\/h3>\n<h3 class=\"color_eta  _headers_js8x6_1 _h3_js8x6_30\">\u00abSi me dices algo feo yo no me paro ni a escuchar\u00bb<\/h3>\n<h3 class=\"_container_r6ld5_1 _container_1uguc_1 \n    color_eta\">\u00abM\u00edrame, ya aprend\u00ed, lo que digas t\u00fa de m\u00ed no me importa nada, tengo <strong>mi propia luz, mi identidad<\/strong>\u00ab, \u00a0\u00abAunque la tapes, con <strong>fuerza vuelve a brillar<\/strong>\u00ab,<\/h3>\n<h3>\u00abEres un <strong>perla, nadie se f\u00eda<\/strong>, eres un perla, uno de mucho cuidado\u00bb.<\/h3>\n<h3>\u00abDices que te arrepientes, que son <strong>bromas sin importancia<\/strong>, juras no repetirlo y siempre<strong> mientes m\u00e1s que hablas<\/strong>. Te har\u00e1n un monumento a la deshonestidad\u00bb<\/h3>\n<h3>\u00abTodos somos valiosos, \u00fanicos e inigualables\u00bb<\/h3>\n<h3 class=\"_container_r6ld5_1 _container_1uguc_1 \n    color_eta\">\u00ab<strong>Das mucha pena<\/strong>, quien hace lo que t\u00fa se quema, <strong>siempre ridiculizando&#8230;<\/strong> tu trampa ser\u00e1 tu condena. Vuelves a equivocarte,<strong> tremendo desastre\u00bb<\/strong><\/h3>\n<\/div>\n<p class=\"paragraph\">Nada estaba previsto. la fama les alcanz\u00f3 de casualidad. El cambio de letra era un trabajo de clase de lengua castellana. \u201cComo mucho, este ejercicio lo iba a ver las familias. Pero no imagin\u00e1bamos que lo viera primero el pueblo, y luego, Andaluc\u00eda, y ahora nos llaman docentes de todas partes del mundo porque lo quieren utilizar para trabajar el<i> bullying <\/i>o el castellano\u201d, explica Dolores Garramiola, m\u00e1s conocida como Lola, art\u00edfice de la idea.<\/p>\n<p class=\"paragraph\">La clase Lola y las Pulgas ha reversionado la canci\u00f3n<i> La Perla <\/i>, del \u00faltimo \u00e1lbum de Rosal\u00eda, en la que la cantante reprocha una actitud abusiva en una relaci\u00f3n de pareja. La han reescrito con una letra que pone en la diana el maltrato y ensalza la amistad y el respeto. \u201c\u00bfBurlarse de los compa\u00f1eros? T\u00fa no sabes lo que es la amistad\u201d.<\/p>\n<p class=\"paragraph\">\u201cAntes de Navidad hab\u00edamos trabajado los villancicos, que son como poes\u00edas cantadas, y les propuse que ellos elaboraran versos para una canci\u00f3n\u201d, relata la tutora. Eligi\u00f3<i> La Perla <\/i>. \u201cJusto unos d\u00edas antes yo hab\u00eda enviado a nuestro claustro este tema a modo de buenos d\u00edas y hab\u00eda gustado mucho. As\u00ed que la propuse\u201d.<\/p>\n<p class=\"paragraph\">En el v\u00eddeo (que puede encontrarse en instagram <a href=\"https:\/\/www.instagram.com\/reel\/DTgFGtbjVdH\/?utm_source=ig_web_button_share_sheet\" target=\"_blank\" rel=\"nofollow noopener noreferrer\">@ceip-sa-francisco-arcos<\/a>)\u00a0\u00a0se ve una veintena de ni\u00f1os en su aula, volcada toda su expresividad carnavalera, en el sentido de la canci\u00f3n. <strong>\u201c\u00a1Eh! T\u00fa. M\u00edrame bien. Para y escucha esto que te quiero decir, que mis amigos son de verdad y que todos unidos nos vamos a amar\u201d<\/strong>. El plan de centro se basa en el bienestar emocional de los alumnos. Se trabaja la buena convivencia en todas las \u00e1reas. Los alumnos mayores proponen actividades en el patio para los m\u00e1s peque\u00f1os. Y, hasta hace poco, se preparaba a algunos ni\u00f1os para saber mediar en conflictos.<\/p>\n<p class=\"paragraph\">Es una escuela peque\u00f1a, de 170 alumnos de 3 a 12 a\u00f1os. Y cuenta con un aula de educaci\u00f3n especial, con ni\u00f1os con diferentes tipos de discapaci\u00addades, que comparten comedor y patio con los dem\u00e1s. Ahora preparan todos juntos los carnavales.<\/p>\n<p class=\"paragraph\"><strong>\u201cYo vengo aqu\u00ed a aprender. Hoy todo va a cambiar. Si me dices algo feo, ni me paro a escuchar\u201d<\/strong>, cantan escenificando la frase como en una aut\u00e9ntica chirigota.<\/p>\n<p class=\"paragraph\">\u201cLa canci\u00f3n sali\u00f3 muy natural porque ellos tienen claro que nadie tiene por qu\u00e9 tratar mal a nadie, desde hace mucho tiempo esos valores se impulsan muy a conciencia en el cole. As\u00ed que se dirigen a la persona que est\u00e1 molestando dici\u00e9ndole que ya est\u00e1, que no est\u00e1n dispuestos a que los molesten a ellos ni a los suyos\u201d, describe la tutora. \u201cY no solo eso, sino que las consecuencias de esto es que t\u00fa, el que est\u00e1 molestando, terminas qued\u00e1ndote solo, porque no vale la pena. Entonces, en tu mano est\u00e1 decidir si cambias o no cambias. Y, claro, esa manera de decirlo, mirando a la c\u00e1mara y expres\u00e1ndolo cada uno a su modo, pues, siendo ni\u00f1os, lo que dicen tan convencidos, pues llega\u201d.<\/p>\n<p class=\"paragraph\">La profesora relata c\u00f3mo salt\u00f3 a la fama la canci\u00f3n y lleg\u00f3 a conocimiento de la propia Rosal\u00eda, que anim\u00f3 a sus seguidores a escuchar la versi\u00f3n infantil de su<i> perla <\/i>discogr\u00e1fica. \u201cEl equipo de la televisi\u00f3n del pueblo vino al centro para ver si ten\u00edamos alg\u00fan contenido. Justo acab\u00e1bamos de ensayar la canci\u00f3n y se la mostramos\u201d. La televisi\u00f3n Arcotel la difundi\u00f3, y salt\u00f3 a Canal Sur y de ah\u00ed a otro medio y a otro, y lo vio la propia Rosal\u00eda y \u201cya fue la locura\u201d.<\/p>\n<p class=\"paragraph\">Confiesa que \u201cse les ha ido un poco de las manos\u201d. Como buena maestra, reflexiona con sus alumnos que esta experiencia no se les va a olvidar nunca, pero deben recordar tambi\u00e9n otras lecciones. La velocidad con la que se difunden los contenidos, que una vez salen de las manos, se escapan. \u201cTienen que tener mucho cuidado con las redes sociales. Cualquier maldad vuela y ya no es tuyo\u201d.<\/p>\n<p class=\"paragraph\">Para Garramiola, este es su \u00faltimo curso. Se jubila en julio despu\u00e9s de toda una vida laboral como maestra, \u201cjugando\u201d para que aprendan. \u201cMe va a costar dejarlo. Pienso: esta es mi \u00faltima Navidad, mi \u00faltimo carnaval, pero es cierto que despu\u00e9s de esto no podr\u00eda tener mejor colof\u00f3n\u201d.<\/p>\n<p class=\"paragraph\">Se alegra de que la canci\u00f3n de sus<i> pulgas <\/i>pueda ser cantada por otros ni\u00f1os en otros lugares para que se sientan seguros y fuertes, capaces de combatir el maltrato de un compa\u00f1ero. \u201cEl poder de la m\u00fasica\u201d:<\/p>\n<h3 class=\"paragraph\">\u201c\u00a1Eh! T\u00fa. M\u00edrame bien. Para y escucha esto que te quiero decir, que mis amigos son de verdad y que todos unidos nos vamos a amar\u201d.<\/h3>\n<\/div>\n<\/div>\n<div dir=\"auto\" style=\"text-align: justify;\"><strong class=\"Yjhzub\" data-processed=\"true\">Estribillo:<\/strong><br data-serialized-params=\"[]\" data-processed=\"true\" \/><br \/>\n<strong><em>\u00abEres un perla, nadie se f\u00eda,<\/em><\/strong><br data-serialized-params=\"[]\" data-processed=\"true\" \/><br \/>\n<strong><em>eres un perla, uno de mucho cuidado.\u00bb<\/em><\/strong><\/div>\n<h2 dir=\"auto\" style=\"text-align: justify;\">ENLACES AL VIDEO DE ESTE ALUMNADO DE ARCOS DE LA FRONTERA<\/h2>\n<div dir=\"auto\">\u00a0<\/div>\n<div dir=\"auto\"><a href=\"https:\/\/youtu.be\/0Ie7nJjumbI?si=qq8kQ9pZOf-69B4E\">https:\/\/youtu.be\/0Ie7nJjumbI?si=qq8kQ9pZOf-69B4E<\/a><\/div>\n<div dir=\"auto\">\u00a0<\/div>\n<div dir=\"auto\"><a href=\"https:\/\/youtu.be\/0Ie7nJjumbI?si=JNzS2OcfrsQi1yOI\">https:\/\/youtu.be\/0Ie7nJjumbI?si=JNzS2OcfrsQi1yOI<\/a><\/div>\n<div dir=\"auto\">\u00a0<\/div>\n<div dir=\"auto\"><a href=\"https:\/\/www.instagram.com\/reel\/DTgFGtbjVdH\/?utm_source=ig_web_copy_link\">https:\/\/www.instagram.com\/reel\/DTgFGtbjVdH\/?utm_source=ig_web_copy_link<\/a><\/div>\n<div dir=\"auto\">\u00a0<\/div>\n<div dir=\"auto\"><a href=\"https:\/\/www.facebook.com\/watch\/?v=661037487036292\">https:\/\/www.facebook.com\/watch\/?v=661037487036292<\/a><\/div>\n<div class=\"x14z9mp xat24cr x1lziwak x1vvkbs xtlvy1s\">\n<div dir=\"auto\">\u00a0<\/div>\n<div dir=\"auto\">\u00a0<\/div>\n<\/div>\n","protected":false},"excerpt":{"rendered":"<p>La iniciativa ha partido de la profesora de quinto curso de Primaria de un colegio&#8230;<\/p>\n","protected":false},"author":1,"featured_media":81733,"comment_status":"closed","ping_status":"closed","sticky":false,"template":"","format":"standard","meta":{"_coblocks_attr":"","_coblocks_dimensions":"","_coblocks_responsive_height":"","_coblocks_accordion_ie_support":"","jetpack_post_was_ever_published":false,"_jetpack_newsletter_access":"","_jetpack_dont_email_post_to_subs":false,"_jetpack_newsletter_tier_id":0,"_jetpack_memberships_contains_paywalled_content":false,"_jetpack_memberships_contains_paid_content":false,"footnotes":"","jetpack_publicize_message":"","jetpack_publicize_feature_enabled":true,"jetpack_social_post_already_shared":true,"jetpack_social_options":{"image_generator_settings":{"template":"highway","default_image_id":0,"enabled":false},"version":2}},"categories":[187,44,6937],"tags":[],"class_list":["post-81732","post","type-post","status-publish","format-standard","has-post-thumbnail","hentry","category-centros-educativos","category-noticias-de-hoy","category-sociedad"],"jetpack_publicize_connections":[],"jetpack_featured_media_url":"https:\/\/i0.wp.com\/miradordeatarfe.es\/wp-content\/uploads\/2026\/01\/697664aa79429.r_d.1023-497-4875.jpeg?fit=936%2C458&ssl=1","jetpack_likes_enabled":true,"jetpack_sharing_enabled":true,"_links":{"self":[{"href":"https:\/\/miradordeatarfe.es\/index.php?rest_route=\/wp\/v2\/posts\/81732","targetHints":{"allow":["GET"]}}],"collection":[{"href":"https:\/\/miradordeatarfe.es\/index.php?rest_route=\/wp\/v2\/posts"}],"about":[{"href":"https:\/\/miradordeatarfe.es\/index.php?rest_route=\/wp\/v2\/types\/post"}],"author":[{"embeddable":true,"href":"https:\/\/miradordeatarfe.es\/index.php?rest_route=\/wp\/v2\/users\/1"}],"replies":[{"embeddable":true,"href":"https:\/\/miradordeatarfe.es\/index.php?rest_route=%2Fwp%2Fv2%2Fcomments&post=81732"}],"version-history":[{"count":1,"href":"https:\/\/miradordeatarfe.es\/index.php?rest_route=\/wp\/v2\/posts\/81732\/revisions"}],"predecessor-version":[{"id":81734,"href":"https:\/\/miradordeatarfe.es\/index.php?rest_route=\/wp\/v2\/posts\/81732\/revisions\/81734"}],"wp:featuredmedia":[{"embeddable":true,"href":"https:\/\/miradordeatarfe.es\/index.php?rest_route=\/wp\/v2\/media\/81733"}],"wp:attachment":[{"href":"https:\/\/miradordeatarfe.es\/index.php?rest_route=%2Fwp%2Fv2%2Fmedia&parent=81732"}],"wp:term":[{"taxonomy":"category","embeddable":true,"href":"https:\/\/miradordeatarfe.es\/index.php?rest_route=%2Fwp%2Fv2%2Fcategories&post=81732"},{"taxonomy":"post_tag","embeddable":true,"href":"https:\/\/miradordeatarfe.es\/index.php?rest_route=%2Fwp%2Fv2%2Ftags&post=81732"}],"curies":[{"name":"wp","href":"https:\/\/api.w.org\/{rel}","templated":true}]}}