{"id":81749,"date":"2026-02-01T09:15:48","date_gmt":"2026-02-01T08:15:48","guid":{"rendered":"https:\/\/miradordeatarfe.es\/?p=81749"},"modified":"2026-01-31T21:19:09","modified_gmt":"2026-01-31T20:19:09","slug":"buscan-a-un-varon-de-67-anos-desaparecido-en-atarfe-este-sabado","status":"publish","type":"post","link":"https:\/\/miradordeatarfe.es\/?p=81749","title":{"rendered":"Buscan a un var\u00f3n de 67 a\u00f1os desaparecido en Atarfe este s\u00e1bado"},"content":{"rendered":"<h2 class=\"single-subtitle\">Alejandro mide 1,60 metros, es de complexi\u00f3n delgada y vest\u00eda un ch\u00e1ndal verde con una chaqueta negra cuando fue visto por \u00faltima vez<\/h2>\n<p>La Asociaci\u00f3n SOS Desaparecidos ha solicitado este domingo colaboraci\u00f3n ciudadana para localizar a<strong> Alejandro, un hombre de 60 a\u00f1os cuyo paradero se desconoce desde este s\u00e1bado<\/strong>, cuando se perdi\u00f3 su pista en <strong>Atarfe<\/strong>. Se trata, seg\u00fan traslada la organizaci\u00f3n, de un caso de alta vulnerabilidad.<\/p>\n<div class=\"code-block code-block-70b1b7fc60ecf882f79eef3c3eb82c3d code-block-76\"><ins id=\"revive-0-4\" data-revive-zoneid=\"48\" data-revive-id=\"3675e576db6d1cc6cb6554b6e5954dc7\" data-revive-seq=\"4\" data-revive-loaded=\"1\"><\/p>\n<div id=\"beacon_363f1c1231\"><img loading=\"lazy\" decoding=\"async\" src=\"https:\/\/granadadigitaladserver.granadadigital.es\/www\/delivery\/lg.php?bannerid=0&amp;campaignid=0&amp;zoneid=48&amp;loc=https%3A%2F%2Fwww.granadadigital.es%2Fhombre-67-anos-atarfe-desaparecido%2F&amp;referer=https%3A%2F%2Fwww.granadadigital.es%2F%3Fs%3DATARFE&amp;cb=363f1c1231\" alt=\"\" width=\"0\" height=\"0\" \/><img loading=\"lazy\" decoding=\"async\" src=\"https:\/\/granadadigitaladserver.granadadigital.es\/www\/delivery\/lg.php?bannerid=0&amp;campaignid=0&amp;zoneid=106&amp;loc=https%3A%2F%2Fwww.granadadigital.es%2Fhombre-67-anos-atarfe-desaparecido%2F&amp;referer=https%3A%2F%2Fwww.granadadigital.es%2F%3Fs%3DATARFE&amp;cb=856f83be85\" alt=\"\" width=\"0\" height=\"0\" \/><\/div>\n<p><\/ins><\/div>\n<div class=\"code-block code-block-70b1b7fc60ecf882f79eef3c3eb82c3d code-block-81\">\u00a0<\/div>\n<p><img data-recalc-dims=\"1\" loading=\"lazy\" decoding=\"async\" class=\"alignnone wp-image-746621 size-medium\" title=\"G hK9SDWAAA ecB\" src=\"https:\/\/i0.wp.com\/www.granadadigital.es\/wp-content\/uploads\/2026\/01\/G_hK9SDWAAA_ecB-320x400.jpg?resize=320%2C400&#038;ssl=1\" sizes=\"auto, (max-width: 320px) 100vw, 320px\" srcset=\"https:\/\/www.granadadigital.es\/wp-content\/uploads\/2026\/01\/G_hK9SDWAAA_ecB-320x400.jpg 320w, https:\/\/www.granadadigital.es\/wp-content\/uploads\/2026\/01\/G_hK9SDWAAA_ecB-640x800.jpg 640w, https:\/\/www.granadadigital.es\/wp-content\/uploads\/2026\/01\/G_hK9SDWAAA_ecB-1010x1263.jpg 1010w, https:\/\/www.granadadigital.es\/wp-content\/uploads\/2026\/01\/G_hK9SDWAAA_ecB-168x210.jpg 168w, https:\/\/www.granadadigital.es\/wp-content\/uploads\/2026\/01\/G_hK9SDWAAA_ecB-76x95.jpg 76w, https:\/\/www.granadadigital.es\/wp-content\/uploads\/2026\/01\/G_hK9SDWAAA_ecB-56x70.jpg 56w, https:\/\/www.granadadigital.es\/wp-content\/uploads\/2026\/01\/G_hK9SDWAAA_ecB-51x64.jpg 51w, https:\/\/www.granadadigital.es\/wp-content\/uploads\/2026\/01\/G_hK9SDWAAA_ecB-240x300.jpg 240w, https:\/\/www.granadadigital.es\/wp-content\/uploads\/2026\/01\/G_hK9SDWAAA_ecB-120x150.jpg 120w, https:\/\/www.granadadigital.es\/wp-content\/uploads\/2026\/01\/G_hK9SDWAAA_ecB.jpg 1080w\" alt=\"G hK9SDWAAA ecB\" width=\"320\" height=\"400\" \/><\/p>\n","protected":false},"excerpt":{"rendered":"<p>Alejandro mide 1,60 metros, es de complexi\u00f3n delgada y vest\u00eda un ch\u00e1ndal verde con una&#8230;<\/p>\n","protected":false},"author":1,"featured_media":81750,"comment_status":"closed","ping_status":"closed","sticky":false,"template":"","format":"standard","meta":{"_coblocks_attr":"","_coblocks_dimensions":"","_coblocks_responsive_height":"","_coblocks_accordion_ie_support":"","jetpack_post_was_ever_published":false,"_jetpack_newsletter_access":"","_jetpack_dont_email_post_to_subs":false,"_jetpack_newsletter_tier_id":0,"_jetpack_memberships_contains_paywalled_content":false,"_jetpack_memberships_contains_paid_content":false,"footnotes":"","jetpack_publicize_message":"","jetpack_publicize_feature_enabled":true,"jetpack_social_post_already_shared":true,"jetpack_social_options":{"image_generator_settings":{"template":"highway","default_image_id":0,"enabled":false},"version":2}},"categories":[2,1161,44,10799],"tags":[],"class_list":["post-81749","post","type-post","status-publish","format-standard","has-post-thumbnail","hentry","category-atarfe","category-ciudadania","category-noticias-de-hoy","category-voluntariado"],"jetpack_publicize_connections":[],"jetpack_featured_media_url":"https:\/\/i0.wp.com\/miradordeatarfe.es\/wp-content\/uploads\/2026\/01\/desaparecido-Atarfe-1010x673-1.jpg?fit=464%2C531&ssl=1","jetpack_likes_enabled":true,"jetpack_sharing_enabled":true,"_links":{"self":[{"href":"https:\/\/miradordeatarfe.es\/index.php?rest_route=\/wp\/v2\/posts\/81749","targetHints":{"allow":["GET"]}}],"collection":[{"href":"https:\/\/miradordeatarfe.es\/index.php?rest_route=\/wp\/v2\/posts"}],"about":[{"href":"https:\/\/miradordeatarfe.es\/index.php?rest_route=\/wp\/v2\/types\/post"}],"author":[{"embeddable":true,"href":"https:\/\/miradordeatarfe.es\/index.php?rest_route=\/wp\/v2\/users\/1"}],"replies":[{"embeddable":true,"href":"https:\/\/miradordeatarfe.es\/index.php?rest_route=%2Fwp%2Fv2%2Fcomments&post=81749"}],"version-history":[{"count":1,"href":"https:\/\/miradordeatarfe.es\/index.php?rest_route=\/wp\/v2\/posts\/81749\/revisions"}],"predecessor-version":[{"id":81751,"href":"https:\/\/miradordeatarfe.es\/index.php?rest_route=\/wp\/v2\/posts\/81749\/revisions\/81751"}],"wp:featuredmedia":[{"embeddable":true,"href":"https:\/\/miradordeatarfe.es\/index.php?rest_route=\/wp\/v2\/media\/81750"}],"wp:attachment":[{"href":"https:\/\/miradordeatarfe.es\/index.php?rest_route=%2Fwp%2Fv2%2Fmedia&parent=81749"}],"wp:term":[{"taxonomy":"category","embeddable":true,"href":"https:\/\/miradordeatarfe.es\/index.php?rest_route=%2Fwp%2Fv2%2Fcategories&post=81749"},{"taxonomy":"post_tag","embeddable":true,"href":"https:\/\/miradordeatarfe.es\/index.php?rest_route=%2Fwp%2Fv2%2Ftags&post=81749"}],"curies":[{"name":"wp","href":"https:\/\/api.w.org\/{rel}","templated":true}]}}