{"id":8184,"date":"2016-04-15T07:56:24","date_gmt":"2016-04-15T07:56:24","guid":{"rendered":"http:\/\/miradordeatarfe.es\/?p=8184"},"modified":"2016-04-11T09:59:39","modified_gmt":"2016-04-11T09:59:39","slug":"mitos-y-leyendas-de-granada-el-arco-escondido-en-el-bosque-de-la-alhambra","status":"publish","type":"post","link":"https:\/\/miradordeatarfe.es\/?p=8184","title":{"rendered":"Mitos y leyendas de Granada: El arco escondido en el bosque de la Alhambra"},"content":{"rendered":"<p>La Alhambra esconde muchos secretos. Algunos de ellos invisibles a\u00fan a nuestros ojos y que solo podr\u00edamos descubrirlos si alguno de los que habit\u00f3 Granada durante la \u00e9poca musulmana viviese hoy en d\u00eda. Pero hay algunos secretos que s\u00ed que est\u00e1n a la vista de todos y de los que pocos conocen su origen.<!--more--><\/p>\n<p>Este es el caso del arco que pueden encontrarse quienes suban a los bosques de la Alhambra en la ladera sur. Al final de la cuesta de Gom\u00e9rez y una vez dentro de la arbolada, a la izquierda de la subida los visitantes ver\u00e1n de pronto un arco extra\u00f1o. Podr\u00eda ser una entrada oculta al castillo \u00e1rabe pero no lo es. Tampoco es el viejo camino de una acequia sino que est\u00e1 colocado ah\u00ed por parte de los cristianos.<\/p>\n<p>Tal y como suena. El arco que est\u00e1 ah\u00ed es en realidad el arco de Bib-Rambla. S\u00ed, el de una de las plazas m\u00e1s famosas de la capital granadina. Dicho arco fue su d\u00eda la \u00fanica puerta de entrada a esa zona porque en la \u00e9poca en que se construy\u00f3, Bib-Rambla estaba rodeada por murallas.<\/p>\n<p>Pero su historia no pasar\u00eda de ser eso, una simple an\u00e9cdota, si no se atiende al nombre que los granadinos le pusieron durante el reinado de Felipe IV. Aunque hay distintas versiones, el arco es conocido popularmente como el de \u201clas orejas\u201d. Porque aunque pueda parecer t\u00e9trico, ah\u00ed hubo colgadas muchas.<\/p>\n<p><img data-recalc-dims=\"1\" loading=\"lazy\" decoding=\"async\" class=\"size-full wp-image-5370 aligncenter\" src=\"https:\/\/i0.wp.com\/www.elbolardo.com\/wp-content\/uploads\/sites\/6\/2016\/04\/Grabado-Francisco_de_paula_mellado-Puerta-de-BibRambla.jpg?resize=640%2C437\" alt=\"Grabado Francisco_de_paula_mellado Puerta de BibRambla\" width=\"640\" height=\"437\" \/><\/p>\n<p>Algunas personas dec\u00edan que las orejas estaban ah\u00ed porque se colgaban tras arranc\u00e1rselas a los delincuentes y demostrar lo que suced\u00eda si te descubr\u00edan cometiendo un delito. Y otras voces aseguraron que lo que en realidad le dio nombre fue un tablao flamenco que se hundi\u00f3 bajo esa puerta dejando muchas muertes. Algo que aprovecharon algunos para ir a los cad\u00e1veres de las mujeres y cortarles las orejas para llevarse sus pendientes.<\/p>\n<p>Ya en el siglo XIX su estado de conversaci\u00f3n era tan malo que incluso se corr\u00eda el riesgo de que la construcci\u00f3n se cayera encima de los que pasearan por la zona. Por eso tras muchos intentos, en la d\u00e9cada de los a\u00f1os 30 del pasado siglo, se logr\u00f3 reconstruirlo aunque trasladando su ubicaci\u00f3n a la actual. Al bosque de la Alhambra en el que parece vigilar que nadie le haga da\u00f1o al monumento o har\u00e1 bueno su mote de arco de las orejas.<\/p>\n","protected":false},"excerpt":{"rendered":"<p>La Alhambra esconde muchos secretos. Algunos de ellos invisibles a\u00fan a nuestros ojos y que&#8230;<\/p>\n","protected":false},"author":1,"featured_media":8185,"comment_status":"closed","ping_status":"closed","sticky":false,"template":"","format":"standard","meta":{"_coblocks_attr":"","_coblocks_dimensions":"","_coblocks_responsive_height":"","_coblocks_accordion_ie_support":"","jetpack_post_was_ever_published":false,"_jetpack_newsletter_access":"","_jetpack_dont_email_post_to_subs":false,"_jetpack_newsletter_tier_id":0,"_jetpack_memberships_contains_paywalled_content":false,"_jetpack_memberships_contains_paid_content":false,"footnotes":"","jetpack_publicize_message":"","jetpack_publicize_feature_enabled":true,"jetpack_social_post_already_shared":false,"jetpack_social_options":{"image_generator_settings":{"template":"highway","default_image_id":0,"enabled":false},"version":2}},"categories":[12,44,15],"tags":[134,2478],"class_list":["post-8184","post","type-post","status-publish","format-standard","has-post-thumbnail","hentry","category-cultura","category-noticias-de-hoy","category-ultimas-noticias","tag-alhambra","tag-arco-de-las-orejas"],"jetpack_publicize_connections":[],"jetpack_featured_media_url":"https:\/\/i0.wp.com\/miradordeatarfe.es\/wp-content\/uploads\/2016\/04\/10960386_634565893339198_903249346258658500_o-1024x683.jpg?fit=1024%2C683&ssl=1","jetpack_likes_enabled":true,"jetpack_sharing_enabled":true,"_links":{"self":[{"href":"https:\/\/miradordeatarfe.es\/index.php?rest_route=\/wp\/v2\/posts\/8184","targetHints":{"allow":["GET"]}}],"collection":[{"href":"https:\/\/miradordeatarfe.es\/index.php?rest_route=\/wp\/v2\/posts"}],"about":[{"href":"https:\/\/miradordeatarfe.es\/index.php?rest_route=\/wp\/v2\/types\/post"}],"author":[{"embeddable":true,"href":"https:\/\/miradordeatarfe.es\/index.php?rest_route=\/wp\/v2\/users\/1"}],"replies":[{"embeddable":true,"href":"https:\/\/miradordeatarfe.es\/index.php?rest_route=%2Fwp%2Fv2%2Fcomments&post=8184"}],"version-history":[{"count":1,"href":"https:\/\/miradordeatarfe.es\/index.php?rest_route=\/wp\/v2\/posts\/8184\/revisions"}],"predecessor-version":[{"id":8186,"href":"https:\/\/miradordeatarfe.es\/index.php?rest_route=\/wp\/v2\/posts\/8184\/revisions\/8186"}],"wp:featuredmedia":[{"embeddable":true,"href":"https:\/\/miradordeatarfe.es\/index.php?rest_route=\/wp\/v2\/media\/8185"}],"wp:attachment":[{"href":"https:\/\/miradordeatarfe.es\/index.php?rest_route=%2Fwp%2Fv2%2Fmedia&parent=8184"}],"wp:term":[{"taxonomy":"category","embeddable":true,"href":"https:\/\/miradordeatarfe.es\/index.php?rest_route=%2Fwp%2Fv2%2Fcategories&post=8184"},{"taxonomy":"post_tag","embeddable":true,"href":"https:\/\/miradordeatarfe.es\/index.php?rest_route=%2Fwp%2Fv2%2Ftags&post=8184"}],"curies":[{"name":"wp","href":"https:\/\/api.w.org\/{rel}","templated":true}]}}