{"id":8198,"date":"2016-04-13T07:20:49","date_gmt":"2016-04-13T07:20:49","guid":{"rendered":"http:\/\/miradordeatarfe.es\/?p=8198"},"modified":"2016-04-11T14:05:45","modified_gmt":"2016-04-11T14:05:45","slug":"cientificos-gallegos-logran-frenar-el-cancer-de-mama-con-celulas-del-utero","status":"publish","type":"post","link":"https:\/\/miradordeatarfe.es\/?p=8198","title":{"rendered":"Cient\u00edficos gallegos logran frenar el c\u00e1ncer de mama con c\u00e9lulas del \u00fatero"},"content":{"rendered":"<p>Estas c\u00e9lulas madre re\u00fanen varias caracter\u00edsticas que las hacen \u201cenormemente interesantes y valiosas\u201d<!--more--><\/p>\n<p>Investigadores gallegos han encontrado una nueva v\u00eda, con c\u00e9lulas madre procedentes del \u00fatero, para frenar el c\u00e1ncer de mama. Cient\u00edficos de la Universidade de Santiago y del Hospital de Jove de Gij\u00f3n aislaron y caracterizaron un nuevo tipo de c\u00e9lulas madre en el c\u00e9rvix uterino -conocidas como hUCESCs, por sus siglas en ingl\u00e9s human Uterine Cervical Stem Cells- y que son capaces de frenar el desarrollo del c\u00e1ncer.<\/p>\n<p>Este efecto inhibidor sobre el crecimiento tumoral ha sido observado in vitro, utilizando l\u00edneas celulares de c\u00e1ncer de mama y tambi\u00e9n cultivos de tumores de pacientes operadas, as\u00ed como in vivo en ratones. El estudio que acaba de ser publicado en la revista cient\u00edfica internacionalOncotarget, una de las m\u00e1s importantes en esta especialidad, tiene como autores a los investigadores gallegos Rom\u00e1n Perez-Fern\u00e1ndez, Juan Send\u00f3n Lago, Samuel Seoane, Tom\u00e1s Garc\u00eda-Caballero y Mar\u00eda A. Berm\u00fadez, as\u00ed como a Noem\u00ed Eir\u00f3, Mar\u00eda Luz Lamelas, Jos\u00e9 Schneider y Francisco J. Vizoso, del hospital asturiano.<\/p>\n<p>El doctor Rom\u00e1n P\u00e9rez, cabeza de la investigaci\u00f3n desde Santiago, asegura que el estudio \u201cabre una importante l\u00ednea de investigaci\u00f3n\u201d y a\u00f1ade que estas c\u00e9lulas no s\u00f3lo act\u00faan sobre las tumorales, sino que adem\u00e1s lo hacen sobre el estroma, principalmente compuesto por fibroblastos y macr\u00f3fagos, que favorece la progresi\u00f3n del tumor. \u201cLa capacidad antitumoral se extiende contra las c\u00e9lulas que rodean al tumor y hacen que sea m\u00e1s agresivo\u201d, explica el experto. Adem\u00e1s, su crecimiento ha demostrado ser m\u00e1s r\u00e1pido que las procedentes de la m\u00e9dula \u00f3sea o grasa.<\/p>\n<p><img data-recalc-dims=\"1\" loading=\"lazy\" decoding=\"async\" class=\"aligncenter wp-image-722 size-full\" src=\"https:\/\/i0.wp.com\/www.clinicaoburgo.es\/wp-content\/uploads\/2014\/10\/cancer-de-mama1.jpg?resize=640%2C342\" alt=\"cancer de mama\" width=\"640\" height=\"342\" \/><\/p>\n<p>Entre las ventajas de estas c\u00e9lulas est\u00e1 su f\u00e1cil modo de obtenci\u00f3n. En primer lugar se trata de c\u00e9lulas madre \u201cque se obtienen de forma f\u00e1cil e indolora\u201d, porque para hacerse con una muestra basta con un cepillado de c\u00e9rvix, el mismo que se realiza en las citolog\u00edas rutinarias de control a las que se someten las mujeres.<\/p>\n<p>Estas c\u00e9lulas madre re\u00fanen varias caracter\u00edsticas que las hacen \u201cenormemente interesantes y valiosas\u201d, en palabras del doctor Francisco Vizoso, jefe de la unidad de investigaci\u00f3n del hospital de Jove. \u201cEn menos de 48 horas llegan a duplicarse\u201d, explic\u00f3 la doctora Noem\u00ed Eir\u00f3.<\/p>\n<p>La caracter\u00edstica fundamental de este tipo de c\u00e9lulas es que son capaces de segregar sustancias, lo que cient\u00edficamente se denomina medio condicionado, que tienen la propiedad de inhibir el crecimiento in vitro y en animales de los tumores de mama.<\/p>\n","protected":false},"excerpt":{"rendered":"<p>Estas c\u00e9lulas madre re\u00fanen varias caracter\u00edsticas que las hacen \u201cenormemente interesantes y valiosas\u201d<\/p>\n","protected":false},"author":1,"featured_media":8199,"comment_status":"closed","ping_status":"closed","sticky":false,"template":"","format":"standard","meta":{"_coblocks_attr":"","_coblocks_dimensions":"","_coblocks_responsive_height":"","_coblocks_accordion_ie_support":"","jetpack_post_was_ever_published":false,"_jetpack_newsletter_access":"","_jetpack_dont_email_post_to_subs":false,"_jetpack_newsletter_tier_id":0,"_jetpack_memberships_contains_paywalled_content":false,"_jetpack_memberships_contains_paid_content":false,"footnotes":"","jetpack_publicize_message":"","jetpack_publicize_feature_enabled":true,"jetpack_social_post_already_shared":false,"jetpack_social_options":{"image_generator_settings":{"template":"highway","default_image_id":0,"enabled":false},"version":2}},"categories":[44,15,10],"tags":[277,53],"class_list":["post-8198","post","type-post","status-publish","format-standard","has-post-thumbnail","hentry","category-noticias-de-hoy","category-ultimas-noticias","category-salud","tag-cancer","tag-ciencia"],"jetpack_publicize_connections":[],"jetpack_featured_media_url":"https:\/\/i0.wp.com\/miradordeatarfe.es\/wp-content\/uploads\/2016\/04\/cientificos-gallegos1.jpg?fit=646%2C511&ssl=1","jetpack_likes_enabled":true,"jetpack_sharing_enabled":true,"_links":{"self":[{"href":"https:\/\/miradordeatarfe.es\/index.php?rest_route=\/wp\/v2\/posts\/8198","targetHints":{"allow":["GET"]}}],"collection":[{"href":"https:\/\/miradordeatarfe.es\/index.php?rest_route=\/wp\/v2\/posts"}],"about":[{"href":"https:\/\/miradordeatarfe.es\/index.php?rest_route=\/wp\/v2\/types\/post"}],"author":[{"embeddable":true,"href":"https:\/\/miradordeatarfe.es\/index.php?rest_route=\/wp\/v2\/users\/1"}],"replies":[{"embeddable":true,"href":"https:\/\/miradordeatarfe.es\/index.php?rest_route=%2Fwp%2Fv2%2Fcomments&post=8198"}],"version-history":[{"count":1,"href":"https:\/\/miradordeatarfe.es\/index.php?rest_route=\/wp\/v2\/posts\/8198\/revisions"}],"predecessor-version":[{"id":8200,"href":"https:\/\/miradordeatarfe.es\/index.php?rest_route=\/wp\/v2\/posts\/8198\/revisions\/8200"}],"wp:featuredmedia":[{"embeddable":true,"href":"https:\/\/miradordeatarfe.es\/index.php?rest_route=\/wp\/v2\/media\/8199"}],"wp:attachment":[{"href":"https:\/\/miradordeatarfe.es\/index.php?rest_route=%2Fwp%2Fv2%2Fmedia&parent=8198"}],"wp:term":[{"taxonomy":"category","embeddable":true,"href":"https:\/\/miradordeatarfe.es\/index.php?rest_route=%2Fwp%2Fv2%2Fcategories&post=8198"},{"taxonomy":"post_tag","embeddable":true,"href":"https:\/\/miradordeatarfe.es\/index.php?rest_route=%2Fwp%2Fv2%2Ftags&post=8198"}],"curies":[{"name":"wp","href":"https:\/\/api.w.org\/{rel}","templated":true}]}}