{"id":8204,"date":"2016-04-12T09:29:59","date_gmt":"2016-04-12T09:29:59","guid":{"rendered":"http:\/\/miradordeatarfe.es\/?p=8204"},"modified":"2016-04-12T09:28:04","modified_gmt":"2016-04-12T09:28:04","slug":"alumnos-con-discapacidad-participan-en-el-diseno-de-la-reforma-del-centro-ocupacional-de-atarfe","status":"publish","type":"post","link":"https:\/\/miradordeatarfe.es\/?p=8204","title":{"rendered":"Alumnos de ATARFE con discapacidad participan en el dise\u00f1o de la reforma del centro ocupacional de Atarfe"},"content":{"rendered":"<p><span class=\"contenidos_subtitulo\">Durante las jornadas participativas organizadas por la Concejal\u00eda de Urbanismo, los usuarios han mostrado su deseo de contar con un huerto y mejorar la accesibilidad del centro.<br \/>\n<\/span><br \/>\n<!--more--><\/p>\n<div>El Ayuntamiento de Atarfe ha iniciado unas jornadas participativas para que los alumnos del centro ocupacional se impliquen en el proyecto de reforma de las instalaciones situadas en la calle Escuelas.<\/div>\n<div><\/div>\n<div>Se trata de una serie de encuentros que se iniciaron en marzo y que se prolongar\u00e1n hasta mayo en el que alumnos con alg\u00fan tipo de discapacidad que acuden a los trabajos de terapia ocupacional participan aportando ideas en el dise\u00f1o de los espacios que dispondr\u00e1 el centro tras su rehabilitaci\u00f3n.<\/div>\n<div><\/div>\n<div>La concejal de Urbanismo y Bienestar Social, <strong>Rosa F\u00e9lix<\/strong>, ha explicado que se ha pretendido que \u00ablos alumnos y tambi\u00e9n los padres participen en la reforma de un centro que precisa estar homologado para que pueda acogerse a las ayudas de la Junta de Andaluc\u00eda\u00bb. \u00abLas jornadas tienen como objetivo integrar y dignificar el trabajo que realizan los alumnos\u00bb, ha subrayado Rosa F\u00e9lix.<\/div>\n<div><\/div>\n<div>La reforma del <strong>centro ocupacional de Atarfe<\/strong>, pionero en el \u00e1rea metropolitana cuando inici\u00f3 \u00a0su actividad en 1986, es una de las actuaciones que se quieren emprender con los fondos del Plan de Empleo de la Junta.<\/div>\n<div><\/div>\n<div>En la actualidad el centro cuenta con diez alumnos atendidos por los educadores <strong>Francisca Alcantara<\/strong> y <strong>Juan Carlos Carvajal<\/strong>, encargados de dirigir las actividades terap\u00e9uticas para que puedan ganar autonom\u00eda personal y lograr su integraci\u00f3n social y laboral. En dichas instalaciones vienen realizando distintas actividades, la principal tiene que ver con la elaboraci\u00f3n de productos en piel, adem\u00e1s de otras manualidades como macram\u00e9, pintura y marqueter\u00eda.<\/div>\n<div><\/div>\n<div>\u00abLa mayor\u00eda de los alumnos tienen capacidad para realizar un trabajo con disciplina y con orden, pero para ello es necesario que tengan autonom\u00eda personal y que lleven a cabo una vida normalizada, con cuidados en la alimentaci\u00f3n y sin descuidar la actividad deportiva\u00bb, sostiene \u00a0el educador Juan Carlos Carvajal, quien lleva desarrollando su tarea en el centro desde que se puso en marcha hace ahora 30 a\u00f1os.<\/div>\n<div><\/div>\n<div>Cuatro de los alumnos ya se han integrado al mercado laboral en centros especiales de empleo y empresas locales, o realizan actividades l\u00fadicas.<\/div>\n<div><\/div>\n<div>\u00a0<img data-recalc-dims=\"1\" decoding=\"async\" src=\"https:\/\/i0.wp.com\/www.ciudadatarfe.com\/data\/fotos_contenidos_web\/1529_1859_20160411123914.jpg?w=640\" alt=\"\" border=\"0\" \/><\/div>\n<div>Fran P\u00e9rez y M\u00aa Amor Escobar son los coordinadores de las jornadas participativas<\/div>\n<div><\/div>\n<div>Carvajal valor\u00f3 de forma positiva las jornadas participativas, cuya coordinaci\u00f3n t\u00e9cnica corre a cargo de un equipo integrado por licenciados y graduados en Arquitectura Superior y Edificaci\u00f3n que realizan pr\u00e1cticas en el Ayuntamiento gracias al programa \u00cdcaro de la Universidad de Granada. \u201cEl hecho de que est\u00e9n participando en este proyecto emocional hace que se sientan protagonistas y hagan m\u00e1s suyos los espacios\u201d, destaca el educador, partidario de espacios donde \u201cse trabaje relajadamente y los alumnos puedan divertirse\u201d.<\/div>\n<div><\/div>\n<div>En las citadas jornadas, los propios alumnos opinan sobre las actividades que desarrollan a diario y exponen cu\u00e1les son sus necesidades en cuestiones tan b\u00e1sicas y fundamentales para su desarrollo como la accesibilidad o la divisi\u00f3n de espacios. Tambi\u00e9n han expresado su deseo de disponer de un huerto donde cultivar sus propias hortalizas.<\/div>\n<div><\/div>\n<div>\u00abEllos mejor que nadie, sin necesidad de entender de arquitectura, son conscientes de todo lo que son capaces de hacer y de todo aquello que debe contemplarse en el proyecto de reforma\u00bb, explica <strong>Fran P\u00e9rez<\/strong>, licenciado en Arquitectura y coordinador del proyecto t\u00e9cnico junto a <strong>Mar\u00eda Amor Escobar<\/strong>, graduada en Edificaci\u00f3n.<\/div>\n<div><\/div>\n<div>Las jornadas tambi\u00e9n se realizan en colaboraci\u00f3n con la asociaci\u00f3n local APIEMA que vela por la integraci\u00f3n de personas con alg\u00fan tipo de discapacidad.<\/div>\n","protected":false},"excerpt":{"rendered":"<p>Durante las jornadas participativas organizadas por la Concejal\u00eda de Urbanismo, los usuarios han mostrado su&#8230;<\/p>\n","protected":false},"author":1,"featured_media":8205,"comment_status":"closed","ping_status":"closed","sticky":false,"template":"","format":"standard","meta":{"_coblocks_attr":"","_coblocks_dimensions":"","_coblocks_responsive_height":"","_coblocks_accordion_ie_support":"","jetpack_post_was_ever_published":false,"_jetpack_newsletter_access":"","_jetpack_dont_email_post_to_subs":false,"_jetpack_newsletter_tier_id":0,"_jetpack_memberships_contains_paywalled_content":false,"_jetpack_memberships_contains_paid_content":false,"footnotes":"","jetpack_publicize_message":"","jetpack_publicize_feature_enabled":true,"jetpack_social_post_already_shared":false,"jetpack_social_options":{"image_generator_settings":{"template":"highway","default_image_id":0,"enabled":false},"version":2}},"categories":[2,1161,9,44,15],"tags":[1543,1540,2479],"class_list":["post-8204","post","type-post","status-publish","format-standard","has-post-thumbnail","hentry","category-atarfe","category-ciudadania","category-medio-ambiente","category-noticias-de-hoy","category-ultimas-noticias","tag-integracion","tag-participacion","tag-sociedad-igualitaria"],"jetpack_publicize_connections":[],"jetpack_featured_media_url":"https:\/\/i0.wp.com\/miradordeatarfe.es\/wp-content\/uploads\/2016\/04\/1529_1858_20160411122333.jpg?fit=442%2C295&ssl=1","jetpack_likes_enabled":true,"jetpack_sharing_enabled":true,"_links":{"self":[{"href":"https:\/\/miradordeatarfe.es\/index.php?rest_route=\/wp\/v2\/posts\/8204","targetHints":{"allow":["GET"]}}],"collection":[{"href":"https:\/\/miradordeatarfe.es\/index.php?rest_route=\/wp\/v2\/posts"}],"about":[{"href":"https:\/\/miradordeatarfe.es\/index.php?rest_route=\/wp\/v2\/types\/post"}],"author":[{"embeddable":true,"href":"https:\/\/miradordeatarfe.es\/index.php?rest_route=\/wp\/v2\/users\/1"}],"replies":[{"embeddable":true,"href":"https:\/\/miradordeatarfe.es\/index.php?rest_route=%2Fwp%2Fv2%2Fcomments&post=8204"}],"version-history":[{"count":2,"href":"https:\/\/miradordeatarfe.es\/index.php?rest_route=\/wp\/v2\/posts\/8204\/revisions"}],"predecessor-version":[{"id":8207,"href":"https:\/\/miradordeatarfe.es\/index.php?rest_route=\/wp\/v2\/posts\/8204\/revisions\/8207"}],"wp:featuredmedia":[{"embeddable":true,"href":"https:\/\/miradordeatarfe.es\/index.php?rest_route=\/wp\/v2\/media\/8205"}],"wp:attachment":[{"href":"https:\/\/miradordeatarfe.es\/index.php?rest_route=%2Fwp%2Fv2%2Fmedia&parent=8204"}],"wp:term":[{"taxonomy":"category","embeddable":true,"href":"https:\/\/miradordeatarfe.es\/index.php?rest_route=%2Fwp%2Fv2%2Fcategories&post=8204"},{"taxonomy":"post_tag","embeddable":true,"href":"https:\/\/miradordeatarfe.es\/index.php?rest_route=%2Fwp%2Fv2%2Ftags&post=8204"}],"curies":[{"name":"wp","href":"https:\/\/api.w.org\/{rel}","templated":true}]}}