{"id":82116,"date":"2026-03-11T11:08:57","date_gmt":"2026-03-11T10:08:57","guid":{"rendered":"https:\/\/miradordeatarfe.es\/?p=82116"},"modified":"2026-03-08T20:05:06","modified_gmt":"2026-03-08T19:05:06","slug":"atarfe-fiesta-de-la-primavera","status":"publish","type":"post","link":"https:\/\/miradordeatarfe.es\/?p=82116","title":{"rendered":"ATARFE : FIESTA DE LA PRIMAVERA"},"content":{"rendered":"<div class=\"col-md-9\">\n<div class=\"blog-posts single-post\">\n<article class=\"post post-large blog-single-post\">\n<div class=\"post-content\">\n<div>\n<h3>El 14 de marzo reventamos el Coliseo Ciudad Atarfe con la FIESTA DE LA PRIMAVERA\u00a0<\/h3>\n<p><span class=\"ILfuVd\" lang=\"es\"><span class=\"hgKElc pOOWX\"><b>El equinoccio de primavera de 2026 tendr\u00e1 lugar el viernes 20 de marzo<\/b>. Aunque solemos asociar el inicio de la primavera con el d\u00eda 21, la fecha exacta var\u00eda ligeramente cada a\u00f1o debido a c\u00f3mo encaja nuestro calendario gregoriano con la duraci\u00f3n real de la \u00f3rbita de la Tierra alrededor del Sol.<\/span><\/span><\/p>\n<p><span class=\"ILfuVd\" lang=\"es\"><span class=\"hgKElc pOOWX\">El primer d\u00eda astron\u00f3mico de la primavera en el hemisferio norte est\u00e1 marcado por el equinoccio de primavera, que se celebra el <b>20 de marzo<\/b> , seg\u00fan el Almanaque del Agricultor. El equinoccio de primavera ocurre cuando el sol incide directamente sobre el ecuador terrestre.<\/span><\/span><\/p>\n<p>El Ayuntamiento de Atarfe ha programado m\u00e1s de<strong> 8 horas de m\u00fasica en directo<\/strong>, ambientazo, artistas brutales y una energ\u00eda que ya sab\u00e9is c\u00f3mo se vive aqu\u00ed\u2026 porque cuando hacemos fiesta en Atarfe\u2026 la gozamos y estamos gloria bendita\u00a0<\/p>\n<p>Desde las 15:00 h (apertura 14:00 h).<\/p>\n<p>Prep\u00e1rate para un d\u00eda exagerado, de los que se recuerdan todo el a\u00f1o.<br \/>\n&#8211;\u00a0Entrada general: 10 \u20ac<br \/>\n&#8211;\u00a0Entrada + consumici\u00f3n: 12 \u20ac<br \/>\n&#8211;\u00a0J\u00f3venes empadronad@s (18 a 30 a\u00f1os): \u00a1solo 5 \u20ac!<\/p>\n<p>Consigue la tuya aqu\u00ed:<br \/>\n<a href=\"https:\/\/www.redentradas.com\/?entradas=fiesta-de-la-primavera&amp;recinto=coliseo-de-atarfe&amp;rid=71&amp;eid=3577\">https:\/\/www.redentradas.com\/?entradas=fiesta-de-la-primavera&amp;recinto=coliseo-de-atarfe&amp;rid=71&amp;eid=3577<\/a><\/p>\n<p>No me falte nadie.<\/p>\n<p>El 14 de marzo nos vemos en el Coliseo.<\/p>\n<p>La primavera en Atarfe empieza fuerte\u2026 y t\u00fa tienes que estar<\/p>\n<p><img data-recalc-dims=\"1\" loading=\"lazy\" decoding=\"async\" class=\"\" src=\"https:\/\/i0.wp.com\/www.atarfe.es\/data\/CoreImages\/cartel-fiesta-primavera-2026.jpg?resize=633%2C895&#038;ssl=1\" alt=\"\" width=\"633\" height=\"895\" \/><\/p>\n<\/div>\n<hr class=\"invisible\" \/><\/div>\n<\/article>\n<\/div>\n<\/div>\n<div class=\"col-md-3\">\n<aside class=\"sidebar\">\n<p>foto: https:\/\/www.travesiasdigital.com<\/p>\n<\/aside>\n<\/div>\n","protected":false},"excerpt":{"rendered":"<p>El 14 de marzo reventamos el Coliseo Ciudad Atarfe con la FIESTA DE LA PRIMAVERA\u00a0&#8230;<\/p>\n","protected":false},"author":1,"featured_media":82117,"comment_status":"closed","ping_status":"closed","sticky":false,"template":"","format":"standard","meta":{"_coblocks_attr":"","_coblocks_dimensions":"","_coblocks_responsive_height":"","_coblocks_accordion_ie_support":"","jetpack_post_was_ever_published":false,"_jetpack_newsletter_access":"","_jetpack_dont_email_post_to_subs":false,"_jetpack_newsletter_tier_id":0,"_jetpack_memberships_contains_paywalled_content":false,"_jetpack_memberships_contains_paid_content":false,"footnotes":"","jetpack_publicize_message":"","jetpack_publicize_feature_enabled":true,"jetpack_social_post_already_shared":true,"jetpack_social_options":{"image_generator_settings":{"template":"highway","default_image_id":0,"enabled":false},"version":2}},"categories":[2,1161,44],"tags":[],"class_list":["post-82116","post","type-post","status-publish","format-standard","has-post-thumbnail","hentry","category-atarfe","category-ciudadania","category-noticias-de-hoy"],"jetpack_publicize_connections":[],"jetpack_featured_media_url":"https:\/\/i0.wp.com\/miradordeatarfe.es\/wp-content\/uploads\/2026\/02\/destacadaprimavera.jpg?fit=1200%2C798&ssl=1","jetpack_likes_enabled":true,"jetpack_sharing_enabled":true,"_links":{"self":[{"href":"https:\/\/miradordeatarfe.es\/index.php?rest_route=\/wp\/v2\/posts\/82116","targetHints":{"allow":["GET"]}}],"collection":[{"href":"https:\/\/miradordeatarfe.es\/index.php?rest_route=\/wp\/v2\/posts"}],"about":[{"href":"https:\/\/miradordeatarfe.es\/index.php?rest_route=\/wp\/v2\/types\/post"}],"author":[{"embeddable":true,"href":"https:\/\/miradordeatarfe.es\/index.php?rest_route=\/wp\/v2\/users\/1"}],"replies":[{"embeddable":true,"href":"https:\/\/miradordeatarfe.es\/index.php?rest_route=%2Fwp%2Fv2%2Fcomments&post=82116"}],"version-history":[{"count":1,"href":"https:\/\/miradordeatarfe.es\/index.php?rest_route=\/wp\/v2\/posts\/82116\/revisions"}],"predecessor-version":[{"id":82118,"href":"https:\/\/miradordeatarfe.es\/index.php?rest_route=\/wp\/v2\/posts\/82116\/revisions\/82118"}],"wp:featuredmedia":[{"embeddable":true,"href":"https:\/\/miradordeatarfe.es\/index.php?rest_route=\/wp\/v2\/media\/82117"}],"wp:attachment":[{"href":"https:\/\/miradordeatarfe.es\/index.php?rest_route=%2Fwp%2Fv2%2Fmedia&parent=82116"}],"wp:term":[{"taxonomy":"category","embeddable":true,"href":"https:\/\/miradordeatarfe.es\/index.php?rest_route=%2Fwp%2Fv2%2Fcategories&post=82116"},{"taxonomy":"post_tag","embeddable":true,"href":"https:\/\/miradordeatarfe.es\/index.php?rest_route=%2Fwp%2Fv2%2Ftags&post=82116"}],"curies":[{"name":"wp","href":"https:\/\/api.w.org\/{rel}","templated":true}]}}