{"id":8218,"date":"2016-04-11T13:54:12","date_gmt":"2016-04-11T11:54:12","guid":{"rendered":"http:\/\/miradordeatarfe.es\/?p=8218"},"modified":"2019-12-28T12:55:03","modified_gmt":"2019-12-28T11:55:03","slug":"felicitacion-especial-a-nuestro-colaborador-jose-enrique-granados","status":"publish","type":"post","link":"https:\/\/miradordeatarfe.es\/?p=8218","title":{"rendered":"FELICITACI\u00d3N ESPECIAL A NUESTRO COLABORADOR por Jos\u00e9 Enrique Granados"},"content":{"rendered":"<div id=\"js_y\" class=\"_5pbx userContent\" data-ft=\"{&quot;tn&quot;:&quot;K&quot;}\">\n<div id=\"id_570babd1cce788e73913756\" class=\"text_exposed_root text_exposed\">\n<p><strong>Hoy 11 de abril de 2016 alcanzamos el n\u00famero 500 de esta \u201cGacetilla y curiosidades elvirenses\u201d.<\/strong> Quinientos d\u00edas en los que a trav\u00e9s de este blog, hemos compartido documentos de nuestro pueblo: an\u00e9cdotas, curiosidades, cr\u00f3nicas, testimonios, fotograf\u00edas, etc.<\/p>\n<p><!--more--><\/p>\n<p>En definitiva nuestra historia, la que viene en los libros y la que se guarda celosamente en la memoria de cada uno de nosotros. Esta p\u00e1gina es para escribir de nuestras cosas, para componer nuestros anales, para proyec<span class=\"text_exposed_show\">tar nuestra semblanza.<\/span><\/p>\n<div class=\"text_exposed_show\">\n<p>Como editor de la p\u00e1gina asumo un compromiso al ejercer de cronista oficioso, con el \u00fanico fin de buscar los datos m\u00e1s fehacientes y objetivos para no defraudar a nadie y ofrecer la informaci\u00f3n m\u00e1s real. Pero al mismo tiempo, esta responsabilidad va unida a un enorme orgullo por estar a diario en contacto con esa infinidad de seguidores de este blog, n\u00famero que va increment\u00e1ndose, y que buscan conocer los entresijos y avatares del lugar donde viven o los vio nacer.<br \/>\nEn estos quinientos d\u00edas, hemos puesto en valor bastante documentaci\u00f3n sobre Atarfe, pero queda a\u00fan mucha m\u00e1s por descifrar en los archivos y anaqueles de bibliotecas de nuestro pa\u00eds. Mi compromiso es seguir rescat\u00e1ndola del olvido y compartirla con toda esta comunidad virtual que llamamos Gacetilla.<\/p>\n<p>En la fotograf\u00eda marca ovalada con las letras que componen el nombre de ATARFE, rematada por corona de marqu\u00e9s. \u00bfSab\u00e9is donde est\u00e1 esta inscripci\u00f3n?.<\/p>\n<p>Curiosidades elvirenses.<\/p>\n<\/div>\n<\/div>\n<div class=\"_5wpt\"><\/div>\n<\/div>\n<p>NOTA:<\/p>\n<div class=\"UFICommentContent\"><span class=\"UFITranslatedText\" data-ft=\"{&quot;tn&quot;:&quot;K&quot;}\"><span class=\"UFICommentBody\">Las letras que aparecen, pertenecen actualmente a los dos ultimos bancos de nuestra iglesia parroquial, lo que la gente mas mayor conoce como los \u00abesca\u00f1os\u00bb.<\/span><\/span><\/div>\n","protected":false},"excerpt":{"rendered":"<p>Hoy 11 de abril de 2016 alcanzamos el n\u00famero 500 de esta \u201cGacetilla y curiosidades&#8230;<\/p>\n","protected":false},"author":1,"featured_media":8219,"comment_status":"closed","ping_status":"closed","sticky":false,"template":"","format":"standard","meta":{"_coblocks_attr":"","_coblocks_dimensions":"","_coblocks_responsive_height":"","_coblocks_accordion_ie_support":"","jetpack_post_was_ever_published":false,"_jetpack_newsletter_access":"","_jetpack_dont_email_post_to_subs":false,"_jetpack_newsletter_tier_id":0,"_jetpack_memberships_contains_paywalled_content":false,"_jetpack_memberships_contains_paid_content":false,"footnotes":"","jetpack_publicize_message":"","jetpack_publicize_feature_enabled":true,"jetpack_social_post_already_shared":false,"jetpack_social_options":{"image_generator_settings":{"template":"highway","default_image_id":0,"enabled":false},"version":2}},"categories":[2,1225,38,44,15],"tags":[81,1331],"class_list":["post-8218","post","type-post","status-publish","format-standard","has-post-thumbnail","hentry","category-atarfe","category-ha-de-atarfe","category-opinion-de-jose-enrique-granados","category-noticias-de-hoy","category-ultimas-noticias","tag-atarfe","tag-ha-de-atarfe"],"jetpack_publicize_connections":[],"jetpack_featured_media_url":"https:\/\/i0.wp.com\/miradordeatarfe.es\/wp-content\/uploads\/2016\/04\/9580_996468990439116_5095833473411558224_n.jpg?fit=311%2C395&ssl=1","jetpack_likes_enabled":true,"jetpack_sharing_enabled":true,"_links":{"self":[{"href":"https:\/\/miradordeatarfe.es\/index.php?rest_route=\/wp\/v2\/posts\/8218","targetHints":{"allow":["GET"]}}],"collection":[{"href":"https:\/\/miradordeatarfe.es\/index.php?rest_route=\/wp\/v2\/posts"}],"about":[{"href":"https:\/\/miradordeatarfe.es\/index.php?rest_route=\/wp\/v2\/types\/post"}],"author":[{"embeddable":true,"href":"https:\/\/miradordeatarfe.es\/index.php?rest_route=\/wp\/v2\/users\/1"}],"replies":[{"embeddable":true,"href":"https:\/\/miradordeatarfe.es\/index.php?rest_route=%2Fwp%2Fv2%2Fcomments&post=8218"}],"version-history":[{"count":3,"href":"https:\/\/miradordeatarfe.es\/index.php?rest_route=\/wp\/v2\/posts\/8218\/revisions"}],"predecessor-version":[{"id":36460,"href":"https:\/\/miradordeatarfe.es\/index.php?rest_route=\/wp\/v2\/posts\/8218\/revisions\/36460"}],"wp:featuredmedia":[{"embeddable":true,"href":"https:\/\/miradordeatarfe.es\/index.php?rest_route=\/wp\/v2\/media\/8219"}],"wp:attachment":[{"href":"https:\/\/miradordeatarfe.es\/index.php?rest_route=%2Fwp%2Fv2%2Fmedia&parent=8218"}],"wp:term":[{"taxonomy":"category","embeddable":true,"href":"https:\/\/miradordeatarfe.es\/index.php?rest_route=%2Fwp%2Fv2%2Fcategories&post=8218"},{"taxonomy":"post_tag","embeddable":true,"href":"https:\/\/miradordeatarfe.es\/index.php?rest_route=%2Fwp%2Fv2%2Ftags&post=8218"}],"curies":[{"name":"wp","href":"https:\/\/api.w.org\/{rel}","templated":true}]}}