{"id":82195,"date":"2026-02-23T11:17:12","date_gmt":"2026-02-23T10:17:12","guid":{"rendered":"https:\/\/miradordeatarfe.es\/?p=82195"},"modified":"2026-03-01T20:59:37","modified_gmt":"2026-03-01T19:59:37","slug":"teoria-del-psicopata-por-remedios-sanchez","status":"publish","type":"post","link":"https:\/\/miradordeatarfe.es\/?p=82195","title":{"rendered":"\u00abTEOR\u00cdA DEL PSICOPATA\u00bb por Remedios S\u00e1nchez"},"content":{"rendered":"<h3 style=\"text-align: justify;\">Buenas palabras de cara a la galer\u00eda y retorcidos los gestos en las distancias cortas, que es cuando se revela la verdad de una persona, la figura del psic\u00f3pata no es ni novedosa ni infrecuente.<\/h3>\n<p style=\"text-align: justify;\">Existe desde el principio de los tiempos, y en ella se funda la distinci\u00f3n entre el bien y el mal: la esencia de las dos formas de afrontar la vida. Esto es, que puede hacerse desde la responsabilidad, aprendiendo a gestionar las frustraciones y a comprender que nuestros deseos no pueden imponerse sobre los de los dem\u00e1s, o desde la perversi\u00f3n manipuladora, que arrasa con todo a su paso, como Othar, el caballo de Atila. Los psic\u00f3patas campan a sus anchas con un halo de carisma, hasta que se les ponen l\u00edmites. Entonces revelan su aut\u00e9ntica naturaleza, siempre dispuesta a consumar sus ambiciones o apetencias, eternamente dispuestos a herir con la ruindad propia de la negritud de su alma.<\/p>\n<p style=\"text-align: justify;\">No son dementes, conste; lo suyo es una actitud vital: considerarse el centro del cosmos. Narcisistas y ambiciosos, son proclives al servilismo ante los poderosos y a la tiran\u00eda frente a los d\u00e9biles. As\u00ed pueden conquistar espacios de dominio, pero, como carecen de medida y autocontrol, los pervierten hasta el extremo: destruyen el trabajo y el esfuerzo ajenos, practican el maltrato psicol\u00f3gico o f\u00edsico, y despliegan su avasalladora agresividad en todas sus variantes. Es en ese instante cuando desnudan la ira que ten\u00edan escondida tras una sonrisa almibarada que nunca llegaba a los ojos.<\/p>\n<p style=\"text-align: justify;\">Porque en la mirada (en alerta constante, vigilando cada movimiento, nunca sostenida) es donde empieza a evidenciarse c\u00f3mo proceden. Lo suyo no es la brutalidad cotidiana del mat\u00f3n reconocible sino algo mucho m\u00e1s siniestro, m\u00e1s oscuro, m\u00e1s sutil. De esta manera la presa no intuye el peligro hasta que ya es demasiado tarde y est\u00e1 atrapada, sometida su voluntad. Es decir, hasta culminar la vileza pretendida que, para ellos, nunca lo es, porque su amoralidad les permite perpetrar cualquier ignominia para alcanzar sus fines y, naturalmente, culpabilizando despu\u00e9s a la v\u00edctima. Cazadores al acecho, est\u00e1n en todas las profesiones imaginables: del que rotura la tierra moviendo las lindes para apropiarse un metro m\u00e1s, al empresario exitoso, pasando por pol\u00edticos, arist\u00f3cratas, m\u00e9dicos, panaderos, docentes o juntaletras. Y tambi\u00e9n polic\u00edas, claro.<\/p>\n<p style=\"text-align: justify;\">El masculino aqu\u00ed es el gen\u00e9rico de la RAE, conste, porque el rol pueden ejercerlo ellos y ellas, tanto da. Aunque sean mayoritariamente varones. Por tanto, no depende de un estrato social, cultural ni de g\u00e9nero; es de conducta aprovechando su prevalencia cuando trata de imped\u00edrseles que se salgan con la suya. Por eso se les suele identificar tarde, una vez que la perfidia est\u00e1 consumada y la v\u00edctima ha quedado marcada para siempre. De ah\u00ed que, en ocasiones, los agresores triunfen ratific\u00e1ndose en su omnipotencia; pero, en otras, se produce la denuncia con pruebas y llega el esc\u00e1ndalo.<\/p>\n<p style=\"text-align: justify;\">En este momento es cuando se descubre que siempre hubo conocedores de sus h\u00e1bitos que, o bien cooperaban, o bien miraban para otro lado. Es decir, que hay muchos canallas c\u00f3mplices por acci\u00f3n o por omisi\u00f3n de socorro, hasta que alguien valiente, a\u00fan a riesgo de inmolarse, dice basta y pone fin a la depravaci\u00f3n. Y ah\u00ed es donde reside el problema, en quienes han legitimado la impunidad \u00a0para sembrar el terror y convertir la existencia de otros en un infierno.\u00a0<\/p>\n","protected":false},"excerpt":{"rendered":"<p>Buenas palabras de cara a la galer\u00eda y retorcidos los gestos en las distancias cortas,&#8230;<\/p>\n","protected":false},"author":1,"featured_media":82196,"comment_status":"closed","ping_status":"closed","sticky":false,"template":"","format":"standard","meta":{"_coblocks_attr":"","_coblocks_dimensions":"","_coblocks_responsive_height":"","_coblocks_accordion_ie_support":"","jetpack_post_was_ever_published":false,"_jetpack_newsletter_access":"","_jetpack_dont_email_post_to_subs":false,"_jetpack_newsletter_tier_id":0,"_jetpack_memberships_contains_paywalled_content":false,"_jetpack_memberships_contains_paid_content":false,"footnotes":"","jetpack_publicize_message":"","jetpack_publicize_feature_enabled":true,"jetpack_social_post_already_shared":true,"jetpack_social_options":{"image_generator_settings":{"template":"highway","default_image_id":0,"enabled":false},"version":2}},"categories":[1161,44,6914,6937],"tags":[],"class_list":["post-82195","post","type-post","status-publish","format-standard","has-post-thumbnail","hentry","category-ciudadania","category-noticias-de-hoy","category-opinion-de-reme-sanchez","category-sociedad"],"jetpack_publicize_connections":[],"jetpack_featured_media_url":"https:\/\/i0.wp.com\/miradordeatarfe.es\/wp-content\/uploads\/2026\/02\/scam-4126798_1920-qj9iz2ov2wf7tyjr50flnydqnpzmvdf84rwtq1i9ag.jpg?fit=1140%2C500&ssl=1","jetpack_likes_enabled":true,"jetpack_sharing_enabled":true,"_links":{"self":[{"href":"https:\/\/miradordeatarfe.es\/index.php?rest_route=\/wp\/v2\/posts\/82195","targetHints":{"allow":["GET"]}}],"collection":[{"href":"https:\/\/miradordeatarfe.es\/index.php?rest_route=\/wp\/v2\/posts"}],"about":[{"href":"https:\/\/miradordeatarfe.es\/index.php?rest_route=\/wp\/v2\/types\/post"}],"author":[{"embeddable":true,"href":"https:\/\/miradordeatarfe.es\/index.php?rest_route=\/wp\/v2\/users\/1"}],"replies":[{"embeddable":true,"href":"https:\/\/miradordeatarfe.es\/index.php?rest_route=%2Fwp%2Fv2%2Fcomments&post=82195"}],"version-history":[{"count":1,"href":"https:\/\/miradordeatarfe.es\/index.php?rest_route=\/wp\/v2\/posts\/82195\/revisions"}],"predecessor-version":[{"id":82197,"href":"https:\/\/miradordeatarfe.es\/index.php?rest_route=\/wp\/v2\/posts\/82195\/revisions\/82197"}],"wp:featuredmedia":[{"embeddable":true,"href":"https:\/\/miradordeatarfe.es\/index.php?rest_route=\/wp\/v2\/media\/82196"}],"wp:attachment":[{"href":"https:\/\/miradordeatarfe.es\/index.php?rest_route=%2Fwp%2Fv2%2Fmedia&parent=82195"}],"wp:term":[{"taxonomy":"category","embeddable":true,"href":"https:\/\/miradordeatarfe.es\/index.php?rest_route=%2Fwp%2Fv2%2Fcategories&post=82195"},{"taxonomy":"post_tag","embeddable":true,"href":"https:\/\/miradordeatarfe.es\/index.php?rest_route=%2Fwp%2Fv2%2Ftags&post=82195"}],"curies":[{"name":"wp","href":"https:\/\/api.w.org\/{rel}","templated":true}]}}