{"id":8222,"date":"2016-04-13T08:38:29","date_gmt":"2016-04-13T06:38:29","guid":{"rendered":"http:\/\/miradordeatarfe.es\/?p=8222"},"modified":"2019-12-28T12:54:49","modified_gmt":"2019-12-28T11:54:49","slug":"la-sanidad-que-teniamos-hasta-los-anos-cuatenta-del-siglo-pasado","status":"publish","type":"post","link":"https:\/\/miradordeatarfe.es\/?p=8222","title":{"rendered":"\u00abLA SANIDAD QUE TENIAMOS EL SIGLO PASADO\u00bb por Jos\u00e9 Enrique Granados"},"content":{"rendered":"<p style=\"text-align: justify;\">La ley org\u00e1nica de Sanidad de 1855, en vigor hasta los a\u00f1os cuarenta del siglo XX, establec\u00eda la obligaci\u00f3n de los municipios de prestar asistencia medico-sanitaria a las familias pobres del lugar, creando puestos de m\u00e9dico titular para cubrirla y atender, simult\u00e1neamente, los asuntos de higiene p\u00fablica. <!--more--><\/p>\n<p style=\"text-align: justify;\">Dicha obligaci\u00f3n fue mantenida en la Instrucci\u00f3n general de Sanidad P\u00fablica (12 de enero de 1904) y precisada con el Estatuto municipal y Reglamento de Sanidad Municipal de 9 de febrero de 1925 donde, se instruy\u00f3 la obligaci\u00f3n de crear un servicio de matronas para la asistencia gratuita a embarazadas pobres, as\u00ed como el contrato de un practicante titulado. A cada m\u00e9dico titular se le asignaba un n\u00famero de 300 familias pobres.<\/p>\n<p style=\"text-align: justify;\">En 1944, el gobierno de la dictadura franquista aprueba la Ley de 25 de noviembre de 1944 de Bases de Sanidad Nacional, con el fin de organizar la Sanidad Nacional, con arreglo a una serie de bases.<\/p>\n<p style=\"text-align: justify;\">En la vigesimocuarta, la referente a la sanidad municipal se dice que: corresponde a los alcaldes, o por su delegaci\u00f3n a los jefes locales de Sanidad, el cumplimiento de las disposiciones sanitarias, tanto de car\u00e1cter general como espec\u00edficas se su propio Ayuntamiento.<\/p>\n<p style=\"text-align: justify;\">Como \u00f3rgano asesor dispondr\u00e1 de los consejos municipales de Sanidad, cuya composici\u00f3n ser\u00e1 en municipios de menos de 25.000 habitantes (como lo era el nuestro): presidente el alcalde; secretario, el jefe local de Sanidad; vocales, los siguientes funcionarios municipales si los hubiere, un m\u00e9dico, un farmac\u00e9utico, un veterinario, un arquitecto o un ingeniero. Ser\u00e1n vocales adem\u00e1s, un m\u00e9dico designado por FET y de las JONS, un maestro y el Secretario del Ayuntamiento. La Comisi\u00f3n permanente de esta Junta estar\u00e1 constituida por el presidente, el secretario, un m\u00e9dico, un farmac\u00e9utico, un veterinario, un arquitecto y el m\u00e9dico designado de FET y de las JONS.<\/p>\n<p style=\"text-align: justify;\">Entre las obligaciones m\u00ednimas que ten\u00edan los municipios est\u00e1n: proporcionar agua potable, polic\u00eda sanitaria de v\u00edas p\u00fablicas, mataderos, etc, profilaxis de enfermedades evitables, higiene de escuelas y reconocimiento peri\u00f3dico de los escolares, evacuaci\u00f3n de aguas negras y residuales, instalaci\u00f3n de alcantarillado, inspecci\u00f3n de f\u00e1bricas de embutidos y comercios del ramo de alimentaci\u00f3n, vacunaciones preventivas y sostenimiento de los centros sanitarios locales.<\/p>\n<p style=\"text-align: justify;\">El grado y extensi\u00f3n de estos servicios ser\u00e1 variable seg\u00fan las caracter\u00edsticas del municipio y sus recursos econ\u00f3micos. Su regulaci\u00f3n ser\u00e1 reflejada en un reglamento sanitario local cuya redacci\u00f3n corresponder\u00e1 a los consejos municipales de Sanidad, con informe del consejo provincial y Gobierno Civil. Los municipios quedan obligados a consignar para atenciones sanitarias, como m\u00ednimo, el cinco por cieno de sus presupuestos ordinarios de gastos.<\/p>\n<p style=\"text-align: justify;\">Seg\u00fan se apunta en dicha ley, la asistencia domiciliaria de las familias comprendidas en el Padr\u00f3n de Beneficencia municipal continuar\u00e1 a cargo de los m\u00e9dicos de asistencia p\u00fablica domiciliaria.<\/p>\n<p style=\"text-align: justify;\">En los municipios de censo inferior a diez mil habitantes estar\u00e1n obligados los ayuntamientos a habilitar un edificio destinado a servicios sanitarios, centro primario de Sanidad y secretar\u00eda del consejo municipal del ramo y vivienda del m\u00e9dico jefe local de Sanidad.<\/p>\n<p style=\"text-align: justify;\">En las fotograf\u00edas de la Gacetilla de hoy, portada e interior de la cartilla municipal de beneficencia del Ayuntamiento de Atarfe del a\u00f1o 1960, siendo el facultativo D. Jos\u00e9 Prados Picazo.<\/p>\n<p style=\"text-align: justify;\">Curiosidades elvirenses.<\/p>\n","protected":false},"excerpt":{"rendered":"<p>La ley org\u00e1nica de Sanidad de 1855, en vigor hasta los a\u00f1os cuarenta del siglo&#8230;<\/p>\n","protected":false},"author":1,"featured_media":8223,"comment_status":"closed","ping_status":"closed","sticky":false,"template":"","format":"standard","meta":{"_coblocks_attr":"","_coblocks_dimensions":"","_coblocks_responsive_height":"","_coblocks_accordion_ie_support":"","jetpack_post_was_ever_published":false,"_jetpack_newsletter_access":"","_jetpack_dont_email_post_to_subs":false,"_jetpack_newsletter_tier_id":0,"_jetpack_memberships_contains_paywalled_content":false,"_jetpack_memberships_contains_paid_content":false,"footnotes":"","jetpack_publicize_message":"","jetpack_publicize_feature_enabled":true,"jetpack_social_post_already_shared":false,"jetpack_social_options":{"image_generator_settings":{"template":"highway","default_image_id":0,"enabled":false},"version":2}},"categories":[2,1225,38,44,15],"tags":[55,2482],"class_list":["post-8222","post","type-post","status-publish","format-standard","has-post-thumbnail","hentry","category-atarfe","category-ha-de-atarfe","category-opinion-de-jose-enrique-granados","category-noticias-de-hoy","category-ultimas-noticias","tag-salud","tag-sanidad-municipal"],"jetpack_publicize_connections":[],"jetpack_featured_media_url":"https:\/\/i0.wp.com\/miradordeatarfe.es\/wp-content\/uploads\/2016\/04\/12919689_990007884418560_8957286561468422799_n.jpg?fit=658%2C960&ssl=1","jetpack_likes_enabled":true,"jetpack_sharing_enabled":true,"_links":{"self":[{"href":"https:\/\/miradordeatarfe.es\/index.php?rest_route=\/wp\/v2\/posts\/8222","targetHints":{"allow":["GET"]}}],"collection":[{"href":"https:\/\/miradordeatarfe.es\/index.php?rest_route=\/wp\/v2\/posts"}],"about":[{"href":"https:\/\/miradordeatarfe.es\/index.php?rest_route=\/wp\/v2\/types\/post"}],"author":[{"embeddable":true,"href":"https:\/\/miradordeatarfe.es\/index.php?rest_route=\/wp\/v2\/users\/1"}],"replies":[{"embeddable":true,"href":"https:\/\/miradordeatarfe.es\/index.php?rest_route=%2Fwp%2Fv2%2Fcomments&post=8222"}],"version-history":[{"count":3,"href":"https:\/\/miradordeatarfe.es\/index.php?rest_route=\/wp\/v2\/posts\/8222\/revisions"}],"predecessor-version":[{"id":36459,"href":"https:\/\/miradordeatarfe.es\/index.php?rest_route=\/wp\/v2\/posts\/8222\/revisions\/36459"}],"wp:featuredmedia":[{"embeddable":true,"href":"https:\/\/miradordeatarfe.es\/index.php?rest_route=\/wp\/v2\/media\/8223"}],"wp:attachment":[{"href":"https:\/\/miradordeatarfe.es\/index.php?rest_route=%2Fwp%2Fv2%2Fmedia&parent=8222"}],"wp:term":[{"taxonomy":"category","embeddable":true,"href":"https:\/\/miradordeatarfe.es\/index.php?rest_route=%2Fwp%2Fv2%2Fcategories&post=8222"},{"taxonomy":"post_tag","embeddable":true,"href":"https:\/\/miradordeatarfe.es\/index.php?rest_route=%2Fwp%2Fv2%2Ftags&post=8222"}],"curies":[{"name":"wp","href":"https:\/\/api.w.org\/{rel}","templated":true}]}}