{"id":82271,"date":"2026-03-08T11:14:55","date_gmt":"2026-03-08T10:14:55","guid":{"rendered":"https:\/\/miradordeatarfe.es\/?p=82271"},"modified":"2026-02-24T14:21:24","modified_gmt":"2026-02-24T13:21:24","slug":"luisa-jimenez-la-atarfena-por-jose-enrique-granados","status":"publish","type":"post","link":"https:\/\/miradordeatarfe.es\/?p=82271","title":{"rendered":"\u00abLuisa Jim\u00e9nez \u201cLa Atarfe\u00f1a\u00bb por Jos\u00e9 Enrique Granados"},"content":{"rendered":"<div class=\"html-div xdj266r x14z9mp xat24cr x1lziwak xexx8yu xyri2b x18d9i69 x1c1uobl\" dir=\"auto\">\n<div class=\"html-div xdj266r x14z9mp xat24cr x1lziwak xexx8yu xyri2b x18d9i69 x1c1uobl\" data-ad-rendering-role=\"story_message\">\n<div class=\"x1l90r2v x1iorvi4 x1g0dm76 xpdmqnj\" data-ad-comet-preview=\"message\" data-ad-preview=\"message\">\n<div class=\"x78zum5 xdt5ytf xz62fqu x16ldp7u\">\n<div class=\"xu06os2 x1ok221b\">\n<div class=\"html-div xdj266r x14z9mp xat24cr x1lziwak xexx8yu xyri2b x18d9i69 x1c1uobl\">\n<div class=\"xdj266r x14z9mp xat24cr x1lziwak x1vvkbs x126k92a\">\n<h3 dir=\"auto\" style=\"text-align: justify;\">En el Bolet\u00edn del Centro de Estudios Pedro Su\u00e1rez n\u00famero 37, Ana Mar\u00eda G\u00f3mez Rom\u00e1n y David Garc\u00eda Trigueros publicaron un art\u00edculo titulado \u201cLas mujeres entran al ruedo. Sol y sombra de tres Sinsombrero: la torera Luisa Jim\u00e9nez \u201cLa Atarfe\u00f1a\u201d y las pintoras Lilia Busse y Eugenia Loutchinsky. De \u00e9l podemos extraer la siguiente informaci\u00f3n:<\/h3>\n<div dir=\"auto\" style=\"text-align: justify;\">\u00a0<\/div>\n<\/div>\n<div class=\"x14z9mp xat24cr x1lziwak x1vvkbs xtlvy1s x126k92a\" style=\"text-align: justify;\">\n<div dir=\"auto\">De La Atarfe\u00f1a se ha escrito mucho y muy variado, pero quien mejor ha venido a recrear hasta la fecha una parte considerable de su personalidad ha sido la escritora Antonina Rodrigo a trav\u00e9s de un cap\u00edtulo de su libro La Huerta de San Vicente y otros personajes y gentes (Granada, 1997). Dicha ensayista abord\u00f3 su figura desde la perspectiva de una fascinante mujer vinculada al universo Lorca y cuya gran haza\u00f1a fue lanzarse a los ruedos tras la muerte de su marido. A partir de este estudio surgieron varios art\u00edculos period\u00edsticos y de opini\u00f3n, y otros tantos publicados en blogs, que vinieron a recopilar, en gran medida, lo que Rodrigo ya hab\u00eda expuesto en su trabajo. Sin embargo, con la idea de asentar tanto la biograf\u00eda de Luisa Jim\u00e9nez como algunos aspectos fundamentales en torno a su familia y a su propia vida y otras tantas noticias relativas a su trayectoria taurina, debemos analizar su discurrir vital desde una perspectiva completamente diferente de lo que hasta ahora se ha hecho.<\/div>\n<div dir=\"auto\">\u00a0<\/div>\n<div dir=\"auto\">Por ello, lo que nos interesa resaltar es el perfil de una mujer que supo enfrentarse a los convencionalismos de una \u00e9poca, buscando el camino de su emancipaci\u00f3n a trav\u00e9s de una constante superaci\u00f3n frente a las tr\u00e1gicas circunstancias que le tocaron vivir. Prueba de todo ello es que, adem\u00e1s de hallarnos ante una poderosa personalidad capaz de arrastrarla a la aventura de los ruedos, tambi\u00e9n nos encontramos ante una mujer que se convirti\u00f3 en modelo de referencia tanto de las m\u00e1s variadas expresiones de car\u00e1cter art\u00edstico y literario como de los medios informativos.<\/div>\n<div dir=\"auto\">\u00a0<\/div>\n<\/div>\n<div class=\"x14z9mp xat24cr x1lziwak x1vvkbs xtlvy1s x126k92a\" style=\"text-align: justify;\">\n<div dir=\"auto\">Era evidente que la accitana gozaba de un gran atractivo y que se mov\u00eda por importantes y destacados c\u00edrculos intelectuales y sociales con la suficiente relevancia como para figurar en una publicaci\u00f3n de tales caracter\u00edsticas. Entre tanto, un joven novillero oriundo de Atarfe, llamado <strong><em>Miguel L\u00e1zaro Morilla Espinar,<\/em><\/strong> iba en ascenso en su carrera taurina. As\u00ed, pues, se hab\u00eda dado a conocer en su pueblo natal en 1926, cuando debut\u00f3 como becerrista, y tan s\u00f3lo un a\u00f1o m\u00e1s tarde se presentaba de luces ante la afici\u00f3n. Un ascenso mete\u00f3rico que le llevar\u00eda a debutar con caballos en 1928, en el municipio cordob\u00e9s de Pozoblanco junto al onubense Pedro Carre\u00f1o, y consolidando su carrera como novillero en la temporada de 1929, con una treintena de pase\u00edllos en su haber, asumiendo importantes compromisos en plazas de primer nivel, como Sevilla y Madrid; y con la afici\u00f3n de Granada rendida a \u00e9l, recibiendo homenajes en los m\u00e1s destacados salones de la ciudad.<\/div>\n<div dir=\"auto\">\u00a0<\/div>\n<div dir=\"auto\">Bajo este ambiente, no ha de extra\u00f1ar que Luisa y Miguel estuviesen abocados a conocerse, pues ella, como se ha dicho, era una joven muy conocida y \u00e9l un afamado novillero que recib\u00eda sentidos reconocimientos. Algo que tuvo lugar en el verano de 1931 en el Hotel San Pedro, propiedad de la familia de Luisa. Cuando decidieron casarse, ella se instal\u00f3 moment\u00e1neamente en Atarfe para agilizar los tr\u00e1mites de la boda, viviendo con la familia de su prometido, mientras este completaba la temporada taurina, tal y como se desprende de la misiva que le envi\u00f3 desde Sevilla el 15 de septiembre de 1931: \u201cDime muchas cosas y escr\u00edbeme mucho, qu\u00e9 dice tu familia y si han ido a verte tus hermanos o alguien de Granada [&#8230;]. La \u00fanica alegr\u00eda que tengo es que est\u00e1s en mi casa, adi\u00f3s prenda m\u00eda.\u201d<\/div>\n<div dir=\"auto\">\u00a0<\/div>\n<div dir=\"auto\">Los esponsales tuvieron lugar el mismo d\u00eda de la onom\u00e1stica de Atarfe\u00f1o, el 29 de septiembre de 1931. Ese d\u00eda, a las siete de la ma\u00f1ana, en la iglesia parroquial de la Encarnaci\u00f3n de Atarfe, en una ceremonia oficiada por el p\u00e1rroco Enrique S\u00e1nchez, Luisa y Miguel se convert\u00edan en marido y mujer. Fueron testigos del enlace Jos\u00e9 Jim\u00e9nez Navarro y Manuel L\u00f3pez Prados; mientras que los padrinos fueron Antonio S\u00e1nchez y la hermana de la novia, Pepita Jim\u00e9nez<\/div>\n<div dir=\"auto\">\u00a0<\/div>\n<div dir=\"auto\">. Prueba del amor que hubo entre la pareja son las letras de una carta que el novillero envi\u00f3 a su esposa despu\u00e9s: \u201cLuisa, Luisa no me olvides nunca, no dejes de amarme pues me volver\u00eda loco, me matar\u00eda\u201d. La pareja, en sus tres primeros a\u00f1os de vida marital, tuvo su residencia en la calle Reyes Cat\u00f3licos, cerca de plaza Nueva. A partir de 1934, cuando Atarfe\u00f1o fue adquiriendo una mayor presencia en los ruedos de toda Espa\u00f1a, decidieron instalarse en Madrid. Cuando estuvieron residiendo en Granada se rodearon de buenos amigos, especialmente relacionados con la profesi\u00f3n del joven, circunstancia que aprovecharon para acudir a distintos encuentros taurinos y capeas.<\/div>\n<div dir=\"auto\">\u00a0<\/div>\n<div dir=\"auto\">Una de ellas tuvo lugar a mediados de 1932 en la dehesa La Flora, propiedad de Jos\u00e9 Carvajal Jim\u00e9nez. All\u00ed se realiz\u00f3 una fiesta taurina donde particip\u00f3 Atarfe\u00f1o, con capote y muleta, ante un toro grande, junto con su sobrino Anto\u00f1ito Morillas y Joselito Mart\u00edn. Para ese a\u00f1o ya se hablaba que Miguel se estaba preparan do para torear en Perpi\u00f1\u00e1n. Igualmente fue en ese mismo a\u00f1o de 1932 cuando Atarfe\u00f1o se ofreci\u00f3 en octubre al Comit\u00e9 Pro-Presos a encerrarse, a beneficio de los encarcelados sociales, en la plaza de toros del Triunfo con seis novillos de la ganader\u00eda de Flores Albarr\u00e1n.<\/div>\n<div dir=\"auto\">\u00a0<\/div>\n<\/div>\n<div class=\"x14z9mp xat24cr x1lziwak x1vvkbs xtlvy1s x126k92a\">\n<div dir=\"auto\" style=\"text-align: justify;\">El \u00fanico hijo de la pareja naci\u00f3 en Granada a las cuatro de la tarde del d\u00eda 10 de abril de 1933. Fue bautizado el 28 de junio a las diez de la noche en la iglesia parroquial de San Gil y Santa Ana y recibi\u00f3 por nombre Miguel de la Sant\u00edsima Trinidad. Sus padrinos fueron su t\u00edo Alfonso Jim\u00e9nez Carvajal y su esposa Concepci\u00f3n Cant\u00f3n. Despu\u00e9s de la ceremonia bautismal, los amigos y familiares se trasladaron al domicilio de la pareja en la calle Reyes Cat\u00f3licos donde, adem\u00e1s de un ameno baile, se sirvieron entre los invitados dulces, pastas, habanos, licores y vino manzanilla; asistiendo a la celebraci\u00f3n alguno de los m\u00e1s reconocidos toreros del momento, como Antonio Pelegr\u00edn, Francisco L\u00f3pez Gitanillo de Granada, Antonio Z\u00fa\u00f1iga Esparterito y Ni\u00f1o de la Vega.<\/div>\n<div dir=\"auto\">\u00a0<\/div>\n<\/div>\n<div class=\"x14z9mp xat24cr x1lziwak x1vvkbs xtlvy1s x126k92a\">\n<div dir=\"auto\">En la fotograf\u00eda publicada en La Estampa (30 de mayo de 1936) Luisa Jim\u00e9nez con su hijo Miguel.<\/div>\n<\/div>\n<div class=\"x14z9mp xat24cr x1lziwak x1vvkbs xtlvy1s x126k92a\">\n<div dir=\"auto\">\u00a0<\/div>\n<div dir=\"auto\"><strong>Gacetilla y curiosidades elvirenses.<\/strong><\/div>\n<\/div>\n<\/div>\n<\/div>\n<\/div>\n<\/div>\n<\/div>\n<\/div>\n","protected":false},"excerpt":{"rendered":"<p>En el Bolet\u00edn del Centro de Estudios Pedro Su\u00e1rez n\u00famero 37, Ana Mar\u00eda G\u00f3mez Rom\u00e1n&#8230;<\/p>\n","protected":false},"author":1,"featured_media":82272,"comment_status":"closed","ping_status":"closed","sticky":false,"template":"","format":"standard","meta":{"_coblocks_attr":"","_coblocks_dimensions":"","_coblocks_responsive_height":"","_coblocks_accordion_ie_support":"","jetpack_post_was_ever_published":false,"_jetpack_newsletter_access":"","_jetpack_dont_email_post_to_subs":false,"_jetpack_newsletter_tier_id":0,"_jetpack_memberships_contains_paywalled_content":false,"_jetpack_memberships_contains_paid_content":false,"footnotes":"","jetpack_publicize_message":"","jetpack_publicize_feature_enabled":true,"jetpack_social_post_already_shared":true,"jetpack_social_options":{"image_generator_settings":{"template":"highway","default_image_id":0,"enabled":false},"version":2}},"categories":[1161,1225,186,44,6539],"tags":[],"class_list":["post-82271","post","type-post","status-publish","format-standard","has-post-thumbnail","hentry","category-ciudadania","category-ha-de-atarfe","category-instituciones","category-noticias-de-hoy","category-personajes-de-ataref"],"jetpack_publicize_connections":[],"jetpack_featured_media_url":"https:\/\/i0.wp.com\/miradordeatarfe.es\/wp-content\/uploads\/2026\/02\/614020268_1450184003781744_1918739675881747969_n.jpg?fit=720%2C515&ssl=1","jetpack_likes_enabled":true,"jetpack_sharing_enabled":true,"_links":{"self":[{"href":"https:\/\/miradordeatarfe.es\/index.php?rest_route=\/wp\/v2\/posts\/82271","targetHints":{"allow":["GET"]}}],"collection":[{"href":"https:\/\/miradordeatarfe.es\/index.php?rest_route=\/wp\/v2\/posts"}],"about":[{"href":"https:\/\/miradordeatarfe.es\/index.php?rest_route=\/wp\/v2\/types\/post"}],"author":[{"embeddable":true,"href":"https:\/\/miradordeatarfe.es\/index.php?rest_route=\/wp\/v2\/users\/1"}],"replies":[{"embeddable":true,"href":"https:\/\/miradordeatarfe.es\/index.php?rest_route=%2Fwp%2Fv2%2Fcomments&post=82271"}],"version-history":[{"count":1,"href":"https:\/\/miradordeatarfe.es\/index.php?rest_route=\/wp\/v2\/posts\/82271\/revisions"}],"predecessor-version":[{"id":82273,"href":"https:\/\/miradordeatarfe.es\/index.php?rest_route=\/wp\/v2\/posts\/82271\/revisions\/82273"}],"wp:featuredmedia":[{"embeddable":true,"href":"https:\/\/miradordeatarfe.es\/index.php?rest_route=\/wp\/v2\/media\/82272"}],"wp:attachment":[{"href":"https:\/\/miradordeatarfe.es\/index.php?rest_route=%2Fwp%2Fv2%2Fmedia&parent=82271"}],"wp:term":[{"taxonomy":"category","embeddable":true,"href":"https:\/\/miradordeatarfe.es\/index.php?rest_route=%2Fwp%2Fv2%2Fcategories&post=82271"},{"taxonomy":"post_tag","embeddable":true,"href":"https:\/\/miradordeatarfe.es\/index.php?rest_route=%2Fwp%2Fv2%2Ftags&post=82271"}],"curies":[{"name":"wp","href":"https:\/\/api.w.org\/{rel}","templated":true}]}}