{"id":8229,"date":"2016-04-12T09:09:55","date_gmt":"2016-04-12T09:09:55","guid":{"rendered":"http:\/\/miradordeatarfe.es\/?p=8229"},"modified":"2016-04-12T09:27:56","modified_gmt":"2016-04-12T09:27:56","slug":"nace-la-etiqueta-para-distinguir-la-ropa-libre-de-esclavitud-infantil","status":"publish","type":"post","link":"https:\/\/miradordeatarfe.es\/?p=8229","title":{"rendered":"Nace la etiqueta para distinguir la ropa libre de esclavitud infantil."},"content":{"rendered":"<p>Hace poco os cont\u00e1bamos como algunas marcas como <strong>Inditex o H&amp;M<\/strong> estaban en el punto de mira de muchos periodistas y bloggeros por sus pr\u00e1cticas de derecho laboral. Pero la industria de la moda no s\u00f3lo est\u00e1 te\u00f1ido del sufrimiento de muchos trabajadores, tambi\u00e9n de la sangre de muchos animales. De nuevo, la ignorancia colectiva asimilada y aceptada por todos es la que hace posible que sigamos comprando este tipo de prendas. \u00bfPero qu\u00e9 pasar\u00eda si pudieras ver qu\u00e9 hay detr\u00e1s de ellas?<\/p>\n<div class=\"code-block code-block-3 ai-desktop-tablet\"><\/div>\n<p>Seg\u00fan los \u00faltimos datos publicados por la <a href=\"http:\/\/muhimu.es\/pobreza-desarollo\/poster-interactivo-fundraising\/\" target=\"_blank\">Organizaci\u00f3n Internacional del Trabajo (OIT)<\/a>, hay 168 millones de ni\u00f1os trabajando lo que, seg\u00fan la propia OIT, <a href=\"http:\/\/muhimu.es\/economia\/nestle\/\" target=\"_blank\">priva a los m\u00e1s peque\u00f1os de su ni\u00f1ez y su correcto desarrollo mental, f\u00edsico y social<\/a>. Y, desgraciadamente, la industria de la moda es una de las m\u00e1ximas responsables de la creaci\u00f3n de estos puesto de trabajo tan reprochables.<\/p>\n<p>Por fortuna, cada vez son m\u00e1s los movimiento sociales que nacen para <a href=\"http:\/\/muhimu.es\/violencia\/productos-explotacion-infantil\/\" target=\"_blank\">denunciar estas pr\u00e1cticas<\/a> y que seamos conscientes de\u00a0ellas para asumir nuestra responsabilidad como consumidores. <a href=\"http:\/\/www.ecouterre.com\/can-a-new-label-help-eradicate-child-labor-in-the-garment-industry\/\" target=\"_blank\">Hoy nos fijamos en Child Labor Free<\/a>, una organizaci\u00f3n sin \u00e1nimo de lucro que nace en Nueva Zelanda con el objetivo de<strong> crear una etiqueta que acredite a aquellas firmas que, tras someterse a una auditor\u00eda independiente a cargo de la consultora Ernst &amp; Young, puedan asegurar que ni ellas ni sus proveedores han utilizado mano de obra infantil en su proceso de producci\u00f3n.<\/strong><\/p>\n<blockquote>\n<div class=\"et_social_media_wrapper size-full wp-image-23874 aligncenter\"><img data-recalc-dims=\"1\" loading=\"lazy\" decoding=\"async\" class=\"size-full wp-image-23874 aligncenter\" src=\"https:\/\/i0.wp.com\/muhimu.es\/wp-content\/uploads\/2016\/04\/libre-de-esclavitud-infantil.jpg?resize=640%2C428\" sizes=\"auto, (max-width: 700px) 100vw, 700px\" srcset=\"http:\/\/muhimu.es\/wp-content\/uploads\/2016\/04\/libre-de-esclavitud-infantil-300x201.jpg 300w, http:\/\/muhimu.es\/wp-content\/uploads\/2016\/04\/libre-de-esclavitud-infantil-420x281.jpg 420w, http:\/\/muhimu.es\/wp-content\/uploads\/2016\/04\/libre-de-esclavitud-infantil-90x60.jpg 90w, http:\/\/muhimu.es\/wp-content\/uploads\/2016\/04\/libre-de-esclavitud-infantil.jpg 700w\" alt=\"libre de esclavitud infantil\" width=\"640\" height=\"428\" \/><\/div>\n<p>\u201cDe la misma manera que buscamos el sello \u2018cruelty free\u2019 en los productos de belleza y buscamos productos \u2018org\u00e1nicos \u2018 en nuestros supermercados, creemos que \u2018Libre de trabajo infantil\u2019 necesita convertirse en un est\u00e1ndar reconocido a nivel mundial\u201d, afirma el director general y fundador de Child Labor Free Michelle Pratt.<\/p><\/blockquote>\n<p>La organizaci\u00f3n, creada por dise\u00f1adores neozelandeses como Hailwood, Kate Sylvester o Stolen Girlfriends Club y el apoyo de UNICEF y de la agencia de publicidad Saatchi &amp; Saatchi, est\u00e1 actualmente trabajando en una fase piloto del sello que ver\u00e1 la luz coincidiendo con la Semana de la Moda de Nueva Zelanda.<\/p>\n<div class=\"et_social_media_wrapper size-full wp-image-23875 aligncenter\"><img data-recalc-dims=\"1\" loading=\"lazy\" decoding=\"async\" class=\"size-full wp-image-23875 aligncenter\" src=\"https:\/\/i0.wp.com\/muhimu.es\/wp-content\/uploads\/2016\/04\/child-labor-free-muhimu.jpg?resize=537%2C403\" sizes=\"auto, (max-width: 537px) 100vw, 537px\" srcset=\"http:\/\/muhimu.es\/wp-content\/uploads\/2016\/04\/child-labor-free-muhimu-300x225.jpg 300w, http:\/\/muhimu.es\/wp-content\/uploads\/2016\/04\/child-labor-free-muhimu-420x315.jpg 420w, http:\/\/muhimu.es\/wp-content\/uploads\/2016\/04\/child-labor-free-muhimu.jpg 537w\" alt=\"child-labor-free-muhimu\" width=\"537\" height=\"403\" \/><\/div>\n<h3>Y EN ESPA\u00d1A\u2026 \u00bfPODEMOS ACCEDER A MODA SOSTENIBLE?<\/h3>\n<div class=\"article-header-epigraph\">\n<p>La inauguraci\u00f3n el pasado octubre de una tienda de Primark en Madrid caus\u00f3 sensaci\u00f3n, gener\u00f3 enormes colas y sirvi\u00f3 para recordar que la ropa de moda asequible sigue siendo un im\u00e1n para las masas en Occidente. S\u00f3lo un par de semanas despu\u00e9s, a miles de kil\u00f3metros de distancia se produc\u00eda una efem\u00e9ride mucho menos publicitada en el segundo pa\u00eds exportador de textil del planeta, en el que producen la mayor\u00eda de las grandes firmas internacionales, incluida Primark. Conclu\u00edan en Bangladesh las inspecciones de seguridad en f\u00e1bricas textiles que se iniciaron a ra\u00edz del derrumbe del complejo Rana Plaza, donde en abril de 2013 fallecieron m\u00e1s de un millar de trabajadoras bajo los escombros.\u00a0\u00bfOs imagin\u00e1is la conmoci\u00f3n que hubiera supuesto que esta f\u00e1brica se encontrase en un pa\u00eds europeo? Y sin embargo, parece que de nada o poco han servido este millar de fallecidos para cambiar nuestros h\u00e1bitos de consumo.<\/p>\n<div id=\"attachment_19051\" class=\"wp-caption aligncenter\">\n<div class=\"et_social_media_wrapper wp-image-19051 size-full\">\n<p><img data-recalc-dims=\"1\" loading=\"lazy\" decoding=\"async\" class=\"wp-image-19051 size-full\" src=\"https:\/\/i0.wp.com\/muhimu.es\/wp-content\/uploads\/2014\/09\/Protestas-delante-de-una-tienda-de-Primark-por-la-tragedia-de-Bangladesh.-REUTERS.-.jpg?resize=640%2C330\" sizes=\"auto, (max-width: 660px) 100vw, 660px\" srcset=\"http:\/\/muhimu.es\/wp-content\/uploads\/2014\/09\/Protestas-delante-de-una-tienda-de-Primark-por-la-tragedia-de-Bangladesh.-REUTERS.--300x155.jpg 300w, http:\/\/muhimu.es\/wp-content\/uploads\/2014\/09\/Protestas-delante-de-una-tienda-de-Primark-por-la-tragedia-de-Bangladesh.-REUTERS.--600x309.jpg 600w, http:\/\/muhimu.es\/wp-content\/uploads\/2014\/09\/Protestas-delante-de-una-tienda-de-Primark-por-la-tragedia-de-Bangladesh.-REUTERS.--420x216.jpg 420w, http:\/\/muhimu.es\/wp-content\/uploads\/2014\/09\/Protestas-delante-de-una-tienda-de-Primark-por-la-tragedia-de-Bangladesh.-REUTERS.-.jpg 660w\" alt=\"Protestas delante de una tienda de Primark por la tragedia de Bangladesh.- REUTERS.\" width=\"640\" height=\"330\" \/><\/p>\n<div class=\"et_social_media et_social_media_hidden et_social_mobile_on\">\n<div class=\"et_social_networks et_social_autowidth et_social_simple et_social_left et_social_rounded et_social_outer_dark et_social_withnetworknames\">\n<ul class=\"et_social_icons_container\">\n<li class=\"et_social_facebook\">\n<div class=\"et_social_share\" data-social_link=\"http:\/\/www.facebook.com\/sharer.php?u=http%3A%2F%2Fmuhimu.es%2Ftrabajo-emprendedores%2Fnace-la-etiqueta-para-distinguir-la-ropa-libre-de-esclavitud-infantil-listado-de-marcas-que-lo-llevan%2F&amp;t=Nace%20la%20etiqueta%20para%20distinguir%20la%20ropa%20libre%20de%20esclavitud%20infantil.%20Listado%20de%20marcas%20que%20lo%20llevan\" data-social_name=\"facebook\" data-social_type=\"media\" data-post_id=\"23872\" data-location=\"media\">\n<p>&nbsp;<\/p>\n<div class=\"et_social_network_label\">\n<div class=\"et_social_networkname\">Facebook<\/div>\n<\/div>\n<\/div>\n<\/li>\n<li class=\"et_social_twitter\">\n<div class=\"et_social_share\" data-social_link=\"http:\/\/twitter.com\/share?text=Nace%20la%20etiqueta%20para%20distinguir%20la%20ropa%20libre%20de%20esclavitud%20infantil.%20Listado%20de%20marcas%20que%20lo%20llevan&amp;url=http%3A%2F%2Fmuhimu.es%2Ftrabajo-emprendedores%2Fnace-la-etiqueta-para-distinguir-la-ropa-libre-de-esclavitud-infantil-listado-de-marcas-que-lo-llevan%2F&amp;via=muhimu_es\" data-social_name=\"twitter\" data-social_type=\"media\" data-post_id=\"23872\" data-location=\"media\">\n<p>&nbsp;<\/p>\n<div class=\"et_social_network_label\">\n<div class=\"et_social_networkname\">Twitter<\/div>\n<\/div>\n<\/div>\n<\/li>\n<\/ul>\n<\/div>\n<\/div>\n<\/div>\n<p class=\"wp-caption-text\">Protestas delante de una tienda de Primark por la tragedia de Bangladesh.- REUTERS.<\/p>\n<\/div>\n<\/div>\n<blockquote>\n<div class=\"article-header-epigraph\">\n<p>Entretanto, esas factor\u00edas siguen siendo inseguras y en cualquier momento se pueden convertir en una trampa mortal para las que trabajan en ellas. \u00a0Tres a\u00f1os despu\u00e9s del derrumbe del Rana Plaza, con un millar de muertas, las 3.500 f\u00e1bricas exportadoras de Bangladesh han sido inspeccionadas, pero s\u00f3lo ocho han superado los controles. El resto debe todav\u00eda acometer correcciones en estructuras, instalaciones el\u00e9ctricas y sistemas anti incendios para garantizar que son seguras. <a href=\"http:\/\/www.publico.es\/internacional\/camino-reforma-textil-bangladesh.html\" target=\"_blank\">Las f\u00e1bricas que nutren a las Primark occidentales siguen siendo trampas mortales para sus trabajadoras<\/a>.<\/p>\n<\/div>\n<p>La sensibilizaci\u00f3n es esencial para una compra consciente.<br \/>\nAy\u00fadanos a difundir la noticia.<\/p><\/blockquote>\n<p>El pr\u00f3ximo jueves 7 de abril,<strong> Moda Sostenible Barcelona <\/strong>lanza el concurso\u00a0<i>Fashion Revolutionaires 2016<\/i>\u00a0dentro de la programaci\u00f3n de actividades organizadas en Espa\u00f1a con motivo del Fashion Revolution Day. La asociaci\u00f3n barcelonesa participa por tercer a\u00f1o consecutivo en la conmemoraci\u00f3n de la iniciativa internacional que cada 24 de abril recuerda las v\u00edctimas de la tragedia de Bangladesh. Aplaudimos iniciativas como \u00e9sta que nos ayuden a sentirnos orgullosos de la industria de la moda. Y para ayudarte a acceder a la moda #slowfashion tambi\u00e9n aqu\u00ed en Espa\u00f1a, os dejamos este directorio de tiendas creado por<a href=\"http:\/\/www.slowfashionnext.com\/estamos-ya-salvados-directorio-marcas-moda-sostenible\" target=\"_blank\">\u00a0slowfashionnext<\/a>:<\/p>\n<p><strong>Webs online multimarca:<\/strong><\/p>\n<p><a href=\"https:\/\/www.dothewoo.com\/es\/\" target=\"_blank\">https:\/\/www.dothewoo.com\/es\/<\/a><br \/>\n<a href=\"http:\/\/www.fairchanges.com\/\" target=\"_blank\">http:\/\/www.fairchanges.com\/<\/a><br \/>\n<a href=\"http:\/\/www.movestoslow.com\/\" target=\"_blank\">http:\/\/www.movestoslow.com\/<\/a><br \/>\n<a href=\"http:\/\/www.idikamoda.com\/\" target=\"_blank\">http:\/\/www.idikamoda.com\/<\/a><br \/>\n<a href=\"http:\/\/sunsais.com\/\" target=\"_blank\">http:\/\/sunsais.com\/<\/a><br \/>\n<a href=\"http:\/\/www.ecozap.es\/?locale=es\" target=\"_blank\">http:\/\/www.ecozap.es\/?locale=es<\/a><br \/>\n<a href=\"http:\/\/www.veganized.es\/\" target=\"_blank\">http:\/\/www.veganized.es\/<\/a><\/p>\n<p><strong>Tienda f\u00edsica en Madrid:<\/strong><\/p>\n<p><a href=\"https:\/\/www.facebook.com\/thecircularprojectshop\" target=\"_blank\">https:\/\/www.facebook.com\/thecircularprojectshop<\/a><\/p>\n<p><strong>Tiendas f\u00edsicas en BCN:<\/strong><\/p>\n<p><a href=\"http:\/\/humusbarcelona.com\/\" target=\"_blank\">http:\/\/humusbarcelona.com\/<\/a><br \/>\n<a href=\"http:\/\/www.greenlifestyle.es\/\" target=\"_blank\">http:\/\/www.greenlifestyle.es<\/a><br \/>\n<a href=\"http:\/\/www.greenlifestyle.es\/\" target=\"_blank\">www.modaenpositivo.com<\/a><\/p>\n<p><strong>Tiendas f\u00edsicas en Zaragoza:<\/strong><\/p>\n<p><a href=\"http:\/\/www.crisb.es\/\" target=\"_blank\">http:\/\/www.crisb.es<\/a><br \/>\n<a href=\"http:\/\/www.elisamuresan.com\/\" target=\"_blank\">http:\/\/www.elisamuresan.com\/<\/a><\/p>\n<p><strong>Tiendas f\u00edsicas en Sevilla:<\/strong><\/p>\n<p><a href=\"http:\/\/verdemoscu.eu\/es\" target=\"_blank\">http:\/\/verdemoscu.eu\/es<\/a><\/p>\n<p><strong>Marcas Moda:<\/strong><\/p>\n<p><a href=\"http:\/\/a-martinez.com\/\" target=\"_blank\">http:\/\/a-martinez.com<\/a><br \/>\n<a href=\"http:\/\/aibycraft.com\/\" target=\"_blank\">http:\/\/aibycraft.com<\/a><br \/>\n<a href=\"http:\/\/www.amalena.com\/es\/index.html\" target=\"_blank\">http:\/\/www.amalena.com\/es\/index.html<\/a><br \/>\n<a href=\"http:\/\/animovaliente.com\/\" target=\"_blank\">http:\/\/animovaliente.com<\/a><br \/>\n<a href=\"http:\/\/www.aumactivewear.com\/\" target=\"_blank\">http:\/\/www.aumactivewear.com<\/a><br \/>\n<a href=\"http:\/\/www.beckynut.com\/\" target=\"_blank\">http:\/\/www.beckynut.com<\/a><br \/>\n<a href=\"http:\/\/bichobichejo.com\/\" target=\"_blank\">http:\/\/bichobichejo.com<\/a><br \/>\n<a href=\"http:\/\/bhavastudio.com\/\" target=\"_blank\">http:\/\/bhavastudio.com<\/a><br \/>\n<a href=\"http:\/\/boonoir.blogspot.com.es\/\" target=\"_blank\">http:\/\/boonoir.blogspot.com.es<\/a><br \/>\n<a href=\"http:\/\/corktale.es\/\" target=\"_blank\">http:\/\/corktale.es<\/a><br \/>\n<a href=\"http:\/\/www.cus.cat\/\" target=\"_blank\">http:\/\/www.cus.cat<\/a><br \/>\n<a href=\"http:\/\/deltravesbcn.com\/\" target=\"_blank\">http:\/\/deltravesbcn.com<\/a><br \/>\n<a href=\"http:\/\/www.ecoology.es\/es\/\" target=\"_blank\">http:\/\/www.ecoology.es\/es<\/a><br \/>\n<a href=\"http:\/\/www.equilicua.com\/\" target=\"_blank\">http:\/\/www.equilicua.com<\/a><br \/>\n<a href=\"http:\/\/efimeroforever.com\/\" target=\"_blank\">http:\/\/efimeroforever.com<\/a><br \/>\n<a href=\"http:\/\/ecoalf.com\/\" target=\"_blank\">http:\/\/ecoalf.com<\/a><br \/>\n<a href=\"http:\/\/www.isendra.com\/\" target=\"_blank\">http:\/\/www.isendra.com<\/a><br \/>\n<a href=\"http:\/\/www.idunnbags.com\/\" target=\"_blank\">http:\/\/www.idunnbags.com<\/a><br \/>\n<a href=\"http:\/\/iouproject.com\/\" target=\"_blank\">http:\/\/iouproject.com<\/a><br \/>\n<a href=\"http:\/\/www.juanabarranco.com\/\" target=\"_blank\">http:\/\/www.juanabarranco.com<\/a><br \/>\n<a href=\"https:\/\/www.kameleonik.com\/\" target=\"_blank\">https:\/\/www.kameleonik.com<\/a><br \/>\n<a href=\"http:\/\/www.lasenegalesa.com\/es\" target=\"_blank\">http:\/\/www.lasenegalesa.com\/es<\/a><br \/>\n<a href=\"http:\/\/www.wearelatitude.eu\/es\/\" target=\"_blank\">http:\/\/www.wearelatitude.eu\/es<\/a><br \/>\n<a href=\"http:\/\/www.lekonsphin.com\/\" target=\"_blank\">http:\/\/www.lekonsphin.com<\/a><br \/>\n<a href=\"http:\/\/www.lifegist.es\/\" target=\"_blank\">http:\/\/www.lifegist.es<\/a><br \/>\n<a href=\"http:\/\/lolitavonstoff.com\/es\/\" target=\"_blank\">http:\/\/lolitavonstoff.com\/es<\/a><br \/>\n<a href=\"http:\/\/maripuritijeritas.com\/\" target=\"_blank\">http:\/\/maripuritijeritas.com<\/a><br \/>\n<a href=\"http:\/\/www.miropavintage.com\/\" target=\"_blank\">http:\/\/www.miropavintage.com<\/a><br \/>\n<a href=\"http:\/\/www.miusutin.com\" target=\"_blank\">http:\/\/www.miusutin.com<\/a><br \/>\n<a href=\"http:\/\/moraefron.com\/\" target=\"_blank\">http:\/\/moraefron.com\/<\/a><br \/>\n<a href=\"http:\/\/myfaldas.com\/es\/\" target=\"_blank\">http:\/\/myfaldas.com\/es<\/a><br \/>\n<a href=\"http:\/\/www.malahierba.es\/\" target=\"_blank\">http:\/\/www.malahierba.es<\/a><br \/>\n<a href=\"http:\/\/www.medwinds.com\/es\" target=\"_blank\">http:\/\/www.medwinds.com\/es<\/a><br \/>\n<a href=\"http:\/\/martavillamayor.blogspot.com.es\/\" target=\"_blank\">http:\/\/martavillamayor.blogspot.com.es<\/a><br \/>\n<a href=\"http:\/\/themodubat.com\/\" target=\"_blank\">http:\/\/themodubat.com<\/a><br \/>\n<a href=\"http:\/\/www.nabari.eus\/shop\/es\" target=\"_blank\">http:\/\/www.nabari.eus\/shop\/es<\/a><br \/>\n<a href=\"http:\/\/www.nusk.es\/\" target=\"_blank\">http:\/\/www.nusk.es<\/a><br \/>\n<a href=\"http:\/\/www.slowfashionnext.com\/www.organiccottoncolours.com\" target=\"_blank\">www.organiccottoncolours.com<\/a><br \/>\n<a href=\"http:\/\/www.oxfamintermon.org\/es\/multimedia\/galeria-fotografica\/veraluna\" target=\"_blank\">http:\/\/www.oxfamintermon.org\/es\/multimedia\/galeria-fotografica\/veraluna<\/a><br \/>\n<a href=\"http:\/\/www.outofofficeshop.com\/\" target=\"_blank\">http:\/\/www.outofofficeshop.com<\/a><br \/>\n<a href=\"http:\/\/puregreenapparel.com\/\" target=\"_blank\">http:\/\/puregreenapparel.com<\/a><br \/>\n<a href=\"http:\/\/www.pellderaim.com\/\" target=\"_blank\">http:\/\/www.pellderaim.com<\/a><br \/>\n<a href=\"http:\/\/www.paperandpapereyewear.com\/\" target=\"_blank\">http:\/\/www.paperandpapereyewear.com<\/a><br \/>\n<a href=\"http:\/\/pappuv.es\/\" target=\"_blank\">http:\/\/pappuv.es<\/a><br \/>\n<a href=\"http:\/\/www.rebelroot.com\/\" target=\"_blank\">http:\/\/www.rebelroot.com<\/a><br \/>\n<a href=\"http:\/\/www.santofruto.es\/\" target=\"_blank\">http:\/\/www.santofruto.es<\/a><br \/>\n<a href=\"http:\/\/slowartist.es\/\" target=\"_blank\">http:\/\/slowartist.es<\/a><br \/>\n<a href=\"http:\/\/sensenubyoriol.com\/\" target=\"_blank\">http:\/\/sensenubyoriol.com<\/a><br \/>\n<a href=\"http:\/\/skuibo.com\/es\/\" target=\"_blank\">http:\/\/skuibo.com\/es<\/a><br \/>\n<a href=\"http:\/\/www.slowers.es\/\" target=\"_blank\">http:\/\/www.slowers.es<\/a><br \/>\n<a href=\"http:\/\/www.teixidors.com\/\" target=\"_blank\">http:\/\/www.teixidors.com<\/a><br \/>\n<a href=\"http:\/\/www.thevintees.com\/\" target=\"_blank\">http:\/\/www.thevintees.com<\/a><br \/>\n<a href=\"http:\/\/thinkingmu.com\/es\/\" target=\"_blank\">http:\/\/thinkingmu.com\/es<\/a><br \/>\n<a href=\"http:\/\/www.tyttithusberg.com\/\" target=\"_blank\">http:\/\/www.tyttithusberg.com<\/a><br \/>\n<a href=\"http:\/\/www.ursmybike.com\/\" target=\"_blank\">http:\/\/www.ursmybike.com<\/a><br \/>\n<a href=\"http:\/\/vesicapiscisfootwear.com\/es\/\" target=\"_blank\">http:\/\/vesicapiscisfootwear.com\/es<\/a><br \/>\n<a href=\"http:\/\/vintisis.com\/\" target=\"_blank\">http:\/\/vintisis.com<\/a><br \/>\n<a href=\"http:\/\/www.water-puppet.com\/\" target=\"_blank\">http:\/\/www.water-puppet.com<\/a><br \/>\n<a href=\"http:\/\/wabisabiecofashionconcept.com\/\" target=\"_blank\">http:\/\/wabisabiecofashionconcept.com<\/a><br \/>\n<a href=\"http:\/\/xiroeco.com\/\" target=\"_blank\">http:\/\/xiroeco.com<\/a><\/p>\n<p><strong>Intercambios de ropa:<\/strong><\/p>\n<p><a href=\"https:\/\/dearmarioaarmario.wordpress.com\/\" target=\"_blank\">https:\/\/dearmarioaarmario.wordpress.com\/<\/a><\/p>\n<p><strong>Blogs:<\/strong><\/p>\n<p><a href=\"http:\/\/consciouslysartorial.blogspot.com.es\/\" target=\"_blank\">http:\/\/consciouslysartorial.blogspot.com.es<\/a><br \/>\n<a href=\"http:\/\/slowearproject.com\/\" target=\"_blank\">http:\/\/slowearproject.com\/<\/a><br \/>\n<a href=\"http:\/\/www.backstageladies.com\/\" target=\"_blank\">http:\/\/www.backstageladies.com\/<\/a><br \/>\n<a href=\"http:\/\/www.quintatrends.com\/\" target=\"_blank\">http:\/\/www.quintatrends.com\/ (LatinoA<\/a><\/p>\n","protected":false},"excerpt":{"rendered":"<p>Hace poco os cont\u00e1bamos como algunas marcas como Inditex o H&amp;M estaban en el punto&#8230;<\/p>\n","protected":false},"author":1,"featured_media":8233,"comment_status":"closed","ping_status":"closed","sticky":false,"template":"","format":"standard","meta":{"_coblocks_attr":"","_coblocks_dimensions":"","_coblocks_responsive_height":"","_coblocks_accordion_ie_support":"","jetpack_post_was_ever_published":false,"_jetpack_newsletter_access":"","_jetpack_dont_email_post_to_subs":false,"_jetpack_newsletter_tier_id":0,"_jetpack_memberships_contains_paywalled_content":false,"_jetpack_memberships_contains_paid_content":false,"footnotes":"","jetpack_publicize_message":"","jetpack_publicize_feature_enabled":true,"jetpack_social_post_already_shared":false,"jetpack_social_options":{"image_generator_settings":{"template":"highway","default_image_id":0,"enabled":false},"version":2}},"categories":[1161,44,15],"tags":[2490,2310,389,2489,1704],"class_list":["post-8229","post","type-post","status-publish","format-standard","has-post-thumbnail","hentry","category-ciudadania","category-noticias-de-hoy","category-ultimas-noticias","tag-explotacion","tag-explotacion-infantil","tag-infancia","tag-libre-de-esclavitud","tag-moda"],"jetpack_publicize_connections":[],"jetpack_featured_media_url":"https:\/\/i0.wp.com\/miradordeatarfe.es\/wp-content\/uploads\/2016\/04\/child-labor-in-america-by-www.whatisusa.info_.jpg?fit=969%2C646&ssl=1","jetpack_likes_enabled":true,"jetpack_sharing_enabled":true,"_links":{"self":[{"href":"https:\/\/miradordeatarfe.es\/index.php?rest_route=\/wp\/v2\/posts\/8229","targetHints":{"allow":["GET"]}}],"collection":[{"href":"https:\/\/miradordeatarfe.es\/index.php?rest_route=\/wp\/v2\/posts"}],"about":[{"href":"https:\/\/miradordeatarfe.es\/index.php?rest_route=\/wp\/v2\/types\/post"}],"author":[{"embeddable":true,"href":"https:\/\/miradordeatarfe.es\/index.php?rest_route=\/wp\/v2\/users\/1"}],"replies":[{"embeddable":true,"href":"https:\/\/miradordeatarfe.es\/index.php?rest_route=%2Fwp%2Fv2%2Fcomments&post=8229"}],"version-history":[{"count":2,"href":"https:\/\/miradordeatarfe.es\/index.php?rest_route=\/wp\/v2\/posts\/8229\/revisions"}],"predecessor-version":[{"id":8232,"href":"https:\/\/miradordeatarfe.es\/index.php?rest_route=\/wp\/v2\/posts\/8229\/revisions\/8232"}],"wp:featuredmedia":[{"embeddable":true,"href":"https:\/\/miradordeatarfe.es\/index.php?rest_route=\/wp\/v2\/media\/8233"}],"wp:attachment":[{"href":"https:\/\/miradordeatarfe.es\/index.php?rest_route=%2Fwp%2Fv2%2Fmedia&parent=8229"}],"wp:term":[{"taxonomy":"category","embeddable":true,"href":"https:\/\/miradordeatarfe.es\/index.php?rest_route=%2Fwp%2Fv2%2Fcategories&post=8229"},{"taxonomy":"post_tag","embeddable":true,"href":"https:\/\/miradordeatarfe.es\/index.php?rest_route=%2Fwp%2Fv2%2Ftags&post=8229"}],"curies":[{"name":"wp","href":"https:\/\/api.w.org\/{rel}","templated":true}]}}