{"id":82336,"date":"2026-03-09T08:35:54","date_gmt":"2026-03-09T07:35:54","guid":{"rendered":"https:\/\/miradordeatarfe.es\/?p=82336"},"modified":"2026-03-05T21:27:14","modified_gmt":"2026-03-05T20:27:14","slug":"los-jovenes-reto-del-feminismo","status":"publish","type":"post","link":"https:\/\/miradordeatarfe.es\/?p=82336","title":{"rendered":"Los j\u00f3venes, reto del feminismo"},"content":{"rendered":"<h3>Es necesaria una nueva pedagog\u00eda para frenar el preocupante distanciamiento de la juventud de la igualdad de g\u00e9nero<\/h3>\n<p class=\"\" style=\"text-align: justify;\">El<a title=\"https:\/\/www.centroreinasofia.org\/publicacion\/barometro-juventud-genero-2025\/\" href=\"https:\/\/www.centroreinasofia.org\/publicacion\/barometro-juventud-genero-2025\/\" target=\"_self\" rel=\"\" data-link-track-dtm=\"\" data-mrf-link=\"https:\/\/www.centroreinasofia.org\/publicacion\/barometro-juventud-genero-2025\/\"> Bar\u00f3metro Juventud y G\u00e9nero 2025<\/a> revela que solo el 38,4 % de los j\u00f3venes de entre 15 y 29 a\u00f1os se identifican como feministas, el nivel m\u00e1s bajo, casi 12 puntos menos que en 2021. Al mismo tiempo, el 48,9% cree que existen desigualdades de g\u00e9nero grandes o muy grandes en Espa\u00f1a, y el 49,2% ve que el feminismo es el medio \u201cnecesario para lograr una igualdad real\u201d. Esto revela una disociaci\u00f3n entre la palabra y lo que realmente representa. El bar\u00f3metro confirma que <a title=\"https:\/\/elpais.com\/sociedad\/2026-02-24\/mas-de-la-mitad-de-los-varones-jovenes-espanoles-creen-que-el-feminismo-una-herramienta-de-manipulacion-politica.html\" href=\"https:\/\/elpais.com\/sociedad\/2026-02-24\/mas-de-la-mitad-de-los-varones-jovenes-espanoles-creen-que-el-feminismo-una-herramienta-de-manipulacion-politica.html\" target=\"_self\" rel=\"\" data-link-track-dtm=\"\" data-mrf-link=\"https:\/\/elpais.com\/sociedad\/2026-02-24\/mas-de-la-mitad-de-los-varones-jovenes-espanoles-creen-que-el-feminismo-una-herramienta-de-manipulacion-politica.html\">muchos j\u00f3venes est\u00e1n abrazando el papel de v\u00edctimas<\/a> de unas leyes de igualdad que presentan como un abuso. El t\u00e9rmino feminismo se ha pervertido de manera peligrosa con connotaciones dogm\u00e1ticas e impositivas \u2014como la caricatura despectiva \u201cfeminazi\u201d\u2014, hasta resultar socialmente antip\u00e1tico para muchos j\u00f3venes, que parecen ver atractivo y <i>cool <\/i>declararse antifeminista.<\/p>\n<p class=\"\" style=\"text-align: justify;\"><a title=\"https:\/\/elpais.com\/sociedad\/2025-06-26\/mas-formados-esclavos-del-alquiler-y-menos-feministas-asi-han-cambiado-los-jovenes-en-espana.html\" href=\"https:\/\/elpais.com\/sociedad\/2025-06-26\/mas-formados-esclavos-del-alquiler-y-menos-feministas-asi-han-cambiado-los-jovenes-en-espana.html\" target=\"_self\" rel=\"\" data-link-track-dtm=\"\" data-mrf-link=\"https:\/\/elpais.com\/sociedad\/2025-06-26\/mas-formados-esclavos-del-alquiler-y-menos-feministas-asi-han-cambiado-los-jovenes-en-espana.html\">Esa desafecci\u00f3n de la generaci\u00f3n <\/a>que ha sido formada en las condiciones familiares, sociales y educativas m\u00e1s igualitarias merece una reflexi\u00f3n rigurosa de todos, que no debe excluir la autocr\u00edtica. Algo ha fallado en la educaci\u00f3n en la igualdad cuando en sus primeras beneficiarias, que son las j\u00f3venes, ha calado este discurso de las redes y rechazan el feminismo: para el 38% de las chicas (y el 51,5% de los chicos), m\u00e1s del doble que en 2021, es una herramienta de manipulaci\u00f3n y adoctrinamiento.<\/p>\n<p class=\"\" style=\"text-align: justify;\">Sin duda <a title=\"https:\/\/elpais.com\/salud-y-bienestar\/2025-08-27\/la-crisis-de-los-20-es-la-nueva-crisis-de-los-40-los-problemas-de-los-jovenes-pulverizan-la-curva-de-la-infelicidad.html\" href=\"https:\/\/elpais.com\/salud-y-bienestar\/2025-08-27\/la-crisis-de-los-20-es-la-nueva-crisis-de-los-40-los-problemas-de-los-jovenes-pulverizan-la-curva-de-la-infelicidad.html\" target=\"_self\" rel=\"\" data-link-track-dtm=\"\" data-mrf-link=\"https:\/\/elpais.com\/salud-y-bienestar\/2025-08-27\/la-crisis-de-los-20-es-la-nueva-crisis-de-los-40-los-problemas-de-los-jovenes-pulverizan-la-curva-de-la-infelicidad.html\">el malestar de la Generaci\u00f3n Z y su desencanto <\/a>con las promesas ideol\u00f3gicas de sus padres han hecho mella: son j\u00f3venes altamente formados, que han cumplido con su parte y cuyo futuro no est\u00e1 a la altura de sus m\u00e9ritos.<a title=\"https:\/\/elpais.com\/economia\/negocios\/2025-11-15\/el-exito-ya-no-es-lo-que-era-y-la-culpa-es-de-la-precariedad-que-entienden-los-jovenes-por-triunfar-en-la-vida.html\" href=\"https:\/\/elpais.com\/economia\/negocios\/2025-11-15\/el-exito-ya-no-es-lo-que-era-y-la-culpa-es-de-la-precariedad-que-entienden-los-jovenes-por-triunfar-en-la-vida.html\" target=\"_self\" rel=\"\" data-link-track-dtm=\"\" data-mrf-link=\"https:\/\/elpais.com\/economia\/negocios\/2025-11-15\/el-exito-ya-no-es-lo-que-era-y-la-culpa-es-de-la-precariedad-que-entienden-los-jovenes-por-triunfar-en-la-vida.html\"> A la precariedad econ\u00f3mica, la incertidumbre sobre el porvenir <\/a>y los discursos polarizados que afectan a todos, hay que sumar las peores condiciones laborales y sociales que les esperan a ellas, que no son ajenas a esta realidad: el 61,4 % de las j\u00f3venes percibe grandes desigualdades por raz\u00f3n de sexo en Espa\u00f1a, frente al 36,7 % de los chicos. Una brecha de 25 puntos que revela, precisamente, cu\u00e1nto queda todav\u00eda por avanzar en la igualdad y la importancia de defenderla.<\/p>\n<p class=\"\" style=\"text-align: justify;\">Estas preocupantes cifras son indisociables del avance de <a title=\"https:\/\/elpais.com\/sociedad\/2025-09-04\/la-manosfera-saca-pecho-en-el-congreso-de-la-mano-de-vox-si-se-crea-odio-entre-hombres-y-mujeres-destruyes-una-nacion.html\" href=\"https:\/\/elpais.com\/sociedad\/2025-09-04\/la-manosfera-saca-pecho-en-el-congreso-de-la-mano-de-vox-si-se-crea-odio-entre-hombres-y-mujeres-destruyes-una-nacion.html\" target=\"_self\" rel=\"\" data-link-track-dtm=\"\" data-mrf-link=\"https:\/\/elpais.com\/sociedad\/2025-09-04\/la-manosfera-saca-pecho-en-el-congreso-de-la-mano-de-vox-si-se-crea-odio-entre-hombres-y-mujeres-destruyes-una-nacion.html\">una ideolog\u00eda ultraderechista cuyo enemigo declarado son los derechos de las mujeres<\/a>, y que alcanza a los m\u00e1s j\u00f3venes a trav\u00e9s de entornos digitales claramente sesgados que aceleran los prejuicios. Pero esta generaci\u00f3n tan castigada tampoco ve respuestas en la izquierda, que incluye tambi\u00e9n al feminismo y que, bajo la bandera de la inclusi\u00f3n, ha desatendido otras sensibilidades en aras a una pureza dogm\u00e1tica que lo est\u00e1 lastrando.<\/p>\n<p class=\"\" style=\"text-align: justify;\">No existe democracia sin igualdad, ni igualdad sin feminismo. Para ello es una tarea de pa\u00eds revertir las desalentadoras tendencias que revelan los datos de ese bar\u00f3metro. Hay que educar en el beneficio de una sociedad igualitaria, no solo para las mujeres, sino tambi\u00e9n para ellos.<\/p>\n<p><a class=\"a_md_a_n\" title=\"Ver todas las noticias de El Pa\u00eds\" href=\"https:\/\/elpais.com\/autor\/el-pais\/#?rel=author_top\" data-mrf-link=\"https:\/\/elpais.com\/autor\/el-pais\/\"><strong>El Pa\u00eds<\/strong> editorial<\/a><\/p>\n<p>FOTO: Un grupo de adolescentes caminan por los pasillos de su instituto.<\/p>\n<p>https:\/\/elpais.com\/opinion\/2026-02-27\/los-jovenes-reto-del-feminismo.html<\/p>\n<div class=\"a_md _g _g-xs \">\n<figure class=\"a_md_i a_m-h c_m--nf\"><\/figure>\n<div class=\"a_md_txt\">\n<div class=\"a_md_a\" data-dtm-region=\"articulo_firma\">\u00a0<\/div>\n<\/div>\n<\/div>\n","protected":false},"excerpt":{"rendered":"<p>Es necesaria una nueva pedagog\u00eda para frenar el preocupante distanciamiento de la juventud de la&#8230;<\/p>\n","protected":false},"author":1,"featured_media":82337,"comment_status":"closed","ping_status":"closed","sticky":false,"template":"","format":"standard","meta":{"_coblocks_attr":"","_coblocks_dimensions":"","_coblocks_responsive_height":"","_coblocks_accordion_ie_support":"","jetpack_post_was_ever_published":false,"_jetpack_newsletter_access":"","_jetpack_dont_email_post_to_subs":false,"_jetpack_newsletter_tier_id":0,"_jetpack_memberships_contains_paywalled_content":false,"_jetpack_memberships_contains_paid_content":false,"footnotes":"","jetpack_publicize_message":"","jetpack_publicize_feature_enabled":true,"jetpack_social_post_already_shared":true,"jetpack_social_options":{"image_generator_settings":{"template":"highway","default_image_id":0,"enabled":false},"version":2}},"categories":[1161,10811,44],"tags":[],"class_list":["post-82336","post","type-post","status-publish","format-standard","has-post-thumbnail","hentry","category-ciudadania","category-jovenes","category-noticias-de-hoy"],"jetpack_publicize_connections":[],"jetpack_featured_media_url":"https:\/\/miradordeatarfe.es\/wp-content\/uploads\/2026\/02\/6CD3V2GUHJGILFODZPT7V53MDI.avif","jetpack_likes_enabled":true,"jetpack_sharing_enabled":true,"_links":{"self":[{"href":"https:\/\/miradordeatarfe.es\/index.php?rest_route=\/wp\/v2\/posts\/82336","targetHints":{"allow":["GET"]}}],"collection":[{"href":"https:\/\/miradordeatarfe.es\/index.php?rest_route=\/wp\/v2\/posts"}],"about":[{"href":"https:\/\/miradordeatarfe.es\/index.php?rest_route=\/wp\/v2\/types\/post"}],"author":[{"embeddable":true,"href":"https:\/\/miradordeatarfe.es\/index.php?rest_route=\/wp\/v2\/users\/1"}],"replies":[{"embeddable":true,"href":"https:\/\/miradordeatarfe.es\/index.php?rest_route=%2Fwp%2Fv2%2Fcomments&post=82336"}],"version-history":[{"count":1,"href":"https:\/\/miradordeatarfe.es\/index.php?rest_route=\/wp\/v2\/posts\/82336\/revisions"}],"predecessor-version":[{"id":82338,"href":"https:\/\/miradordeatarfe.es\/index.php?rest_route=\/wp\/v2\/posts\/82336\/revisions\/82338"}],"wp:featuredmedia":[{"embeddable":true,"href":"https:\/\/miradordeatarfe.es\/index.php?rest_route=\/wp\/v2\/media\/82337"}],"wp:attachment":[{"href":"https:\/\/miradordeatarfe.es\/index.php?rest_route=%2Fwp%2Fv2%2Fmedia&parent=82336"}],"wp:term":[{"taxonomy":"category","embeddable":true,"href":"https:\/\/miradordeatarfe.es\/index.php?rest_route=%2Fwp%2Fv2%2Fcategories&post=82336"},{"taxonomy":"post_tag","embeddable":true,"href":"https:\/\/miradordeatarfe.es\/index.php?rest_route=%2Fwp%2Fv2%2Ftags&post=82336"}],"curies":[{"name":"wp","href":"https:\/\/api.w.org\/{rel}","templated":true}]}}