{"id":8234,"date":"2016-04-19T08:15:08","date_gmt":"2016-04-19T08:15:08","guid":{"rendered":"http:\/\/miradordeatarfe.es\/?p=8234"},"modified":"2016-04-19T08:14:55","modified_gmt":"2016-04-19T08:14:55","slug":"ocho-de-cada-diez-ninos-pobres-no-saldran-de-la-pobreza","status":"publish","type":"post","link":"https:\/\/miradordeatarfe.es\/?p=8234","title":{"rendered":"Ocho de cada diez ni\u00f1os pobres no saldr\u00e1n de la pobreza"},"content":{"rendered":"<div class=\"row top10\">\n<div class=\"bloqEntradillaEnNoticia top10\">\n<p>Es la denuncia de C\u00e1ritas, que se\u00f1ala que Espa\u00f1a gasta poco m\u00e1s de un punto de su riqueza en proteger a la familia y la infancia, la mitad de la media europea.<\/p>\n<\/div>\n<\/div>\n<p><!--more--><\/p>\n<div class=\"textoNoticia\">\n<p>La pobreza se hereda de generaci\u00f3n en generaci\u00f3n. Lo constata un informe de C\u00e1ritas que denuncia que <strong>casi todos los ni\u00f1os de la actualidad cuya familia es pobre ser\u00e1n los adultos pobres del futuro<\/strong>, metidos en un bucle del que cuesta escapar.<\/p>\n<p>Rub\u00e9n y Ana -granadinos de Belicena- lo saben, lo temen y tratan de sobrellevarlo. Incluso con humor \u00e1cido. As\u00ed viven al l\u00edmite de lo posible con sus hijos, para cuyos caprichos infantiles no hay ni un euro. \u00a0Son precisamente los hogares monoparentales o con tres ni\u00f1os los que tienen mayor riesgo. Recortar gastos no es f\u00e1cil.<\/p>\n<p>Seg\u00fan los mismos datos, los problemas econ\u00f3micos les van a impedir progresar en los estudios, casi su \u00fanica v\u00eda de evasi\u00f3n. Cuatro de cada diez adultos que se criaron en familias pobres no llegaron a educaci\u00f3n secundaria y, si los padres no concluyeron ni la primaria, en ella se quedan atrapados ocho de cada diez ni\u00f1os.<\/p>\n<p><strong><em>Sobre la teor\u00eda, la soluci\u00f3n es simple: bastar\u00eda con un sistema reglado de prestaciones sociales para la familia y la infancia.<\/em><\/strong><\/p>\n<p>A la larga, redundar\u00eda en beneficio general porque es evidente d\u00f3nde est\u00e1 una parte del problema: Espa\u00f1a gasta poco m\u00e1s de un punto del producto interior en proteger a la familia y la infancia, la mitad de lo que emplea, como media, la Uni\u00f3n Europea.<\/p>\n<div id=\"edi-body\" class=\"mce-body mce no-sticky-adv-socios\">\n<p class=\"mce\">Tener hijos, hoy, en Espa\u00f1a, \u00abes uno de los factores m\u00e1s importantes de riesgo de pobreza\u00bb. Una pobreza que \u00abse hereda\u00bb y que se prolonga porque no se invierte en familia e infancia. Esta es una de las principales conclusiones del estudio <em class=\"mce\"> La transmisi\u00f3n intergeneracional de la pobreza<\/em>, que ha presentado este jueves la <a class=\"mce\" href=\"http:\/\/www.foessa.es\/\"> Fundaci\u00f3n Foessa<\/a>, vinculada a C\u00e1ritas.<\/p>\n<div class=\"no-adv-socios\">\u00a0\u00abTener menores a cargo es un riesgo de pobreza, y, mientras, las pol\u00edticas p\u00fablicas se est\u00e1n olvidando de las familias\u00bb, ha denunciado el secretario general de C\u00e1ritas, Sebasti\u00e1n Mora, durante la presentaci\u00f3n del informe. Mora ha criticado el actual \u00abmodelo social que no trata bien a los m\u00e1s d\u00e9biles ni logra un m\u00ednimo de justicia para los que no la tienen\u00bb.<\/div>\n<p class=\"mce\"><strong>\u00abLa pobreza se puede heredar, y de hecho se hereda\u00bb,<\/strong> subray\u00f3 Mora, que apunt\u00f3 que ocho de cada diez personas que nacieron y se criaron pobres, est\u00e1n padeciendo pobreza en la actualidad. \u00abSi no lo remediamos, ocho de cada diez ni\u00f1os pobres hoy, ser\u00e1n personas pobres en el futuro\u00bb, denunci\u00f3. \u00abPodemos y debemos revertir la situaci\u00f3n, incidi\u00f3, se\u00f1alando que \u00abla pobreza de los ni\u00f1os condiciona la pobreza en el futuro de los adultos. Pero podemos cambiarlo, y para ello necesitamos reproducir la solidaridad, no la pobreza\u00bb.<\/p>\n<h3>La precariedad tapona el acceso a la educaci\u00f3n<\/h3>\n<p class=\"mce\">En Espa\u00f1a y a la vista de los datos manejados en la investigaci\u00f3n de FOESSA, se da una estructura social que permite que la precariedad pase de padres a hijos. <em>\u00abLa crisis no ha sido igual para todos, ni tenemos las mismas oportunidades, pero tambi\u00e9n los datos nos indican que es posible construir situaciones para la igualdad\u00bb.<\/em><\/p>\n<p class=\"mce\"><span class=\"mce\"> Los datos del informe muestran que: <\/span>ocho de cada 10 personas cuyos padres no alcanzaron la primaria no han conseguido completar los estudios secundarios; cuatro de cada 10 adultos que vivieron su adolescencia con problemas econ\u00f3micos muy frecuentes, no consigui\u00f3 alcanzar la educaci\u00f3n secundaria. Esta situaci\u00f3n s\u00f3lo afecta al 8% de los que nunca tuvieron dificultades econ\u00f3micas.<\/p>\n<div class=\"inset inset-lt width394\">\n<div class=\"media-holder\">\n<div class=\"mg \"><img data-recalc-dims=\"1\" loading=\"lazy\" decoding=\"async\" src=\"https:\/\/i0.wp.com\/images.eldiario.es\/andalucia\/Fnac-Pobreza-Espana-Aitor-Lara_EDIIMA20151104_0876_19.jpg?resize=394%2C233\" alt=\"Fnac expone 'Pobreza infantil en Espa\u00f1a', del fot\u00f3grafo Aitor Lara\" width=\"394\" height=\"233\" \/><\/div>\n<\/div>\n<\/div>\n<p class=\"mce\">El 81% de las personas que tuvieron dificultades en el pasado, las volv\u00edan a tener en el momento de la investigaci\u00f3n lo que muestra, seg\u00fan el estudio, que <strong>\u00abla tendencia a heredar la situaci\u00f3n econ\u00f3mica se hace m\u00e1s intensa en los momentos de mayor inestabilidad econ\u00f3mica\u00bb<\/strong>. \u00abLa pobreza presente genera pobreza futura\u00bb, se\u00f1ala el estudio de Foessa.<\/p>\n<p class=\"mce\">Como explica Ra\u00fal Flores, coordinador de la investigaci\u00f3n, \u00abla brecha en la tasa de pobreza entre los hogares sin menores y con menores es en Espa\u00f1a tres veces superior a la UE27\u00bb La pobreza infantil relativa en Espa\u00f1a es 1,5 veces mayor que en la UE (30% frente al 21%), mientras que la pobreza severa duplica la tasa (16% frente al 8%). Y aunque la pobreza y la exclusi\u00f3n de las familias con menores son previas a la crisis econ\u00f3mica, estas se han hecho m\u00e1s extensas y m\u00e1s intensas en los \u00faltimos a\u00f1os.<\/p>\n<p class=\"mce\"><br class=\"mce\" \/> El estudio tambi\u00e9n denuncia c\u00f3mo, comparado con la media de la UE, Espa\u00f1a invierte muy poco en familia e infancia. La parte del PIB que Espa\u00f1a destina a la infancia y la familia es el 1,3%, frente al 2,2% de media de la UE27. El gasto en infancia y familia representa el 5,3% del total de gasto en protecci\u00f3n social, mientras que en la UE27 el gasto en infancia\u00a0 y familia supone el 7,5%.<\/p>\n<\/div>\n<\/div>\n","protected":false},"excerpt":{"rendered":"<p>Es la denuncia de C\u00e1ritas, que se\u00f1ala que Espa\u00f1a gasta poco m\u00e1s de un punto&#8230;<\/p>\n","protected":false},"author":1,"featured_media":8235,"comment_status":"closed","ping_status":"closed","sticky":false,"template":"","format":"standard","meta":{"_coblocks_attr":"","_coblocks_dimensions":"","_coblocks_responsive_height":"","_coblocks_accordion_ie_support":"","jetpack_post_was_ever_published":false,"_jetpack_newsletter_access":"","_jetpack_dont_email_post_to_subs":false,"_jetpack_newsletter_tier_id":0,"_jetpack_memberships_contains_paywalled_content":false,"_jetpack_memberships_contains_paid_content":false,"footnotes":"","jetpack_publicize_message":"","jetpack_publicize_feature_enabled":true,"jetpack_social_post_already_shared":false,"jetpack_social_options":{"image_generator_settings":{"template":"highway","default_image_id":0,"enabled":false},"version":2}},"categories":[1161,186,44,15],"tags":[389,49],"class_list":["post-8234","post","type-post","status-publish","format-standard","has-post-thumbnail","hentry","category-ciudadania","category-instituciones","category-noticias-de-hoy","category-ultimas-noticias","tag-infancia","tag-pobreza"],"jetpack_publicize_connections":[],"jetpack_featured_media_url":"https:\/\/i0.wp.com\/miradordeatarfe.es\/wp-content\/uploads\/2016\/04\/57066cda540a7.jpg?fit=660%2C340&ssl=1","jetpack_likes_enabled":true,"jetpack_sharing_enabled":true,"_links":{"self":[{"href":"https:\/\/miradordeatarfe.es\/index.php?rest_route=\/wp\/v2\/posts\/8234","targetHints":{"allow":["GET"]}}],"collection":[{"href":"https:\/\/miradordeatarfe.es\/index.php?rest_route=\/wp\/v2\/posts"}],"about":[{"href":"https:\/\/miradordeatarfe.es\/index.php?rest_route=\/wp\/v2\/types\/post"}],"author":[{"embeddable":true,"href":"https:\/\/miradordeatarfe.es\/index.php?rest_route=\/wp\/v2\/users\/1"}],"replies":[{"embeddable":true,"href":"https:\/\/miradordeatarfe.es\/index.php?rest_route=%2Fwp%2Fv2%2Fcomments&post=8234"}],"version-history":[{"count":1,"href":"https:\/\/miradordeatarfe.es\/index.php?rest_route=\/wp\/v2\/posts\/8234\/revisions"}],"predecessor-version":[{"id":8236,"href":"https:\/\/miradordeatarfe.es\/index.php?rest_route=\/wp\/v2\/posts\/8234\/revisions\/8236"}],"wp:featuredmedia":[{"embeddable":true,"href":"https:\/\/miradordeatarfe.es\/index.php?rest_route=\/wp\/v2\/media\/8235"}],"wp:attachment":[{"href":"https:\/\/miradordeatarfe.es\/index.php?rest_route=%2Fwp%2Fv2%2Fmedia&parent=8234"}],"wp:term":[{"taxonomy":"category","embeddable":true,"href":"https:\/\/miradordeatarfe.es\/index.php?rest_route=%2Fwp%2Fv2%2Fcategories&post=8234"},{"taxonomy":"post_tag","embeddable":true,"href":"https:\/\/miradordeatarfe.es\/index.php?rest_route=%2Fwp%2Fv2%2Ftags&post=8234"}],"curies":[{"name":"wp","href":"https:\/\/api.w.org\/{rel}","templated":true}]}}