{"id":82369,"date":"2026-03-13T11:00:23","date_gmt":"2026-03-13T10:00:23","guid":{"rendered":"https:\/\/miradordeatarfe.es\/?p=82369"},"modified":"2026-03-09T17:12:42","modified_gmt":"2026-03-09T16:12:42","slug":"atarfe-las-guerreras-k-pop","status":"publish","type":"post","link":"https:\/\/miradordeatarfe.es\/?p=82369","title":{"rendered":"ATARFE: Musical de Las Guerreras K-Pop el 28 de marzo"},"content":{"rendered":"<p><strong>Las guerreras K-Pop<\/strong>, tributo musical del fen\u00f3meno global que rompe barreras entre animaci\u00f3n y m\u00fasica con su distintiva fusi\u00f3n. Prep\u00e1rate para vivir una explosi\u00f3n de m\u00fasica, baile y color con este tributo musical lleno de energ\u00eda. Con una puesta en escena espectacular y canciones que no podr\u00e1s dejar de cantar.\u00a0<strong>Las Guerreras K-POP<\/strong>\u00a0te har\u00e1n vibrar desde el primer minuto. \u00a1Las\u00a0<strong>HUNTR\/X<\/strong>\u00a0cobran vida en el escenario!.<\/p>\n<figure class=\"wp-block-embed alignright is-type-video is-provider-youtube wp-block-embed-youtube wp-embed-aspect-9-16 wp-has-aspect-ratio\">\n<div class=\"wp-block-embed__wrapper\">\u00a0<\/div>\n<\/figure>\n<h3><strong>Las guerreras K-Pop \u2013 Tributo musical<\/strong><\/h3>\n<p>Las superestrellas del pop coreano\u00a0<strong>Rumi<\/strong>,\u00a0<strong>Mira<\/strong>\u00a0y<strong>\u00a0Zoey<\/strong>\u00a0forman parte de la banda de<strong>\u00a0K-Pop HUNTR\/X<\/strong>, pero tienen una identidad secreta: son cazadoras de demonios. Las famosas cantantes siempre intentan proteger a la humanidad, y en especial a sus fans, de una oscura amenaza sobrenatural y sus demonios usurpadores de almas.<\/p>\n<p>La \u00faltima amenaza es una joven boyband rival llamada\u00a0<strong>Saja Boys<\/strong>, formada por cinco demonios disfrazados con un motivo oculto.<\/p>\n<p>HUNTR\/X (tambi\u00e9n escrito como Huntr\/x o \ud5cc\ud2b8\ub9ad\uc2a4 en coreano) no es un grupo real de K-Pop, sino un grupo ficticio de tres miembros creado para la pel\u00edcula animada de Netflix KPop: Demon Hunters (lanzada en junio de 2025). Esta producci\u00f3n mezcla acci\u00f3n, fantas\u00eda urbana y m\u00fasica K-Pop, donde las protagonistas son idols que por el d\u00eda llenan estadios con sus conciertos y por la noche cazan demonios en secreto. El grupo ha generado un impacto enorme, con su banda sonora rompiendo r\u00e9cords (como el hit \u00abGolden\u00bb, que alcanz\u00f3 el #1 en Spotify EE.UU. y super\u00f3 a BLACKPINK como el grupo femenino de K-Pop m\u00e1s alto en charts), y las cantantes detr\u00e1s de las voces han comenzado a actuar en vivo como si fueran un grupo real, lo que ha avivado el hype entre los fans.<\/p>\n<p><strong>DIA: 28\/03\/2026<\/strong><\/p>\n<p><strong>HORA: 17H<\/strong><\/p>\n<p><strong>LUGAR: CENTRO CULTURAL MEDINA ELVIRA<\/strong><\/p>\n<p>&nbsp;<\/p>\n<p>VENTA DE ENTRADAS: https:\/\/www.giglon.com\/todos?idEvent=las-guerreras-k-pop-atarfe<\/p>\n<p>&nbsp;<\/p>\n<p><iframe loading=\"lazy\" title=\"LAS GUERRERAS K-POP \u2013 TRIBUTO MUSICAL #kpop #kpophunters  #madridesteatro #granviamadrid\" width=\"540\" height=\"960\" src=\"https:\/\/www.youtube.com\/embed\/d7tPMUjIYLs?feature=oembed\" frameborder=\"0\" allow=\"accelerometer; autoplay; clipboard-write; encrypted-media; gyroscope; picture-in-picture; web-share\" referrerpolicy=\"strict-origin-when-cross-origin\" allowfullscreen><\/iframe><\/p>\n","protected":false},"excerpt":{"rendered":"<p>Las guerreras K-Pop, tributo musical del fen\u00f3meno global que rompe barreras entre animaci\u00f3n y m\u00fasica&#8230;<\/p>\n","protected":false},"author":1,"featured_media":82370,"comment_status":"closed","ping_status":"closed","sticky":false,"template":"","format":"standard","meta":{"_coblocks_attr":"","_coblocks_dimensions":"","_coblocks_responsive_height":"","_coblocks_accordion_ie_support":"","jetpack_post_was_ever_published":false,"_jetpack_newsletter_access":"","_jetpack_dont_email_post_to_subs":false,"_jetpack_newsletter_tier_id":0,"_jetpack_memberships_contains_paywalled_content":false,"_jetpack_memberships_contains_paid_content":false,"footnotes":"","jetpack_publicize_message":"","jetpack_publicize_feature_enabled":true,"jetpack_social_post_already_shared":true,"jetpack_social_options":{"image_generator_settings":{"template":"highway","default_image_id":0,"enabled":false},"version":2}},"categories":[2,186,44],"tags":[],"class_list":["post-82369","post","type-post","status-publish","format-standard","has-post-thumbnail","hentry","category-atarfe","category-instituciones","category-noticias-de-hoy"],"jetpack_publicize_connections":[],"jetpack_featured_media_url":"https:\/\/i0.wp.com\/miradordeatarfe.es\/wp-content\/uploads\/2026\/03\/Screenshot-2026-03-02-at-11-28-54-Las-Magicas-Guerreras-K-Pop-en-concierto-Teatrando.png?fit=1110%2C439&ssl=1","jetpack_likes_enabled":true,"jetpack_sharing_enabled":true,"_links":{"self":[{"href":"https:\/\/miradordeatarfe.es\/index.php?rest_route=\/wp\/v2\/posts\/82369","targetHints":{"allow":["GET"]}}],"collection":[{"href":"https:\/\/miradordeatarfe.es\/index.php?rest_route=\/wp\/v2\/posts"}],"about":[{"href":"https:\/\/miradordeatarfe.es\/index.php?rest_route=\/wp\/v2\/types\/post"}],"author":[{"embeddable":true,"href":"https:\/\/miradordeatarfe.es\/index.php?rest_route=\/wp\/v2\/users\/1"}],"replies":[{"embeddable":true,"href":"https:\/\/miradordeatarfe.es\/index.php?rest_route=%2Fwp%2Fv2%2Fcomments&post=82369"}],"version-history":[{"count":4,"href":"https:\/\/miradordeatarfe.es\/index.php?rest_route=\/wp\/v2\/posts\/82369\/revisions"}],"predecessor-version":[{"id":82374,"href":"https:\/\/miradordeatarfe.es\/index.php?rest_route=\/wp\/v2\/posts\/82369\/revisions\/82374"}],"wp:featuredmedia":[{"embeddable":true,"href":"https:\/\/miradordeatarfe.es\/index.php?rest_route=\/wp\/v2\/media\/82370"}],"wp:attachment":[{"href":"https:\/\/miradordeatarfe.es\/index.php?rest_route=%2Fwp%2Fv2%2Fmedia&parent=82369"}],"wp:term":[{"taxonomy":"category","embeddable":true,"href":"https:\/\/miradordeatarfe.es\/index.php?rest_route=%2Fwp%2Fv2%2Fcategories&post=82369"},{"taxonomy":"post_tag","embeddable":true,"href":"https:\/\/miradordeatarfe.es\/index.php?rest_route=%2Fwp%2Fv2%2Ftags&post=82369"}],"curies":[{"name":"wp","href":"https:\/\/api.w.org\/{rel}","templated":true}]}}