{"id":82377,"date":"2026-03-15T10:30:02","date_gmt":"2026-03-15T09:30:02","guid":{"rendered":"https:\/\/miradordeatarfe.es\/?p=82377"},"modified":"2026-03-13T14:15:43","modified_gmt":"2026-03-13T13:15:43","slug":"talleres-metalicos-gutierrez-de-atarfe","status":"publish","type":"post","link":"https:\/\/miradordeatarfe.es\/?p=82377","title":{"rendered":"&#8216;Talleres Met\u00e1licos Guti\u00e9rrez&#8217; de Atarfe"},"content":{"rendered":"<h3 class=\"v-a-t\" style=\"text-align: justify;\">El peque\u00f1o taller granadino que naci\u00f3 en 1991 y hoy es una referencia en toda Andaluc\u00eda.La Junta ayuda con 239.000 euros a la modernizaci\u00f3n tecnol\u00f3gica de la empresa &#8216;Talleres Met\u00e1licos Guti\u00e9rrez&#8217; de Atarfe | La subvenci\u00f3n cuadruplicar\u00e1 su capacidad productiva y generar\u00e1 cuatro nuevos empleos gracias a la automatizaci\u00f3n de su planta<\/h3>\n<p class=\"v-p\" style=\"text-align: justify;\">Una empresa que es toda una referencia del sector en la provincia de Granada. &#8216;Talleres Met\u00e1licos Guti\u00e9rrez, S.L&#8217;, en el pol\u00edgono industrial El Rey, <span class=\"paywall pw-open\">en Atarfe, ha recibido la visita del delegado territorial de Econom\u00eda, Hacienda y Fondos Europeos, Gumersindo Carlos Fern\u00e1ndez Casas, acompa\u00f1ado por t\u00e9cnicos de la agencia Andaluc\u00eda TRADE. En el recorrido han conocido de primera mano el proyecto de digitalizaci\u00f3n y mejora competitiva que la empresa est\u00e1 ejecutando tras la aprobaci\u00f3n de una subvenci\u00f3n p\u00fablica de 239.063 euros de Andaluc\u00eda TRADE, que cubre el 52% de una inversi\u00f3n total que supera los 450.000 euros.<\/span><\/p>\n<div class=\"paywall\" data-mrf-recirculation=\"Link art\u00edculos\">\n<p class=\"v-p\" style=\"text-align: justify;\">El proyecto subvencionado permitir\u00e1 a la empresa cuadruplicar su producci\u00f3n y facturaci\u00f3n en la secci\u00f3n de aluminio; as\u00ed como generar cuatro nuevos puestos de trabajo, facilitando la incorporaci\u00f3n de perfiles menos especializados gracias a la simplificaci\u00f3n de los procesos mediante software avanzado y minimizar errores y mejorar la precisi\u00f3n en la fabricaci\u00f3n, optimizando el uso de recursos y tiempos.<\/p>\n<p class=\"v-p\" style=\"text-align: justify;\">La inversi\u00f3n subvencionada est\u00e1 destinada a la automatizaci\u00f3n integral del proceso de corte y mecanizado. El eje central de esta modernizaci\u00f3n es la implantaci\u00f3n de la l\u00ednea LMT 65 de FOM, una tecnolog\u00eda de vanguardia que permitir\u00e1 pasar de una producci\u00f3n artesanal de 100 ventanas semanales a una capacidad de 400 unidades.<\/p>\n<p class=\"v-p\" style=\"text-align: justify;\"><strong>Referente<\/strong><\/p>\n<p class=\"v-p\" style=\"text-align: justify;\">&#8216;Talleres Met\u00e1licos Guti\u00e9rrez&#8217; es un referente en la fabricaci\u00f3n de estructuras met\u00e1licas, cerrajer\u00eda y carpinter\u00eda de aluminio y vidrio en la provincia. Fundada originalmente en 1991 por Francisco Guti\u00e9rrez Rodr\u00edguez, la compa\u00f1\u00eda vive hoy su etapa de mayor expansi\u00f3n bajo la direcci\u00f3n de la segunda generaci\u00f3n: los hermanos Francisco Javier, Miguel \u00c1ngel y Ra\u00fal Guti\u00e9rrez Mart\u00edn.<\/p>\n<p class=\"v-p\" style=\"text-align: justify;\">Con una plantilla de 10 trabajadores y una facturaci\u00f3n que en 2023 alcanz\u00f3 los 2,26 millones de euros, esta peque\u00f1a empresa ha sabido evolucionar desde sus or\u00edgenes hasta acometer proyectos de gran envergadura en toda Andaluc\u00eda y el territorio nacional. Su cat\u00e1logo abarca desde cerramientos de PVC y aluminio hasta estructuras met\u00e1licas complejas, automatismos y rehabilitaci\u00f3n de edificios.<\/p>\n<p class=\"v-p\" style=\"text-align: justify;\">El delegado territorial ha elogiado la trayectoria de esta empresa granadina y ha reiterado \u00abel compromiso de la Junta de Andaluc\u00eda con el tejido empresarial de nuestra provincia\u00bb.<\/p>\n<p><strong>C.L.<\/strong><\/p>\n<\/div>\n<p>FOTO: <span class=\"v-fc__t\">Visita del delegado territorial de Econom\u00eda, Hacienda y Fondos Europeos, Gumersindo Carlos Fern\u00e1ndez a &#8216;Talleres Met\u00e1licos Guti\u00e9rrez, S.L&#8217;,<\/span> <span class=\"v-fc__p\">Ideal<\/span><\/p>\n<p>https:\/\/www.ideal.es\/granada\/pequeno-taller-granadino-nacio-1991-hoy-referencia-20260217121543-nt.html<\/p>\n","protected":false},"excerpt":{"rendered":"<p>El peque\u00f1o taller granadino que naci\u00f3 en 1991 y hoy es una referencia en toda&#8230;<\/p>\n","protected":false},"author":1,"featured_media":82378,"comment_status":"closed","ping_status":"closed","sticky":false,"template":"","format":"standard","meta":{"_coblocks_attr":"","_coblocks_dimensions":"","_coblocks_responsive_height":"","_coblocks_accordion_ie_support":"","jetpack_post_was_ever_published":false,"_jetpack_newsletter_access":"","_jetpack_dont_email_post_to_subs":false,"_jetpack_newsletter_tier_id":0,"_jetpack_memberships_contains_paywalled_content":false,"_jetpack_memberships_contains_paid_content":false,"footnotes":"","jetpack_publicize_message":"","jetpack_publicize_feature_enabled":true,"jetpack_social_post_already_shared":true,"jetpack_social_options":{"image_generator_settings":{"template":"highway","default_image_id":0,"enabled":false},"version":2}},"categories":[2,1161,186,44],"tags":[],"class_list":["post-82377","post","type-post","status-publish","format-standard","has-post-thumbnail","hentry","category-atarfe","category-ciudadania","category-instituciones","category-noticias-de-hoy"],"jetpack_publicize_connections":[],"jetpack_featured_media_url":"https:\/\/i0.wp.com\/miradordeatarfe.es\/wp-content\/uploads\/2026\/03\/talleres-granada-kBvE-U207546290340tB-1200x840%40Ideal.webp?fit=1200%2C837&ssl=1","jetpack_likes_enabled":true,"jetpack_sharing_enabled":true,"_links":{"self":[{"href":"https:\/\/miradordeatarfe.es\/index.php?rest_route=\/wp\/v2\/posts\/82377","targetHints":{"allow":["GET"]}}],"collection":[{"href":"https:\/\/miradordeatarfe.es\/index.php?rest_route=\/wp\/v2\/posts"}],"about":[{"href":"https:\/\/miradordeatarfe.es\/index.php?rest_route=\/wp\/v2\/types\/post"}],"author":[{"embeddable":true,"href":"https:\/\/miradordeatarfe.es\/index.php?rest_route=\/wp\/v2\/users\/1"}],"replies":[{"embeddable":true,"href":"https:\/\/miradordeatarfe.es\/index.php?rest_route=%2Fwp%2Fv2%2Fcomments&post=82377"}],"version-history":[{"count":4,"href":"https:\/\/miradordeatarfe.es\/index.php?rest_route=\/wp\/v2\/posts\/82377\/revisions"}],"predecessor-version":[{"id":82382,"href":"https:\/\/miradordeatarfe.es\/index.php?rest_route=\/wp\/v2\/posts\/82377\/revisions\/82382"}],"wp:featuredmedia":[{"embeddable":true,"href":"https:\/\/miradordeatarfe.es\/index.php?rest_route=\/wp\/v2\/media\/82378"}],"wp:attachment":[{"href":"https:\/\/miradordeatarfe.es\/index.php?rest_route=%2Fwp%2Fv2%2Fmedia&parent=82377"}],"wp:term":[{"taxonomy":"category","embeddable":true,"href":"https:\/\/miradordeatarfe.es\/index.php?rest_route=%2Fwp%2Fv2%2Fcategories&post=82377"},{"taxonomy":"post_tag","embeddable":true,"href":"https:\/\/miradordeatarfe.es\/index.php?rest_route=%2Fwp%2Fv2%2Ftags&post=82377"}],"curies":[{"name":"wp","href":"https:\/\/api.w.org\/{rel}","templated":true}]}}