{"id":82430,"date":"2026-03-08T09:19:02","date_gmt":"2026-03-08T08:19:02","guid":{"rendered":"https:\/\/miradordeatarfe.es\/?p=82430"},"modified":"2026-03-05T21:14:31","modified_gmt":"2026-03-05T20:14:31","slug":"la-hora-de-las-trabajadoras-migrantes","status":"publish","type":"post","link":"https:\/\/miradordeatarfe.es\/?p=82430","title":{"rendered":"La hora de las trabajadoras migrantes"},"content":{"rendered":"<h3 style=\"text-align: justify;\">No nos vale un feminismo que solo rompa techos de cristal, queremos que tambi\u00e9n despegue de suelos pegajosos a la mayor\u00eda de las mujeres<\/h3>\n<p class=\"\" style=\"text-align: justify;\">En la semana del <a title=\"https:\/\/elpais.com\/planeta-futuro\/2025-03-10\/30-anos-de-avances-y-retos-en-los-derechos-de-las-ninas-y-las-jovenes.html\" href=\"https:\/\/elpais.com\/planeta-futuro\/2025-03-10\/30-anos-de-avances-y-retos-en-los-derechos-de-las-ninas-y-las-jovenes.html\" target=\"_self\" rel=\"\" data-link-track-dtm=\"\" data-mrf-link=\"https:\/\/elpais.com\/planeta-futuro\/2025-03-10\/30-anos-de-avances-y-retos-en-los-derechos-de-las-ninas-y-las-jovenes.html\">8 de marzo<\/a>, el mundo pone el foco en las mujeres y en las discriminaciones que les afectan. Es de justicia priorizar a las trabajadoras <a title=\"https:\/\/elpais.com\/economia\/2023-05-15\/son-el-6-de-la-poblacion-pero-ocupan-el-44-de-los-nuevos-empleos-las-extranjeras-catapultan-el-mercado-laboral.html\" href=\"https:\/\/elpais.com\/economia\/2023-05-15\/son-el-6-de-la-poblacion-pero-ocupan-el-44-de-los-nuevos-empleos-las-extranjeras-catapultan-el-mercado-laboral.html\" target=\"_self\" rel=\"\" data-link-track-dtm=\"\" data-mrf-link=\"https:\/\/elpais.com\/economia\/2023-05-15\/son-el-6-de-la-poblacion-pero-ocupan-el-44-de-los-nuevos-empleos-las-extranjeras-catapultan-el-mercado-laboral.html\">de origen extranjero<\/a>. Porque a ellas, en especial a las que est\u00e1n en situaci\u00f3n <a title=\"https:\/\/elpais.com\/economia\/2025-11-02\/menos-empleadas-de-hogar-en-un-mercado-laboral-en-expansion-es-un-trabajo-durisimo.html\" href=\"https:\/\/elpais.com\/economia\/2025-11-02\/menos-empleadas-de-hogar-en-un-mercado-laboral-en-expansion-es-un-trabajo-durisimo.html\" target=\"_self\" rel=\"\" data-link-track-dtm=\"\" data-mrf-link=\"https:\/\/elpais.com\/economia\/2025-11-02\/menos-empleadas-de-hogar-en-un-mercado-laboral-en-expansion-es-un-trabajo-durisimo.html\">administrativa irregular<\/a>, no les han llegado en igual medida los muchos avances recientes conseguidos mediante el Di\u00e1logo Social. Lo que s\u00ed les ha llegado es la ola racista reaccionaria.<\/p>\n<p class=\"\" style=\"text-align: justify;\">Aumenta el riesgo de explotaci\u00f3n, abuso y violencia, laboral y social. Est\u00e1 pasando. Afrontamos una oleada racista que ha puesto en el foco de sus discursos de odio a las personas migrantes. En realidad, a personas migrantes racializadas.<\/p>\n<p class=\"\" style=\"text-align: justify;\">Si en EE UU <a title=\"https:\/\/elpais.com\/podcasts\/hoy-en-el-pais\/2026-01-26\/que-es-el-ice-y-hasta-donde-puede-llegar.html\" href=\"https:\/\/elpais.com\/podcasts\/hoy-en-el-pais\/2026-01-26\/que-es-el-ice-y-hasta-donde-puede-llegar.html\" target=\"_self\" rel=\"\" data-link-track-dtm=\"\" data-mrf-link=\"https:\/\/elpais.com\/podcasts\/hoy-en-el-pais\/2026-01-26\/que-es-el-ice-y-hasta-donde-puede-llegar.html\">las pol\u00edticas antiinmigraci\u00f3n de Trump<\/a> nos han escalofriado con deportaciones sin garant\u00edas jur\u00eddicas y utilizando una fuerza paramilitar, aqu\u00ed, a nuestro alrededor, el discurso xen\u00f3fobo se reaviva con mensajes trucados (<i>fakes<\/i>) expandidos por redes sociales al servicio de pol\u00edticos y voceros ultras. Usan consignas como la \u201cremigraci\u00f3n\u201d, un tipo de limpieza \u00e9tnica para expulsar selectivamente a migrantes por el origen o religi\u00f3n.<\/p>\n<p class=\"\" style=\"text-align: justify;\">Vaya por delante que no van a lograr que renunciemos a nuestra defensa de sus derechos humanos, una prioridad sindical. Lo que buscan es despojarlas de derechos, estigmatizarlas, y sobre todo, sobreprecarizarlas. Mujeres forzadas a trabajar en los sectores m\u00e1s precarizados pese a su formaci\u00f3n.<\/p>\n<p class=\"\" style=\"text-align: justify;\">Las mujeres migrantes, que suponen el 52% de nuestra poblaci\u00f3n migrante, no pueden ser ciudadanas de segunda. No nos vale un feminismo que solo rompa techos de cristal, queremos que tambi\u00e9n despegue de suelos pegajosos a la mayor\u00eda de las mujeres. Y en Espa\u00f1a las mujeres migrantes est\u00e1n expuestas a una triple discriminaci\u00f3n: por ser mujeres, por ser trabajadoras, por ser migrantes.<\/p>\n<p class=\"\" style=\"text-align: justify;\">Enfrentan mayores obst\u00e1culos laborales y sociales: una segregaci\u00f3n laboral y ocupacional a\u00fan m\u00e1s intensa que las aut\u00f3ctonas. El 20,4% de ellas trabaja en la hosteler\u00eda, el 18,7% en empleo del hogar, el 13,85% en comercio, el 8,6% en el sector sociosanitario, el 3% en agricultura. Como el resto de trabajadoras, les afectan la brecha salarial y salarios medios m\u00e1s bajos. Por su mayor contrataci\u00f3n a tiempo parcial (que supera en cinco puntos porcentuales a la poblaci\u00f3n aut\u00f3ctona), por su alta presencia en sectores de baja cualificaci\u00f3n.<\/p>\n<p class=\"\" style=\"text-align: justify;\">Adem\u00e1s, enfrentan mayores obst\u00e1culos para acceder a servicios de conciliaci\u00f3n. Es decir, se produce la gran injusticia de que las trabajadoras migrantes resuelven, a las familias que pueden permit\u00edrselo, los d\u00e9ficits del sistema de cuidados atendiendo a menores y mayores dependientes, mientras ellas lo tienen casi imposible.<\/p>\n<p class=\"\" style=\"text-align: justify;\">Y presentan m\u00e1s factores de desigualdad: m\u00e1s pobreza laboral, m\u00e1s vulnerabilidad econ\u00f3mica, m\u00e1s dificultades para acceder a la sanidad, como el acceso al aborto, m\u00e1s vulnerabilidad ante situaciones de violencias machistas, acoso sexual y acoso por raz\u00f3n de sexo en el entorno laboral.<\/p>\n<p class=\"\" style=\"text-align: justify;\">Parte de estas vulnerabilidades deben mejorar con el proceso de regularizaci\u00f3n extraordinaria anunciado por el Gobierno y que desde el sindicato vemos como una medida necesaria y justa. CC OO tiene abiertas las puertas de sus 400 sedes en toda Espa\u00f1a y abrir\u00e1 una l\u00ednea telef\u00f3nica exclusiva y gratuita para informarles, asesorarles y acompa\u00f1arles en sus necesidades administrativas, laborales y sociales.<\/p>\n<p class=\"\" style=\"text-align: justify;\">Las reclamaciones m\u00e1s acuciantes de las trabajadoras migrantes son la asistencia en la regularizaci\u00f3n administrativa, la equiparaci\u00f3n en derechos laborales, mayor protecci\u00f3n frente al acoso sexual y la sobreprecarizaci\u00f3n laboral. Esa es nuestra hoja de ruta, la del sindicalismo de clase feminista.<\/p>\n","protected":false},"excerpt":{"rendered":"<p>No nos vale un feminismo que solo rompa techos de cristal, queremos que tambi\u00e9n despegue&#8230;<\/p>\n","protected":false},"author":1,"featured_media":82431,"comment_status":"closed","ping_status":"closed","sticky":false,"template":"","format":"standard","meta":{"_coblocks_attr":"","_coblocks_dimensions":"","_coblocks_responsive_height":"","_coblocks_accordion_ie_support":"","jetpack_post_was_ever_published":false,"_jetpack_newsletter_access":"","_jetpack_dont_email_post_to_subs":false,"_jetpack_newsletter_tier_id":0,"_jetpack_memberships_contains_paywalled_content":false,"_jetpack_memberships_contains_paid_content":false,"footnotes":"","jetpack_publicize_message":"","jetpack_publicize_feature_enabled":true,"jetpack_social_post_already_shared":true,"jetpack_social_options":{"image_generator_settings":{"template":"highway","default_image_id":0,"enabled":false},"version":2}},"categories":[1161,14,44,6937],"tags":[],"class_list":["post-82430","post","type-post","status-publish","format-standard","has-post-thumbnail","hentry","category-ciudadania","category-feminismo","category-noticias-de-hoy","category-sociedad"],"jetpack_publicize_connections":[],"jetpack_featured_media_url":"https:\/\/miradordeatarfe.es\/wp-content\/uploads\/2026\/03\/TNZW6P6UXFB5TKHCKKHMYROKJA.avif","jetpack_likes_enabled":true,"jetpack_sharing_enabled":true,"_links":{"self":[{"href":"https:\/\/miradordeatarfe.es\/index.php?rest_route=\/wp\/v2\/posts\/82430","targetHints":{"allow":["GET"]}}],"collection":[{"href":"https:\/\/miradordeatarfe.es\/index.php?rest_route=\/wp\/v2\/posts"}],"about":[{"href":"https:\/\/miradordeatarfe.es\/index.php?rest_route=\/wp\/v2\/types\/post"}],"author":[{"embeddable":true,"href":"https:\/\/miradordeatarfe.es\/index.php?rest_route=\/wp\/v2\/users\/1"}],"replies":[{"embeddable":true,"href":"https:\/\/miradordeatarfe.es\/index.php?rest_route=%2Fwp%2Fv2%2Fcomments&post=82430"}],"version-history":[{"count":1,"href":"https:\/\/miradordeatarfe.es\/index.php?rest_route=\/wp\/v2\/posts\/82430\/revisions"}],"predecessor-version":[{"id":82432,"href":"https:\/\/miradordeatarfe.es\/index.php?rest_route=\/wp\/v2\/posts\/82430\/revisions\/82432"}],"wp:featuredmedia":[{"embeddable":true,"href":"https:\/\/miradordeatarfe.es\/index.php?rest_route=\/wp\/v2\/media\/82431"}],"wp:attachment":[{"href":"https:\/\/miradordeatarfe.es\/index.php?rest_route=%2Fwp%2Fv2%2Fmedia&parent=82430"}],"wp:term":[{"taxonomy":"category","embeddable":true,"href":"https:\/\/miradordeatarfe.es\/index.php?rest_route=%2Fwp%2Fv2%2Fcategories&post=82430"},{"taxonomy":"post_tag","embeddable":true,"href":"https:\/\/miradordeatarfe.es\/index.php?rest_route=%2Fwp%2Fv2%2Ftags&post=82430"}],"curies":[{"name":"wp","href":"https:\/\/api.w.org\/{rel}","templated":true}]}}