{"id":82450,"date":"2026-03-07T11:32:23","date_gmt":"2026-03-07T10:32:23","guid":{"rendered":"https:\/\/miradordeatarfe.es\/?p=82450"},"modified":"2026-03-07T11:30:54","modified_gmt":"2026-03-07T10:30:54","slug":"el-movimiento-feminista-de-granada-llama-a-la-participacion-el-8m-no-pensamos-retroceder","status":"publish","type":"post","link":"https:\/\/miradordeatarfe.es\/?p=82450","title":{"rendered":"El movimiento feminista de Granada llama a la participaci\u00f3n el 8M: \u00abNo pensamos retroceder\u00bb"},"content":{"rendered":"<h3 style=\"text-align: justify;\">Derechos y justicia para todas: alianzas y acciones feministas contra el patriarcado imperialista\u00bb es el lema de la manifestaci\u00f3n que se celebra el domingo, a partir de las 12.00 horas, desde el Triunfo al Sal\u00f3n.<\/h3>\n<p><div class=\"jetpack-video-wrapper\"><iframe loading=\"lazy\" title=\"El movimiento feminista de Granada llama a la participaci\u00f3n el 8M\" width=\"640\" height=\"360\" src=\"https:\/\/www.youtube.com\/embed\/8S5QofgLPgU?feature=oembed\" frameborder=\"0\" allow=\"accelerometer; autoplay; clipboard-write; encrypted-media; gyroscope; picture-in-picture; web-share\" referrerpolicy=\"strict-origin-when-cross-origin\" allowfullscreen><\/iframe><\/div>\n<\/p>\n<p style=\"text-align: justify;\">Las reivindicaciones siguen intactas. \u00abVamos a seguir luchando y no pensamos retroceder\u00bb, ha advertido Paqui Fuillerat, portavoz de la Plataforma 8M\/25N, que organiza, junto al Espacio Feminista Unitario de Gran\u00e1, la manifestaci\u00f3n del 8M en Granada. Un a\u00f1o m\u00e1s, a pesar de las diferencias y de que cada espacio y plataforma lleva su propio manifiesto, la marcha ser\u00e1 conjunta, en una demostraci\u00f3n de fuerza del movimiento feminista granadino.<\/p>\n<p style=\"text-align: justify;\">Juntas para proteger unos derechos que, a pesar de haber sido consolidados, est\u00e1n en peligro, como ha alertado Paqui Fuillerat. Juntas, tejiendo alianzas, m\u00e1s necesarias que nunca en un contexto en el que acechan los retrocesos y la incertidumbre provocada por las guerras.\u00a0<\/p>\n<p style=\"text-align: justify;\">Ante esta situaci\u00f3n, la plataforma llama a la acci\u00f3n y a ocupar las calles el 8M, una fecha que no es una celebraci\u00f3n es una conmemoraci\u00f3n de un d\u00eda en el que organizamos una manifestaci\u00f3n y le damos oportunidad a grupos feministas y grupos que se identifiquen con nuestras reivindicaciones a marchar con nosotras, ha explicado.\u00a0<\/p>\n<p style=\"text-align: justify;\">Un a\u00f1o m\u00e1s las reivindicaciones se mantienen. Porque, como ha afirmado la portavoz de la Plataforma 8M\/25N, \u00absi fu\u00e9ramos l\u00f3gicas, leer\u00edamos el manifiesto del a\u00f1o pasado. Por desgracia, las discriminaciones siguen intactas y agravadas\u00bb con la irrupci\u00f3n de otras formas de violencia, amparadas por las nuevas tecnolog\u00edas y la inteligencia artificial.\u00a0<\/p>\n<p style=\"text-align: justify;\">Fuillerat, que ha recordado la lucha de las mujeres de la Asociaci\u00f3n AMAMA, m\u00e1s fuerte que nunca tras el esc\u00e1ndalo de los cribados del c\u00e1ncer de mama, se ha referido a la brecha salarial se mantiene, lo que afecta tambi\u00e9n a las cuant\u00edas de las pensiones que perciben las mujeres, y que la corresponsabilidad sigue siendo \u00abuna asignatura pendiente\u00bb.\u00a0<\/p>\n<p style=\"text-align: justify;\">En ese sentido, ha reivindicado \u00abtiempo el libertad\u00bb para las mujeres que, adem\u00e1s de sus trabajos, son las que cargan la responsabilidad de los cuidados.\u00a0<\/p>\n<p class=\"sumari\" style=\"text-align: justify;\">\u00abVamos a seguir luchando y no pensamos retroceder y sobre todo avisamos a grupos patriarcales, reaccionarios y antifeministas: no pensamos bajar la guardia\u00bb<\/p>\n<p style=\"text-align: justify;\">\u00abVamos a seguir luchando y no pensamos retroceder y sobre todo avisamos a grupos patriarcales, reaccionarios y antifeministas: no pensamos bajar la guardia. Esto es un camino que dura siglos, nuestras antepasadas dejaron parte de su vida para conseguir el grado de igualdad que tenemos, todav\u00eda deficiente\u00bb, ha a\u00f1adido\u00a0 Paqui Fuillerat para insistir en que los derechos consolidados est\u00e1n en \u00abpeligro, como se puede ver en gobiernos auton\u00f3micos donde la ultraderecha lleva la batuta.\u00a0<\/p>\n<p style=\"text-align: justify;\">\u00abQuieren que las mujeres volvamos a nuestras casas\u00bb, ha alertado para advertir de que, frente a esos retrocesos, el movimiento feminista saldr\u00e1 a la calle el pr\u00f3ximo 8M.<\/p>\n<div class=\"divdest\" style=\"text-align: justify;\">\n<div class=\"media media-element-container media-default\">\n<div id=\"file-124846\" class=\"file file-image file-image-jpeg\">\n<div class=\"content\"><img data-recalc-dims=\"1\" loading=\"lazy\" decoding=\"async\" class=\"media-element file-default\" src=\"https:\/\/i0.wp.com\/www.elindependientedegranada.es\/sites\/default\/files\/cartel_42.jpg?resize=540%2C750&#038;ssl=1\" alt=\"\" width=\"540\" height=\"750\" data-delta=\"1\" \/><\/div>\n<\/div>\n<\/div>\n<p>El lema de este a\u00f1o, consensuando entre la Plataforma 8M\/25N y el Espacio Feminista Unitario de Gran\u00e1, es \u00abDerechos y justicia para todas: alianzas feministas contra el patriarcado feminista\u00bb.\u00a0<\/p>\n<p>La manifestaci\u00f3n partir\u00e1 el domingo, 8 de marzo, a las 12.00 horas de los jardines del Triunfo y marchar\u00e1, por Gran V\u00eda, hacia Puerta Real. En el quiosco de la m\u00fasica del Sal\u00f3n, como es habitual, se leer\u00e1n los manifiestos y habr\u00e1 otras acciones reivindicativas.\u00a0<\/p>\n<\/div>\n<p style=\"text-align: justify;\">Por su parte,<strong> Laia Sosa, portavoz del Espacio Feminista Unitario de Gran\u00e1,<\/strong> ha incidido en ese lema de la movilizaci\u00f3n. \u00abSaldremos a las calles haciendo especial hincapi\u00e9 en la relaci\u00f3n entre patriarcado e imperialismo, temas que siguen condicionando nuestras vidas y que adem\u00e1s, en los \u00faltimos tiempos se ha visto reforzado por el auge de las fuerzas reaccionarias\u00bb, ha manifestado.\u00a0<\/p>\n<p style=\"text-align: justify;\">\u00abLas violencias machistas siguen y son un crimen pol\u00edtico relacionado con la violencia estructural\u00bb, ha enfatizado para referirse a que, en el terreno laboral, \u00absigue existiendo brecha laboral, sigue habiendo desigual reparto de oportunidades, sigue habiendo desigual reparto de cuidados, reconocidos o no reconocidos, remunerados o no reumunerados\u00bb.\u00a0<\/p>\n<p style=\"text-align: justify;\">Tras alertar de las dificultades de las personas trans para acceder al mercado laboral, ha resaltado que lo sectores \u00abm\u00e1s precarizados\u00bb son, a su vez, \u00ablos m\u00e1s feminizados\u00bb y los que cuentan con m\u00e1s personas migrantes y racializadas. Al respecto, ha urgido la regularizaci\u00f3n anunciada por el Gobierno.<\/p>\n<p style=\"text-align: justify;\">Tambi\u00e9n ha subrayado que el feminismo \u00abno puede desvincularse de los problemas globales\u00bb. El genocidio en Gaza, las mujeres de Sud\u00e1n y tantas y tantas otras que sufren guerras. \u00abNuestra lucha no tiene fronteras\u00bb, ha manifestado para incidir en la importancia de \u00abtejer alianzas feministas, antirracistas y de clase\u00bb<\/p>\n","protected":false},"excerpt":{"rendered":"<p>Derechos y justicia para todas: alianzas y acciones feministas contra el patriarcado imperialista\u00bb es el&#8230;<\/p>\n","protected":false},"author":1,"featured_media":82451,"comment_status":"closed","ping_status":"closed","sticky":false,"template":"","format":"standard","meta":{"_coblocks_attr":"","_coblocks_dimensions":"","_coblocks_responsive_height":"","_coblocks_accordion_ie_support":"","jetpack_post_was_ever_published":false,"_jetpack_newsletter_access":"","_jetpack_dont_email_post_to_subs":false,"_jetpack_newsletter_tier_id":0,"_jetpack_memberships_contains_paywalled_content":false,"_jetpack_memberships_contains_paid_content":false,"footnotes":"","jetpack_publicize_message":"","jetpack_publicize_feature_enabled":true,"jetpack_social_post_already_shared":true,"jetpack_social_options":{"image_generator_settings":{"template":"highway","default_image_id":0,"enabled":false},"version":2}},"categories":[1161,14,10781,44,10808],"tags":[],"class_list":["post-82450","post","type-post","status-publish","format-standard","has-post-thumbnail","hentry","category-ciudadania","category-feminismo","category-granada","category-noticias-de-hoy","category-plataforma-8m25n"],"jetpack_publicize_connections":[],"jetpack_featured_media_url":"https:\/\/i0.wp.com\/miradordeatarfe.es\/wp-content\/uploads\/2026\/03\/alianzas_0.jpg?fit=750%2C353&ssl=1","jetpack_likes_enabled":true,"jetpack_sharing_enabled":true,"_links":{"self":[{"href":"https:\/\/miradordeatarfe.es\/index.php?rest_route=\/wp\/v2\/posts\/82450","targetHints":{"allow":["GET"]}}],"collection":[{"href":"https:\/\/miradordeatarfe.es\/index.php?rest_route=\/wp\/v2\/posts"}],"about":[{"href":"https:\/\/miradordeatarfe.es\/index.php?rest_route=\/wp\/v2\/types\/post"}],"author":[{"embeddable":true,"href":"https:\/\/miradordeatarfe.es\/index.php?rest_route=\/wp\/v2\/users\/1"}],"replies":[{"embeddable":true,"href":"https:\/\/miradordeatarfe.es\/index.php?rest_route=%2Fwp%2Fv2%2Fcomments&post=82450"}],"version-history":[{"count":2,"href":"https:\/\/miradordeatarfe.es\/index.php?rest_route=\/wp\/v2\/posts\/82450\/revisions"}],"predecessor-version":[{"id":82453,"href":"https:\/\/miradordeatarfe.es\/index.php?rest_route=\/wp\/v2\/posts\/82450\/revisions\/82453"}],"wp:featuredmedia":[{"embeddable":true,"href":"https:\/\/miradordeatarfe.es\/index.php?rest_route=\/wp\/v2\/media\/82451"}],"wp:attachment":[{"href":"https:\/\/miradordeatarfe.es\/index.php?rest_route=%2Fwp%2Fv2%2Fmedia&parent=82450"}],"wp:term":[{"taxonomy":"category","embeddable":true,"href":"https:\/\/miradordeatarfe.es\/index.php?rest_route=%2Fwp%2Fv2%2Fcategories&post=82450"},{"taxonomy":"post_tag","embeddable":true,"href":"https:\/\/miradordeatarfe.es\/index.php?rest_route=%2Fwp%2Fv2%2Ftags&post=82450"}],"curies":[{"name":"wp","href":"https:\/\/api.w.org\/{rel}","templated":true}]}}