{"id":82461,"date":"2026-03-08T08:27:17","date_gmt":"2026-03-08T07:27:17","guid":{"rendered":"https:\/\/miradordeatarfe.es\/?p=82461"},"modified":"2026-03-05T21:31:23","modified_gmt":"2026-03-05T20:31:23","slug":"motivos-de-sobra-para-el-8m","status":"publish","type":"post","link":"https:\/\/miradordeatarfe.es\/?p=82461","title":{"rendered":"Motivos de sobra para el 8M"},"content":{"rendered":"<div id=\"main-content\" class=\"desktop:flex desktop:justify-between\">\n<div class=\"desktop:max-w-[670px] desktop:w-full desktop:min-h-[1400px]\">\n<div class=\"block--text desktop:flex desktop:mb-7\">\n<div id=\"body-modules\" class=\"body-modules w-full opinion first-letter:text-x5l first-letter:leading-none first-letter:mr-3 first-letter:float-left desktop:first-letter:text-x5l4\" data-original-first-letter-text-size=\"text-x5l:text-x5l4\">\n<h3 class=\"paragraph text-xl pb-7 w-full text-pretty [&amp;_a]:text-link-normal dark:[&amp;_a]:text-link-dark [&amp;_a]:decoration-1 [&amp;_a:hover]:underline [&amp;_a:hover]:text-link-hover [&amp;_a:hover]:decoration-2 [&amp;_b_a]:text-link-normal dark:[&amp;_b_a]:text-link-dark [&amp;_b_a]:decoration-1 [&amp;_b_a:hover]:underline [&amp;_b_a:hover]:text-link-hover desktop:leading-relaxed break-words font-serif\" style=\"text-align: justify;\" data-original-text-size=\"text-xl\">Hoy es el 8M. \u00bfQue no hay motivos para esta fecha? Basta solo con repasar febrero en titulares:<\/h3>\n<p class=\"paragraph text-xl pb-7 w-full text-pretty [&amp;_a]:text-link-normal dark:[&amp;_a]:text-link-dark [&amp;_a]:decoration-1 [&amp;_a:hover]:underline [&amp;_a:hover]:text-link-hover [&amp;_a:hover]:decoration-2 [&amp;_b_a]:text-link-normal dark:[&amp;_b_a]:text-link-dark [&amp;_b_a]:decoration-1 [&amp;_b_a:hover]:underline [&amp;_b_a:hover]:text-link-hover desktop:leading-relaxed break-words font-serif\" style=\"text-align: justify;\" data-original-text-size=\"text-xl\">Denuncia al n\u00famero dos de la Polic\u00eda Nacional y la identidad de la v\u00edctima se filtra en un chat de los propios polic\u00edas.\u00a0<\/p>\n<p class=\"paragraph text-xl pb-7 w-full text-pretty [&amp;_a]:text-link-normal dark:[&amp;_a]:text-link-dark [&amp;_a]:decoration-1 [&amp;_a:hover]:underline [&amp;_a:hover]:text-link-hover [&amp;_a:hover]:decoration-2 [&amp;_b_a]:text-link-normal dark:[&amp;_b_a]:text-link-dark [&amp;_b_a]:decoration-1 [&amp;_b_a:hover]:underline [&amp;_b_a:hover]:text-link-hover desktop:leading-relaxed break-words font-serif\" style=\"text-align: justify;\" data-original-text-size=\"text-xl\">Solo un 25% de los chicos se define como feminista. Dicen que el feminismo ha acabado con la presunci\u00f3n de inocencia y temen a las denuncias falsas.\u00a0<\/p>\n<p class=\"paragraph text-xl pb-7 w-full text-pretty [&amp;_a]:text-link-normal dark:[&amp;_a]:text-link-dark [&amp;_a]:decoration-1 [&amp;_a:hover]:underline [&amp;_a:hover]:text-link-hover [&amp;_a:hover]:decoration-2 [&amp;_b_a]:text-link-normal dark:[&amp;_b_a]:text-link-dark [&amp;_b_a]:decoration-1 [&amp;_b_a:hover]:underline [&amp;_b_a:hover]:text-link-hover desktop:leading-relaxed break-words font-serif\" style=\"text-align: justify;\" data-original-text-size=\"text-xl\">Detenido un reincidente tras agredir a su pareja en Guadalajara, incluida en VioG\u00e9n en situaci\u00f3n de \u00abriesgo extremo\u00bb. \u00c9l ya est\u00e1 en la calle con orden de alejamiento.\u00a0<\/p>\n<p class=\"paragraph text-xl pb-7 w-full text-pretty [&amp;_a]:text-link-normal dark:[&amp;_a]:text-link-dark [&amp;_a]:decoration-1 [&amp;_a:hover]:underline [&amp;_a:hover]:text-link-hover [&amp;_a:hover]:decoration-2 [&amp;_b_a]:text-link-normal dark:[&amp;_b_a]:text-link-dark [&amp;_b_a]:decoration-1 [&amp;_b_a:hover]:underline [&amp;_b_a:hover]:text-link-hover desktop:leading-relaxed break-words font-serif\" style=\"text-align: justify;\" data-original-text-size=\"text-xl\">El Supremo permite a un padre condenado por violencia machista visitar a su hijo para no romper el \u00abv\u00ednculo afectivo\u00bb.\u00a0<\/p>\n<p class=\"paragraph text-xl pb-7 w-full text-pretty [&amp;_a]:text-link-normal dark:[&amp;_a]:text-link-dark [&amp;_a]:decoration-1 [&amp;_a:hover]:underline [&amp;_a:hover]:text-link-hover [&amp;_a:hover]:decoration-2 [&amp;_b_a]:text-link-normal dark:[&amp;_b_a]:text-link-dark [&amp;_b_a]:decoration-1 [&amp;_b_a:hover]:underline [&amp;_b_a:hover]:text-link-hover desktop:leading-relaxed break-words font-serif\" style=\"text-align: justify;\" data-original-text-size=\"text-xl\">La Polic\u00eda desestim\u00f3 la mitad de las 51 denuncias de agentes por acoso sexual de los tres \u00faltimos a\u00f1os. Y el sistema de protecci\u00f3n ha fallado en el 63% de los feminicidios en este inicio de a\u00f1o.\u00a0<\/p>\n<p class=\"paragraph text-xl pb-7 w-full text-pretty [&amp;_a]:text-link-normal dark:[&amp;_a]:text-link-dark [&amp;_a]:decoration-1 [&amp;_a:hover]:underline [&amp;_a:hover]:text-link-hover [&amp;_a:hover]:decoration-2 [&amp;_b_a]:text-link-normal dark:[&amp;_b_a]:text-link-dark [&amp;_b_a]:decoration-1 [&amp;_b_a:hover]:underline [&amp;_b_a:hover]:text-link-hover desktop:leading-relaxed break-words font-serif\" style=\"text-align: justify;\" data-original-text-size=\"text-xl\">Detenido un funcionario de una c\u00e1rcel de Tarragona por acoso sexual a compa\u00f1eras. Es un psic\u00f3logo que ya hab\u00eda sido suspendido de empleo y sueldo durante medio a\u00f1o por acoso sexual.\u00a0<\/p>\n<p class=\"paragraph text-xl pb-7 w-full text-pretty [&amp;_a]:text-link-normal dark:[&amp;_a]:text-link-dark [&amp;_a]:decoration-1 [&amp;_a:hover]:underline [&amp;_a:hover]:text-link-hover [&amp;_a:hover]:decoration-2 [&amp;_b_a]:text-link-normal dark:[&amp;_b_a]:text-link-dark [&amp;_b_a]:decoration-1 [&amp;_b_a:hover]:underline [&amp;_b_a:hover]:text-link-hover desktop:leading-relaxed break-words font-serif\" style=\"text-align: justify;\" data-original-text-size=\"text-xl\">Una segunda mujer denuncia a \u00cd\u00f1igo Errej\u00f3n por agresi\u00f3n sexual cometida en 2021. Pide ser testigo protegida, por el miedo a las consecuencias tras ver lo ocurrido a Elisa Moulia\u00e1 o a otras v\u00edctimas que denuncian.\u00a0<\/p>\n<p class=\"paragraph text-xl pb-7 w-full text-pretty [&amp;_a]:text-link-normal dark:[&amp;_a]:text-link-dark [&amp;_a]:decoration-1 [&amp;_a:hover]:underline [&amp;_a:hover]:text-link-hover [&amp;_a:hover]:decoration-2 [&amp;_b_a]:text-link-normal dark:[&amp;_b_a]:text-link-dark [&amp;_b_a]:decoration-1 [&amp;_b_a:hover]:underline [&amp;_b_a:hover]:text-link-hover desktop:leading-relaxed break-words font-serif\" style=\"text-align: justify;\" data-original-text-size=\"text-xl\">Arrestan a un operario de Mercedes en Vitoria por no recargar su pulsera de violencia de g\u00e9nero. Sale del juzgado en libertad como \u00ab\u00faltima oportunidad\u00bb. Supera los quince quebrantamientos en los \u00faltimos tres a\u00f1os.<\/p>\n<p class=\"paragraph text-xl pb-7 w-full text-pretty [&amp;_a]:text-link-normal dark:[&amp;_a]:text-link-dark [&amp;_a]:decoration-1 [&amp;_a:hover]:underline [&amp;_a:hover]:text-link-hover [&amp;_a:hover]:decoration-2 [&amp;_b_a]:text-link-normal dark:[&amp;_b_a]:text-link-dark [&amp;_b_a]:decoration-1 [&amp;_b_a:hover]:underline [&amp;_b_a:hover]:text-link-hover desktop:leading-relaxed break-words font-serif\" style=\"text-align: justify;\" data-original-text-size=\"text-xl\">Polic\u00eda Nacional investiga la presunta violaci\u00f3n grupal a una ni\u00f1a de trece a\u00f1os en un centro comercial de Valencia. Uno de los detenidos sostiene que lo grab\u00f3 para que la menor tuviera un recuerdo de c\u00f3mo hab\u00eda perdido la virginidad.\u00a0\u00a0<\/p>\n<p class=\"paragraph text-xl pb-7 w-full text-pretty [&amp;_a]:text-link-normal dark:[&amp;_a]:text-link-dark [&amp;_a]:decoration-1 [&amp;_a:hover]:underline [&amp;_a:hover]:text-link-hover [&amp;_a:hover]:decoration-2 [&amp;_b_a]:text-link-normal dark:[&amp;_b_a]:text-link-dark [&amp;_b_a]:decoration-1 [&amp;_b_a:hover]:underline [&amp;_b_a:hover]:text-link-hover desktop:leading-relaxed break-words font-serif\" style=\"text-align: justify;\" data-original-text-size=\"text-xl\">Varapalo al juez que archiv\u00f3 la denuncia de una doctora argumentando que las m\u00e9dicas no pueden ser v\u00edctimas de violencia machista. Se ordena reabrir la causa, cerrada sin ni siquiera tomar declaraci\u00f3n a los testigos, entre ellos el hijo de la v\u00edctima.\u00a0<\/p>\n<p class=\"paragraph text-xl pb-7 w-full text-pretty [&amp;_a]:text-link-normal dark:[&amp;_a]:text-link-dark [&amp;_a]:decoration-1 [&amp;_a:hover]:underline [&amp;_a:hover]:text-link-hover [&amp;_a:hover]:decoration-2 [&amp;_b_a]:text-link-normal dark:[&amp;_b_a]:text-link-dark [&amp;_b_a]:decoration-1 [&amp;_b_a:hover]:underline [&amp;_b_a:hover]:text-link-hover desktop:leading-relaxed break-words font-serif\" style=\"text-align: justify;\" data-original-text-size=\"text-xl\">Acaba este mes con cinco feminicidios m\u00e1s. Desde enero, una mujer es asesinada cada 5 d\u00edas: 10 mujeres han muerto a manos de sus parejas y hay dos menores asesinados desde comienzos de a\u00f1o. Varias de ellas ya hab\u00edan denunciado.<\/p>\n<p class=\"paragraph text-xl pb-7 w-full text-pretty [&amp;_a]:text-link-normal dark:[&amp;_a]:text-link-dark [&amp;_a]:decoration-1 [&amp;_a:hover]:underline [&amp;_a:hover]:text-link-hover [&amp;_a:hover]:decoration-2 [&amp;_b_a]:text-link-normal dark:[&amp;_b_a]:text-link-dark [&amp;_b_a]:decoration-1 [&amp;_b_a:hover]:underline [&amp;_b_a:hover]:text-link-hover desktop:leading-relaxed break-words font-serif\" style=\"text-align: justify;\" data-original-text-size=\"text-xl\">En todos estos casos, vuelvo a repetir lo del mes pasado: el problema no es la ley, es el sistema. Esto es solo una m\u00ednima parte de todas las noticias de violencia contra las mujeres en Espa\u00f1a este mes. Estos d\u00edas escuchar\u00e1n que no hace falta ya el 8M, que la igualdad est\u00e1 conseguida. \u00bfSeguro?\u00bfPodr\u00eda alguien hacer este mismo art\u00edculo pero al rev\u00e9s, siendo las mujeres no v\u00edctimas, sino causantes de todo este dolor y violencia? No podr\u00edan hacerlo a esta dimensi\u00f3n porque no existen tal cantidad de noticias que desvelen un patr\u00f3n estructural cada d\u00eda. Ni tampoco lo encontrar\u00e1n porque las mujeres no buscan venganza, buscan justicia. Sin embargo, desinformadores con m\u00e1s promoci\u00f3n y espacio, y machistas, han invertido mucho tiempo, dinero y esfuerzo en crear una amenaza del feminismo hacia los hombres que es irreal. Para exigir un sistema m\u00e1s fuerte, para exigir m\u00e1s igualdad, para exigir menos machismo, siempre hay motivos. Por eso, otro 8M no podemos guardar silencio. Hay motivos de sobra.<\/p>\n<p class=\"mb-1 text-xl desktop:text-xl4 leading-tight text-pretty\" style=\"text-align: justify;\">Por <a class=\"font-bold\" href=\"https:\/\/www.publico.es\/author\/ana-bernal-trivino\">Ana Bernal-Trivi\u00f1o<\/a><\/p>\n<p style=\"text-align: justify;\"><span class=\"image-description\" title=\"Una bandera con el s\u00edmbolo feminista durante una manifestaci\u00f3n convocada por el Movimiento Feminista de Madrid por el 8M.\">Una bandera con el s\u00edmbolo feminista durante una manifestaci\u00f3n convocada por el Movimiento Feminista de Madrid por el 8M.<\/span><strong class=\"author ml-1.5\" title=\"Europa Press\">Europa Press<\/strong><\/p>\n<p style=\"text-align: justify;\">https:\/\/www.publico.es\/opinion\/columnas\/motivos-sobra-8m.html<\/p>\n<\/div>\n<\/div>\n<\/div>\n<\/div>\n","protected":false},"excerpt":{"rendered":"<p>Hoy es el 8M. \u00bfQue no hay motivos para esta fecha? Basta solo con repasar&#8230;<\/p>\n","protected":false},"author":1,"featured_media":82462,"comment_status":"closed","ping_status":"closed","sticky":false,"template":"","format":"standard","meta":{"_coblocks_attr":"","_coblocks_dimensions":"","_coblocks_responsive_height":"","_coblocks_accordion_ie_support":"","jetpack_post_was_ever_published":false,"_jetpack_newsletter_access":"","_jetpack_dont_email_post_to_subs":false,"_jetpack_newsletter_tier_id":0,"_jetpack_memberships_contains_paywalled_content":false,"_jetpack_memberships_contains_paid_content":false,"footnotes":"","jetpack_publicize_message":"","jetpack_publicize_feature_enabled":true,"jetpack_social_post_already_shared":true,"jetpack_social_options":{"image_generator_settings":{"template":"highway","default_image_id":0,"enabled":false},"version":2}},"categories":[1161,14,44,6937],"tags":[],"class_list":["post-82461","post","type-post","status-publish","format-standard","has-post-thumbnail","hentry","category-ciudadania","category-feminismo","category-noticias-de-hoy","category-sociedad"],"jetpack_publicize_connections":[],"jetpack_featured_media_url":"https:\/\/i0.wp.com\/miradordeatarfe.es\/wp-content\/uploads\/2026\/03\/69a6c5cbde4c0.jpeg?fit=990%2C557&ssl=1","jetpack_likes_enabled":true,"jetpack_sharing_enabled":true,"_links":{"self":[{"href":"https:\/\/miradordeatarfe.es\/index.php?rest_route=\/wp\/v2\/posts\/82461","targetHints":{"allow":["GET"]}}],"collection":[{"href":"https:\/\/miradordeatarfe.es\/index.php?rest_route=\/wp\/v2\/posts"}],"about":[{"href":"https:\/\/miradordeatarfe.es\/index.php?rest_route=\/wp\/v2\/types\/post"}],"author":[{"embeddable":true,"href":"https:\/\/miradordeatarfe.es\/index.php?rest_route=\/wp\/v2\/users\/1"}],"replies":[{"embeddable":true,"href":"https:\/\/miradordeatarfe.es\/index.php?rest_route=%2Fwp%2Fv2%2Fcomments&post=82461"}],"version-history":[{"count":3,"href":"https:\/\/miradordeatarfe.es\/index.php?rest_route=\/wp\/v2\/posts\/82461\/revisions"}],"predecessor-version":[{"id":82465,"href":"https:\/\/miradordeatarfe.es\/index.php?rest_route=\/wp\/v2\/posts\/82461\/revisions\/82465"}],"wp:featuredmedia":[{"embeddable":true,"href":"https:\/\/miradordeatarfe.es\/index.php?rest_route=\/wp\/v2\/media\/82462"}],"wp:attachment":[{"href":"https:\/\/miradordeatarfe.es\/index.php?rest_route=%2Fwp%2Fv2%2Fmedia&parent=82461"}],"wp:term":[{"taxonomy":"category","embeddable":true,"href":"https:\/\/miradordeatarfe.es\/index.php?rest_route=%2Fwp%2Fv2%2Fcategories&post=82461"},{"taxonomy":"post_tag","embeddable":true,"href":"https:\/\/miradordeatarfe.es\/index.php?rest_route=%2Fwp%2Fv2%2Ftags&post=82461"}],"curies":[{"name":"wp","href":"https:\/\/api.w.org\/{rel}","templated":true}]}}