{"id":82466,"date":"2026-03-07T12:00:38","date_gmt":"2026-03-07T11:00:38","guid":{"rendered":"https:\/\/miradordeatarfe.es\/?p=82466"},"modified":"2026-03-07T12:34:32","modified_gmt":"2026-03-07T11:34:32","slug":"formacion-para-los-as-deportistas-de-atarfe","status":"publish","type":"post","link":"https:\/\/miradordeatarfe.es\/?p=82466","title":{"rendered":"Formaci\u00f3n para los\/as deportistas de Atarfe"},"content":{"rendered":"<h3 style=\"text-align: justify;\">PROACTIVATE FORMACI\u00d3N es un programa municipal impulsado por la Concejal\u00eda de Deportes del Ayuntamiento de Atarfe, en colaboraci\u00f3n con ACIDESA, que nace con el objetivo de reforzar el desarrollo integral de la poblaci\u00f3n a trav\u00e9s del deporte y la formaci\u00f3n.<\/h3>\n<p style=\"text-align: justify;\">En un contexto en el que el deporte ha evolucionado m\u00e1s all\u00e1 de la pr\u00e1ctica f\u00edsica, adquiriendo un papel relevante en \u00e1mbitos como la salud, la educaci\u00f3n, la inclusi\u00f3n social y la empleabilidad, se hace necesario ofrecer herramientas que permitan a la ciudadan\u00eda adaptarse a estas<br \/>\nnuevas demandas.<\/p>\n<p style=\"text-align: justify;\">Este programa se presenta como una propuesta estructurada de cursos, talleres y seminarios dirigida a j\u00f3venes deportistas, voluntarios, monitores, miembros de clubes y poblaci\u00f3n general, proporcionando conocimientos pr\u00e1cticos y competencias aplicables tanto en el \u00e1mbito deportivo como en el personal y profesional.<\/p>\n<p style=\"text-align: justify;\">PROACTIVATE FORMACI\u00d3N articula su oferta en diferentes \u00e1reas que abarcan desde la seguridad y la prevenci\u00f3n de riesgos hasta el entrenamiento, la nutrici\u00f3n, el bienestar y la comunicaci\u00f3n deportiva, incorporando adem\u00e1s formaci\u00f3n federativa orientada a la tecnificaci\u00f3n y profesionalizaci\u00f3n.<\/p>\n<p style=\"text-align: justify;\">A trav\u00e9s de la colaboraci\u00f3n con entidades especializadas, federaciones deportivas y profesionales cualificados, el programa garantiza una formaci\u00f3n de calidad, actualizada y alineada con la realidad del sector.\u00a0\u00a0<\/p>\n<p style=\"text-align: justify;\">De este modo, el Ayuntamiento de Atarfe reafirma su compromiso con la promoci\u00f3n del deporte como herramienta de transformaci\u00f3n social, impulsando iniciativas que favorecen la participaci\u00f3n, la formaci\u00f3n continua y la generaci\u00f3n de oportunidades para la ciudadan\u00eda.<\/p>\n<h3 style=\"text-align: justify;\">\u00c1REAS DE FORMACI\u00d3N<\/h3>\n<p style=\"text-align: justify;\">\u00a0<strong>\u00c1rea 1. Salud, Seguridad y Emergencias<\/strong><br \/>\n1.2. Curso DESA y Primeros Auxilios<br \/>\n1.3. Curso de Socorrismo Acu\u00e1tico<\/p>\n<p style=\"text-align: justify;\">\u00a0<strong>\u00c1rea 2. Actividad F\u00edsica y Entrenamiento<\/strong><br \/>\n2.1. Taller: Entrenamiento de fuerza en j\u00f3venes<br \/>\n2.2. Taller: Entrenamiento de fuerza y salud<br \/>\n2.3. Curso de Entrenamiento Funcional<br \/>\n2.4. Curso de Entrenador de Sala de Musculaci\u00f3n<\/p>\n<p style=\"text-align: justify;\">\u00a0<strong>\u00c1rea 3. Nutrici\u00f3n y H\u00e1bitos Saludables<\/strong><br \/>\n3.1. Curso: Fundamentos de la nutrici\u00f3n deportiva<br \/>\n3.2. Curso: Composici\u00f3n corporal y nutrici\u00f3n estrat\u00e9gica<br \/>\n3.3. Curso: Nutrici\u00f3n seg\u00fan tipo de deporte<\/p>\n<p style=\"text-align: justify;\"><strong>\u00c1rea 4. Deporte y Bienestar<\/strong><br \/>\n4.2. Charla: Nataci\u00f3n terap\u00e9utica<br \/>\n4.3. Actividad: Bautismo de buceo<br \/>\n4.4. Curso: Nataci\u00f3n para beb\u00e9s<br \/>\n4.5. Curso: Nataci\u00f3n para embarazadas<br \/>\n4.6. Curso: Nataci\u00f3n terap\u00e9utica<\/p>\n<p style=\"text-align: justify;\">\u00a0<strong>\u00c1rea 5. Comunicaci\u00f3n y Cultura Deportiva<\/strong><\/p>\n<p style=\"text-align: justify;\">6.5.1. Talleres de fotograf\u00eda deportiva<\/p>\n<p style=\"text-align: justify;\">Llega PROACTIVATE FORMACI\u00d3N, el primer programa formativo dirigido a j\u00f3venes, deportistas, t\u00e9cnicos, entrenadores y personas vinculadas al deporte en nuestro municipio.<\/p>\n<p style=\"text-align: justify;\">Un completo programa con m\u00e1s de 25 cursos, talleres y seminarios, organizados en 5 \u00e1reas formativas y con la participaci\u00f3n de grandes profesionales del sector.<\/p>\n<p style=\"text-align: justify;\">&#8211; Charlas y seminarios gratuitos<br \/>\n&#8211; Cursos con 50% de bonificaci\u00f3n para empadronados en Atarfe<\/p>\n<p style=\"text-align: justify;\">\u00a0<\/p>\n","protected":false},"excerpt":{"rendered":"<p>PROACTIVATE FORMACI\u00d3N es un programa municipal impulsado por la Concejal\u00eda de Deportes del Ayuntamiento de&#8230;<\/p>\n","protected":false},"author":1,"featured_media":82467,"comment_status":"closed","ping_status":"closed","sticky":false,"template":"","format":"standard","meta":{"_coblocks_attr":"","_coblocks_dimensions":"","_coblocks_responsive_height":"","_coblocks_accordion_ie_support":"","jetpack_post_was_ever_published":false,"_jetpack_newsletter_access":"","_jetpack_dont_email_post_to_subs":false,"_jetpack_newsletter_tier_id":0,"_jetpack_memberships_contains_paywalled_content":false,"_jetpack_memberships_contains_paid_content":false,"footnotes":"","jetpack_publicize_message":"","jetpack_publicize_feature_enabled":true,"jetpack_social_post_already_shared":true,"jetpack_social_options":{"image_generator_settings":{"template":"highway","default_image_id":0,"enabled":false},"version":2}},"categories":[182,186,44],"tags":[],"class_list":["post-82466","post","type-post","status-publish","format-standard","has-post-thumbnail","hentry","category-deportes","category-instituciones","category-noticias-de-hoy"],"jetpack_publicize_connections":[],"jetpack_featured_media_url":"https:\/\/miradordeatarfe.es\/wp-content\/uploads\/2026\/03\/proactivate-formacion-pdf.jpg","jetpack_likes_enabled":true,"jetpack_sharing_enabled":true,"_links":{"self":[{"href":"https:\/\/miradordeatarfe.es\/index.php?rest_route=\/wp\/v2\/posts\/82466","targetHints":{"allow":["GET"]}}],"collection":[{"href":"https:\/\/miradordeatarfe.es\/index.php?rest_route=\/wp\/v2\/posts"}],"about":[{"href":"https:\/\/miradordeatarfe.es\/index.php?rest_route=\/wp\/v2\/types\/post"}],"author":[{"embeddable":true,"href":"https:\/\/miradordeatarfe.es\/index.php?rest_route=\/wp\/v2\/users\/1"}],"replies":[{"embeddable":true,"href":"https:\/\/miradordeatarfe.es\/index.php?rest_route=%2Fwp%2Fv2%2Fcomments&post=82466"}],"version-history":[{"count":2,"href":"https:\/\/miradordeatarfe.es\/index.php?rest_route=\/wp\/v2\/posts\/82466\/revisions"}],"predecessor-version":[{"id":82477,"href":"https:\/\/miradordeatarfe.es\/index.php?rest_route=\/wp\/v2\/posts\/82466\/revisions\/82477"}],"wp:featuredmedia":[{"embeddable":true,"href":"https:\/\/miradordeatarfe.es\/index.php?rest_route=\/wp\/v2\/media\/82467"}],"wp:attachment":[{"href":"https:\/\/miradordeatarfe.es\/index.php?rest_route=%2Fwp%2Fv2%2Fmedia&parent=82466"}],"wp:term":[{"taxonomy":"category","embeddable":true,"href":"https:\/\/miradordeatarfe.es\/index.php?rest_route=%2Fwp%2Fv2%2Fcategories&post=82466"},{"taxonomy":"post_tag","embeddable":true,"href":"https:\/\/miradordeatarfe.es\/index.php?rest_route=%2Fwp%2Fv2%2Ftags&post=82466"}],"curies":[{"name":"wp","href":"https:\/\/api.w.org\/{rel}","templated":true}]}}