{"id":82469,"date":"2026-03-07T10:28:40","date_gmt":"2026-03-07T09:28:40","guid":{"rendered":"https:\/\/miradordeatarfe.es\/?p=82469"},"modified":"2026-03-07T11:31:55","modified_gmt":"2026-03-07T10:31:55","slug":"8m-no-te-quedes-en-el-banquillo-por-ignacio-henares","status":"publish","type":"post","link":"https:\/\/miradordeatarfe.es\/?p=82469","title":{"rendered":"8M, \u00a1no te quedes en el \u2018banquillo\u2019! por Ignacio Henares"},"content":{"rendered":"<div class=\"cuerpo\">\n<p style=\"text-align: justify;\"><strong>Soy de los que consideran que el 8M y el 25N, que el feminismo es (tambi\u00e9n) cosa de hombres, frente a los\/las que piensan que esto no va con nosotros y que hay que ceder el protagonismo a las mujeres<\/strong><\/p>\n<\/div>\n<div>\n<div id=\"disqus_thread\">\n<p style=\"text-align: justify;\">Este a\u00f1o especialmente me siento obligado, deber\u00edamos sentirnos impelidos muchos hombres, a aprovechar simb\u00f3licamente esta fecha en el calendario, para manifestarme en la calle, en las redes, en donde se libra ahora buena parte de la batalla por la igualdad entre hombres y mujeres; siento el peligro que corre esta conquista, y otros avances sociales, que no solo debemos defender, sino que debemos ampliar, desafiando los ataques de las fuerzas reaccionarias cuyos gritos y violencia quieren aparentar que son m\u00e1s y son superiores.<\/p>\n<p style=\"text-align: justify;\">No, no es momento de dar un paso atr\u00e1s, ni siquiera de colocarnos pasivamente al lado, de hacer caso a los que dicen sentirse atacados.<\/p>\n<p style=\"text-align: justify;\">Este 2026 ha arrancado con unos datos que suponen una bofetada de realidad que no permite medias tintas. No podemos ignorar los resultados de las recientes encuestas sobre feminismo entre los m\u00e1s j\u00f3venes ni perdernos en an\u00e1lisis extensos. Es alarmante ver c\u00f3mo crece un sector de varones que percibe la igualdad como una amenaza a sus derechos. Hemos permitido que el discurso del odio y el bulo machista calen en las aulas, haciendo creer a nuestros hijos que el feminismo es un ataque al hombre, a los hombres.<\/p>\n<p style=\"text-align: justify;\">Es momento de hacer frente abiertamente a los que dicen que no son ni machistas ni feministas como si una cosa fuera la contraria o antagonista de la otra.<\/p>\n<p style=\"text-align: justify;\">Es la hora de defender que el feminismo no busca que nosotros perdamos, busca que todos ganemos en una sociedad m\u00e1s igualitaria, con los mismos derechos y oportunidades.<\/p>\n<p style=\"text-align: justify;\">Es tiempo de pasar de la reflexi\u00f3n a la acci\u00f3n, de analizar una realidad que no nos gusta, y ponerse a trabajar para transformarla, d\u00eda a d\u00eda, familia a familia, en el entorno laboral, en \u2018todos los tajos\u2019.<\/p>\n<p style=\"text-align: justify;\">No podemos perdernos en debates est\u00e9riles porque la realidad es tozuda y sangrienta. El incremento de casos de violencia machista y la crueldad de la violencia vicaria nos dictan que algo est\u00e1 fallando en la base de nuestra educaci\u00f3n. La brecha salarial sigue siendo una anomal\u00eda democr\u00e1tica que, a igual trabajo, las manos que lo ejecutan cobren distinto seg\u00fan su g\u00e9nero.<\/p>\n<p style=\"text-align: justify;\">Debemos entender que el patriarcado tambi\u00e9n nos encorseta a nosotros en un modelo de hombre duro, insensible y competitivo que nos enferma y nos a\u00edsla. La neutralidad nos empobrece y mina la superaci\u00f3n del modelo social que tenemos que superar.<\/p>\n<p style=\"text-align: justify;\">Hay muchos hombres (y algunas mujeres) que piensan que la igualdad es un juego de suma cero, donde lo que unos pierden, otras ganan. Pero la anatom\u00eda de la igualdad nos ense\u00f1a que esta balanza de equilibrio beneficia a la sociedad en su conjunto.<\/p>\n<div style=\"text-align: justify;\">Si dejamos atr\u00e1s la vieja masculinidad nos quitaremos el peso del pp (proveedores + protectores, lo siento, pero esas son las iniciales tambi\u00e9n), nos quitaremos la represi\u00f3n de las emociones y el autocuidado o el miedo a no ser \u2018suficientemente hombres\u2019.<\/div>\n<p style=\"text-align: justify;\">Por contra, ganaremos corresponsabilidad, salud mental y relaciones personales m\u00e1s aut\u00e9nticas y la libertad de ser quienes queramos ser.<\/p>\n<p style=\"text-align: justify;\">En el \u00e1mbito familiar dejaremos atr\u00e1s la paternidad ausente o de fin de semana y disfrutaremos de la crianza real y completa de nuestros hijos.<\/p>\n<p style=\"text-align: justify;\">Este 8 de marzo, m\u00e1s que nunca, es necesario que los hombres tambi\u00e9n estemos presentes y activos. Pero \u00a1ojo!, no para protagonizar las fotos y videos, sino para completar y sostener el espacio com\u00fan. Para escuchar, sin intermediarios, sin prejuicios, lo que nuestras compa\u00f1eras, hermanas o madres tienen que decir, y para asumir que la lucha contra la violencia machista es, ante todo, una responsabilidad nuestra.<\/p>\n<p style=\"text-align: justify;\">Somos nosotros quienes debemos se\u00f1alar y rechazar el comentario machista en el grupo de <em>WhatsApp<\/em>, quienes debemos exigir igualdad en nuestras empresas y quienes debemos educar a nuestros hijos en el respeto absoluto.<\/p>\n<p>Porque una sociedad con mujeres libres es una sociedad con hombres mejores. El feminismo es el puente hacia una humanidad m\u00e1s justa, y es hora de que avancemos por ese puente juntos, sin retroceder y sin mirar con una falsa nostalgia a un pasado que fue anterior pero no mejor.<\/p>\n<p>FOTO: IndeGranada\u00a0Porque el feminismo (tambi\u00e9n) es cosa de hombres.<\/p>\n<p>https:\/\/www.elindependientedegranada.es\/blog\/8m-no-te-quedes-banquillo<\/p>\n<\/div>\n<\/div>\n","protected":false},"excerpt":{"rendered":"<p>Soy de los que consideran que el 8M y el 25N, que el feminismo es&#8230;<\/p>\n","protected":false},"author":1,"featured_media":82470,"comment_status":"closed","ping_status":"closed","sticky":false,"template":"","format":"standard","meta":{"_coblocks_attr":"","_coblocks_dimensions":"","_coblocks_responsive_height":"","_coblocks_accordion_ie_support":"","jetpack_post_was_ever_published":false,"_jetpack_newsletter_access":"","_jetpack_dont_email_post_to_subs":false,"_jetpack_newsletter_tier_id":0,"_jetpack_memberships_contains_paywalled_content":false,"_jetpack_memberships_contains_paid_content":false,"footnotes":"","jetpack_publicize_message":"","jetpack_publicize_feature_enabled":true,"jetpack_social_post_already_shared":true,"jetpack_social_options":{"image_generator_settings":{"template":"highway","default_image_id":0,"enabled":false},"version":2}},"categories":[1161,14,44],"tags":[],"class_list":["post-82469","post","type-post","status-publish","format-standard","has-post-thumbnail","hentry","category-ciudadania","category-feminismo","category-noticias-de-hoy"],"jetpack_publicize_connections":[],"jetpack_featured_media_url":"https:\/\/i0.wp.com\/miradordeatarfe.es\/wp-content\/uploads\/2026\/03\/hombresvioleta.jpg?fit=650%2C487&ssl=1","jetpack_likes_enabled":true,"jetpack_sharing_enabled":true,"_links":{"self":[{"href":"https:\/\/miradordeatarfe.es\/index.php?rest_route=\/wp\/v2\/posts\/82469","targetHints":{"allow":["GET"]}}],"collection":[{"href":"https:\/\/miradordeatarfe.es\/index.php?rest_route=\/wp\/v2\/posts"}],"about":[{"href":"https:\/\/miradordeatarfe.es\/index.php?rest_route=\/wp\/v2\/types\/post"}],"author":[{"embeddable":true,"href":"https:\/\/miradordeatarfe.es\/index.php?rest_route=\/wp\/v2\/users\/1"}],"replies":[{"embeddable":true,"href":"https:\/\/miradordeatarfe.es\/index.php?rest_route=%2Fwp%2Fv2%2Fcomments&post=82469"}],"version-history":[{"count":1,"href":"https:\/\/miradordeatarfe.es\/index.php?rest_route=\/wp\/v2\/posts\/82469\/revisions"}],"predecessor-version":[{"id":82471,"href":"https:\/\/miradordeatarfe.es\/index.php?rest_route=\/wp\/v2\/posts\/82469\/revisions\/82471"}],"wp:featuredmedia":[{"embeddable":true,"href":"https:\/\/miradordeatarfe.es\/index.php?rest_route=\/wp\/v2\/media\/82470"}],"wp:attachment":[{"href":"https:\/\/miradordeatarfe.es\/index.php?rest_route=%2Fwp%2Fv2%2Fmedia&parent=82469"}],"wp:term":[{"taxonomy":"category","embeddable":true,"href":"https:\/\/miradordeatarfe.es\/index.php?rest_route=%2Fwp%2Fv2%2Fcategories&post=82469"},{"taxonomy":"post_tag","embeddable":true,"href":"https:\/\/miradordeatarfe.es\/index.php?rest_route=%2Fwp%2Fv2%2Ftags&post=82469"}],"curies":[{"name":"wp","href":"https:\/\/api.w.org\/{rel}","templated":true}]}}