{"id":82474,"date":"2026-03-08T10:35:51","date_gmt":"2026-03-08T09:35:51","guid":{"rendered":"https:\/\/miradordeatarfe.es\/?p=82474"},"modified":"2026-03-07T11:38:27","modified_gmt":"2026-03-07T10:38:27","slug":"los-montes-orientales-llevan-428-dias-sin-centro-de-informacion-a-la-mujer","status":"publish","type":"post","link":"https:\/\/miradordeatarfe.es\/?p=82474","title":{"rendered":"Los Montes Orientales llevan 428 d\u00edas sin Centro de Informaci\u00f3n a la Mujer"},"content":{"rendered":"<h3 style=\"text-align: justify;\">La Plataforma 8M\/25N lamenta que los ayuntamientos de la comarca \u00abest\u00e9n consintiendo\u00bb que no funcione un servicio que \u00abpuede salvar vidas\u00bb<\/h3>\n<p style=\"text-align: justify;\">Los Montes Orientales llevan 428 d\u00edas sin contar con el Centro de Informaci\u00f3n a la Mujer que funcionaba en la comarca, un recurso que presta un servicio de asesoramiento y ayuda a las mujeres y del que se les est\u00e1 privando.<\/p>\n<p style=\"text-align: justify;\">La denuncia la ha formulado la Plataforma 8M\/25N durante la presentaci\u00f3n de la movilizaci\u00f3n del pr\u00f3ximo 8 de marzo, D\u00eda de la Mujer. \u00abLos 14 ayuntamientos de la comarca est\u00e1n consintiendo\u00bb esta situaci\u00f3n y dejando sin cobertura \u00abun servicio que puede salvar vidas\u00bb, como ha alertado Paqui Fuillerat, portavoz de la plataforma.<\/p>\n<p style=\"text-align: justify;\">\u00abSe ponen de acuerdo para la recogida de la basura pero no son capaces de poner la parte de dinero que les corresponde para dotar de personal al Centro de la Mujer\u00bb, una cantidad que al a\u00f1o siguiente, en la parte proporcional que les corresponda, recibir\u00edan del Instituto Andaluz de la Mujer, ha explicado Fuillerat, que ha elogiado el trabajo \u00abimpresionante\u00bb que est\u00e1 haciendo la Federaci\u00f3n de Asociaciones de Mujeres de los Montes Orientales, cuyas negociaciones est\u00e1n siendo \u00abninguneadas\u00bb.<\/p>\n<p style=\"text-align: justify;\">El \u00fanico recurso disponible en casos graves es el 016, ha lamentado Paqui Fuillerat para a\u00f1adir que, para cualquier otras gestiones o asesoramiento, deben desplazarse 50 kil\u00f3metros.<\/p>\n<p><strong><span class=\"autor\">M.A. <\/span><\/strong><\/p>\n<p>https:\/\/www.elindependientedegranada.es\/ciudadania\/montes-orientales-llevan-428-dias-sin-centro-informacion-mujer<\/p>\n","protected":false},"excerpt":{"rendered":"<p>La Plataforma 8M\/25N lamenta que los ayuntamientos de la comarca \u00abest\u00e9n consintiendo\u00bb que no funcione&#8230;<\/p>\n","protected":false},"author":1,"featured_media":82475,"comment_status":"closed","ping_status":"closed","sticky":false,"template":"","format":"standard","meta":{"_coblocks_attr":"","_coblocks_dimensions":"","_coblocks_responsive_height":"","_coblocks_accordion_ie_support":"","jetpack_post_was_ever_published":false,"_jetpack_newsletter_access":"","_jetpack_dont_email_post_to_subs":false,"_jetpack_newsletter_tier_id":0,"_jetpack_memberships_contains_paywalled_content":false,"_jetpack_memberships_contains_paid_content":false,"footnotes":"","jetpack_publicize_message":"","jetpack_publicize_feature_enabled":true,"jetpack_social_post_already_shared":true,"jetpack_social_options":{"image_generator_settings":{"template":"highway","default_image_id":0,"enabled":false},"version":2}},"categories":[1161,44,6937],"tags":[],"class_list":["post-82474","post","type-post","status-publish","format-standard","has-post-thumbnail","hentry","category-ciudadania","category-noticias-de-hoy","category-sociedad"],"jetpack_publicize_connections":[],"jetpack_featured_media_url":"https:\/\/i0.wp.com\/miradordeatarfe.es\/wp-content\/uploads\/2026\/03\/paqui_1.jpg?fit=700%2C479&ssl=1","jetpack_likes_enabled":true,"jetpack_sharing_enabled":true,"_links":{"self":[{"href":"https:\/\/miradordeatarfe.es\/index.php?rest_route=\/wp\/v2\/posts\/82474","targetHints":{"allow":["GET"]}}],"collection":[{"href":"https:\/\/miradordeatarfe.es\/index.php?rest_route=\/wp\/v2\/posts"}],"about":[{"href":"https:\/\/miradordeatarfe.es\/index.php?rest_route=\/wp\/v2\/types\/post"}],"author":[{"embeddable":true,"href":"https:\/\/miradordeatarfe.es\/index.php?rest_route=\/wp\/v2\/users\/1"}],"replies":[{"embeddable":true,"href":"https:\/\/miradordeatarfe.es\/index.php?rest_route=%2Fwp%2Fv2%2Fcomments&post=82474"}],"version-history":[{"count":1,"href":"https:\/\/miradordeatarfe.es\/index.php?rest_route=\/wp\/v2\/posts\/82474\/revisions"}],"predecessor-version":[{"id":82476,"href":"https:\/\/miradordeatarfe.es\/index.php?rest_route=\/wp\/v2\/posts\/82474\/revisions\/82476"}],"wp:featuredmedia":[{"embeddable":true,"href":"https:\/\/miradordeatarfe.es\/index.php?rest_route=\/wp\/v2\/media\/82475"}],"wp:attachment":[{"href":"https:\/\/miradordeatarfe.es\/index.php?rest_route=%2Fwp%2Fv2%2Fmedia&parent=82474"}],"wp:term":[{"taxonomy":"category","embeddable":true,"href":"https:\/\/miradordeatarfe.es\/index.php?rest_route=%2Fwp%2Fv2%2Fcategories&post=82474"},{"taxonomy":"post_tag","embeddable":true,"href":"https:\/\/miradordeatarfe.es\/index.php?rest_route=%2Fwp%2Fv2%2Ftags&post=82474"}],"curies":[{"name":"wp","href":"https:\/\/api.w.org\/{rel}","templated":true}]}}