{"id":82479,"date":"2026-03-09T11:00:41","date_gmt":"2026-03-09T10:00:41","guid":{"rendered":"https:\/\/miradordeatarfe.es\/?p=82479"},"modified":"2026-03-08T19:14:29","modified_gmt":"2026-03-08T18:14:29","slug":"otra-guerra-mas-por-remedios-sanchez","status":"publish","type":"post","link":"https:\/\/miradordeatarfe.es\/?p=82479","title":{"rendered":"\u00abOTRA GUERRA M\u00c1S\u00bb por Remedios S\u00e1nchez"},"content":{"rendered":"<h3 style=\"text-align: justify;\">La guerra, las guerras en general, s\u00f3lo satisfacen a dos tipos de individuos: a los psic\u00f3patas y a los traficantes de armas.<\/h3>\n<p style=\"text-align: justify;\">A los segundos resulta f\u00e1cil reconocerlos siguiendo los regueros de sangre que dejan tras de s\u00ed; a los primeros, sentados en despachos a cientos de miles de kil\u00f3metros, ni los atisbamos, aunque son siempre los que ganan aplicando una estrategia casi infalible: sit\u00faan al mat\u00f3n de turno al frente, le hacen creer que decide, lo jalean discretamente y lo dejan entretenerse. O sea, que unos ponen los misiles y otros ponen los muertos.<\/p>\n<p style=\"text-align: justify;\">Sucede desde el principio de los tiempos: romanos frente a cartagineses, los mongoles intentando arrasar la cultura china, las dos guerras mundiales, Vietnam, el Golfo P\u00e9rsico, Irak o Siria, hasta alcanzar Ir\u00e1n. Y no mencionaremos \u00c1frica \u00a0para no convertir esto en las P\u00e1ginas amarillas. Es decir, la ambici\u00f3n de controlar al otro (que normalmente es el malo) es una constante en el proceder humano.<\/p>\n<p style=\"text-align: justify;\">El problema reside en que en ocasiones cuesta distinguir entre ambos bandos a ese malo, al peligro mayor para una sociedad civil que, milagrosamente, sigue horroriz\u00e1ndose con las bombas. Pero no como pose t\u00e1ctica buscando r\u00e9dito electoral o beneficios en sus acciones del IBEX.<\/p>\n<p style=\"text-align: justify;\">Aqu\u00ed nos referimos a la gente normal, la que se solidariza con el sufrimiento ajeno: la jubilada con una pensi\u00f3n m\u00ednima, el chaval que esta ma\u00f1ana sube a clase, la limpiadora de mi escalera (tres ni\u00f1os, su pareja en paro) o el taxista que me acerca al trabajo. A quienes piensan que el mundo est\u00e1 en manos de unos locos, no como diagn\u00f3stico de trastorno mental, sino como forma de expresar que el futuro com\u00fan est\u00e1 en manos de quienes representan la anormalidad envilecida sist\u00e9mica, la degeneraci\u00f3n que siempre conduce al desastre. Vida o muerte para millones de personas, igual que Ner\u00f3n haciendo el gesto del pulgar arriba o abajo en el Coliseo romano, pero veinte siglos despu\u00e9s, en la era de la civilizaci\u00f3n m\u00e1s sofisticada, por decirlo as\u00ed.<\/p>\n<p style=\"text-align: justify;\">Determinados pa\u00edses que ignoran sistem\u00e1ticamente los derechos humanos (y ah\u00ed caben tanto Ir\u00e1n como Israel; antes Siria, Afganist\u00e1n, Somalia y tantos otros que se olvidan cuando el foco geopol\u00edtico cambia de ubicaci\u00f3n) encarcelan, humillan o masacran a su ciudadan\u00eda y, curiosamente, aqu\u00ed estamos nosotros, solidariz\u00e1ndonos seg\u00fan el momento.<\/p>\n<p style=\"text-align: justify;\">Cada vez que ha habido una contienda internacional, la que sea, Espa\u00f1a la ha perdido porque, aunque fastidie, en el tablero mundial somos poco m\u00e1s que una mosca inoportuna en una tarde veraniega (y eso por las bases de Rota y Mor\u00f3n) para los que deciden qui\u00e9nes debe morir y cu\u00e1ndo. Esto es, para EE.UU., Rusia o China, con la cautelosa pasividad de Alemania, Reino Unido o Francia, mientras otros dan saltitos para hacer notar su existencia (l\u00e9ase Italia).<\/p>\n<p style=\"text-align: justify;\">Evidentemente, posicionarse claramente con un no rotundo a la guerra es lo razonable para cualquiera que tenga un m\u00ednimo de dignidad, de \u00e9tica y de decencia. Precisamente Gloria Fuertes, en un poema de 1954, declaraba que ella quiso ir a la guerra para pararla, pero la detuvieron a mitad de camino. Ah\u00ed reside la clave: en qui\u00e9n puede reconducir el caos. M\u00e1s all\u00e1 del oportunismo, la cuesti\u00f3n es qui\u00e9n puede frenar esta nueva tragedia global y, sobre todo, c\u00f3mo lo logra. Porque se ha dejado crecer tanto a las alima\u00f1as que erradicarlas ahora es poco menos que una utop\u00eda.<\/p>\n<p style=\"text-align: justify;\">FOTO: TELEMUNDO DE NUEVO M\u00c9XICO<\/p>\n<p>&nbsp;<\/p>\n","protected":false},"excerpt":{"rendered":"<p>La guerra, las guerras en general, s\u00f3lo satisfacen a dos tipos de individuos: a los&#8230;<\/p>\n","protected":false},"author":1,"featured_media":82480,"comment_status":"closed","ping_status":"closed","sticky":false,"template":"","format":"standard","meta":{"_coblocks_attr":"","_coblocks_dimensions":"","_coblocks_responsive_height":"","_coblocks_accordion_ie_support":"","jetpack_post_was_ever_published":false,"_jetpack_newsletter_access":"","_jetpack_dont_email_post_to_subs":false,"_jetpack_newsletter_tier_id":0,"_jetpack_memberships_contains_paywalled_content":false,"_jetpack_memberships_contains_paid_content":false,"footnotes":"","jetpack_publicize_message":"","jetpack_publicize_feature_enabled":true,"jetpack_social_post_already_shared":true,"jetpack_social_options":{"image_generator_settings":{"template":"highway","default_image_id":0,"enabled":false},"version":2}},"categories":[1161,10811,44,6937],"tags":[],"class_list":["post-82479","post","type-post","status-publish","format-standard","has-post-thumbnail","hentry","category-ciudadania","category-jovenes","category-noticias-de-hoy","category-sociedad"],"jetpack_publicize_connections":[],"jetpack_featured_media_url":"https:\/\/i0.wp.com\/miradordeatarfe.es\/wp-content\/uploads\/2026\/03\/Screenshot-2026-03-08-at-19-12-46-Lo-ultimo-de-la-guerra-entre-EEUU-Israel-e-Iran-%E2%80%93-Telemundo-Nuevo-Mexico.png?fit=729%2C357&ssl=1","jetpack_likes_enabled":true,"jetpack_sharing_enabled":true,"_links":{"self":[{"href":"https:\/\/miradordeatarfe.es\/index.php?rest_route=\/wp\/v2\/posts\/82479","targetHints":{"allow":["GET"]}}],"collection":[{"href":"https:\/\/miradordeatarfe.es\/index.php?rest_route=\/wp\/v2\/posts"}],"about":[{"href":"https:\/\/miradordeatarfe.es\/index.php?rest_route=\/wp\/v2\/types\/post"}],"author":[{"embeddable":true,"href":"https:\/\/miradordeatarfe.es\/index.php?rest_route=\/wp\/v2\/users\/1"}],"replies":[{"embeddable":true,"href":"https:\/\/miradordeatarfe.es\/index.php?rest_route=%2Fwp%2Fv2%2Fcomments&post=82479"}],"version-history":[{"count":1,"href":"https:\/\/miradordeatarfe.es\/index.php?rest_route=\/wp\/v2\/posts\/82479\/revisions"}],"predecessor-version":[{"id":82481,"href":"https:\/\/miradordeatarfe.es\/index.php?rest_route=\/wp\/v2\/posts\/82479\/revisions\/82481"}],"wp:featuredmedia":[{"embeddable":true,"href":"https:\/\/miradordeatarfe.es\/index.php?rest_route=\/wp\/v2\/media\/82480"}],"wp:attachment":[{"href":"https:\/\/miradordeatarfe.es\/index.php?rest_route=%2Fwp%2Fv2%2Fmedia&parent=82479"}],"wp:term":[{"taxonomy":"category","embeddable":true,"href":"https:\/\/miradordeatarfe.es\/index.php?rest_route=%2Fwp%2Fv2%2Fcategories&post=82479"},{"taxonomy":"post_tag","embeddable":true,"href":"https:\/\/miradordeatarfe.es\/index.php?rest_route=%2Fwp%2Fv2%2Ftags&post=82479"}],"curies":[{"name":"wp","href":"https:\/\/api.w.org\/{rel}","templated":true}]}}