{"id":8248,"date":"2016-04-14T08:30:57","date_gmt":"2016-04-14T08:30:57","guid":{"rendered":"http:\/\/miradordeatarfe.es\/?p=8248"},"modified":"2016-04-14T08:10:29","modified_gmt":"2016-04-14T08:10:29","slug":"concejalia-de-medio-ambiente-del-ayuntamiento-de-atarfe-ha-puesto-en-marcha-un-sorteode-tres-vales-por-importe-de-40-euro","status":"publish","type":"post","link":"https:\/\/miradordeatarfe.es\/?p=8248","title":{"rendered":"Concejal\u00eda de Medio Ambiente del Ayuntamiento de Atarfe ha puesto en marcha un sorteode tres vales por importe de 40 euro"},"content":{"rendered":"<p>Con motivo de la campa\u00f1a &#8216;Atarfe, limpia entre todos&#8217;, la Concejal\u00eda de Medio Ambiente ha puesto en marcha un sorteo -entre los residentes en el municipio- de tres vales por importe de 40 euros cada uno que se pueden canjear por productos o servicios en las cl\u00ednicas veterinarias del pueblo.<!--more--><\/p>\n<div class=\"_39k2\">\n<div class=\"_4lmk _2vxa\"><strong>BASES DEL SORTEO: \u201c3 vales por importe de 40\u20ac para la compra de productos relacionados con tu perro\u201d<\/strong><\/div>\n<div class=\"_2yud clearfix\">\n<div class=\"_ohe lfloat\"><\/div>\n<div class=\"\">\n<div class=\"_42ef _8u\">\n<div>\n<div class=\"_2cuy _3dgx _2vxa\"><strong><span class=\"_5yi-\">\u00c1MBITO TERRITORIAL<\/span><\/strong><\/div>\n<div class=\"_2cuy _3dgx _2vxa\">Podr\u00e1n participar gratuitamente en esta promoci\u00f3n usuarios de Facebook mayores de edad y residentes en Atarfe con perfil activo en Facebook.<\/div>\n<div class=\"_2cuy _3dgx _2vxa\"><\/div>\n<div class=\"_2cuy _3dgx _2vxa\"><strong><span class=\"_5yi-\">PREMIOS<\/span><\/strong><\/div>\n<div class=\"_2cuy _3dgx _2vxa\">Existen tres premios para tres participantes distintos consistentes cada uno en vale por importe de 40 euros para canjear en una de las tres cl\u00ednicas veterinarias de Atarfe (Montes Il\u00edberis, Serengueti y Darwin) por servicios\/productos relacionados con tu mascota. Cada premio est\u00e1 valorado en 40\u20ac. El sorteo forma parte de una campa\u00f1a de la Concejal\u00eda de Medio Ambiente del Ayuntamiento de Atarfe dirigida a concienciar sobre la necesidad de cuidar a nuestras mascotas y cumplir con las obligaciones que tienen sus propietarios.<\/div>\n<div class=\"_2cuy _3dgx _2vxa\"><\/div>\n<div class=\"_2cuy _3dgx _2vxa\"><strong><span class=\"_5yi-\">PERIODO<\/span><\/strong><\/div>\n<div class=\"_2cuy _3dgx _2vxa\">El concurso se extender\u00e1 desde el martes 12 de abril de 2016 hasta el lunes 18 de abril de 2016 a las 08:00 horas, cerr\u00e1ndose la participaci\u00f3n a esa hora.<\/div>\n<div class=\"_2cuy _3dgx _2vxa\"><\/div>\n<div class=\"_2cuy _3dgx _2vxa\"><strong><span class=\"_5yi-\">MEC\u00c1NICA Y SELECCI\u00d3N DE LOS GANADORES<\/span><\/strong><\/div>\n<div class=\"_2cuy _3dgx _2vxa\">Todos los usuarios de Facebook que deseen participar deber\u00e1n hacerlo dejando una foto y un peque\u00f1o comentario en la publicaci\u00f3n promocional que sobre este tema dedique el Ayuntamiento de Atarfe (Aqu\u00ed el enlace a la publicaci\u00f3n: <a href=\"https:\/\/www.facebook.com\/ayuntamientoatarfe\/photos\/a.621796457884228.1073741828.621791281218079\/1068952843168585\/?type=3&amp;theater\">https:\/\/www.facebook.com\/ayuntamien&#8230;<\/a> ). El protagonista de la imagen debe ser la mascota, acompa\u00f1ada o no por su due\u00f1o o cualquier persona pr\u00f3xima, donde se aluda a alguna de las responsabilidades que el propietario tiene con su mascota en el d\u00eda a d\u00eda (Ej.: recoger los excrementos, pasear al perro con su bolsa, llevarlo al veterinario, cuidar de su alimentaci\u00f3n\u2026) El martes 18 de abril de 2016 se celebrar\u00e1 el sorteo de forma aleatoria a trav\u00e9s de la aplicaci\u00f3n Easypromos o similar entre todos los comentarios con foto realizados sobre dicha publicaci\u00f3n, no siendo v\u00e1lidos los posteriores a las 08.00 horas del lunes 18 de abril de 2016.<\/div>\n<div class=\"_2cuy _3dgx _2vxa\"><\/div>\n<div class=\"_2cuy _3dgx _2vxa\"><strong><span class=\"_5yi-\">COMUNICACI\u00d3N DE LOS GANADORES<\/span><\/strong><\/div>\n<div class=\"_2cuy _3dgx _2vxa\">El Ayuntamiento de Atarfe notificar\u00e1 a los ganadores su condici\u00f3n a trav\u00e9s de mensaje interno en su p\u00e1gina de Facebook y por una publicaci\u00f3n simple en dicha p\u00e1gina, el 18 de abril de 2016.<\/div>\n<div class=\"_2cuy _3dgx _2vxa\"><\/div>\n<div class=\"_2cuy _3dgx _2vxa\"><strong><span class=\"_5yi-\">RECOGIDA DEL PREMIO<\/span><\/strong><\/div>\n<div class=\"_2cuy _3dgx _2vxa\">Las personas ganadoras de los vales de compra deber\u00e1n recoger el premio en la cl\u00ednica veterinaria que se le indique. Las tres que hay en Atarfe colaboran en esta promoci\u00f3n pero s\u00f3lo pueden canjear un vale cada una de ellas.<\/div>\n<div class=\"_2cuy _3dgx _2vxa\"><\/div>\n<div class=\"_2cuy _3dgx _2vxa\"><strong><span class=\"_5yi-\">MODIFICACI\u00d3N DEL PREMIO<\/span><\/strong><\/div>\n<div class=\"_2cuy _3dgx _2vxa\">El premio en ning\u00fan caso podr\u00e1 ser objeto de cambio, modificaci\u00f3n, alteraci\u00f3n o sustituci\u00f3n.<\/div>\n<div class=\"_2cuy _3dgx _2vxa\"><\/div>\n<div class=\"_2cuy _3dgx _2vxa\"><strong><span class=\"_5yi-\">L\u00cdMITE DE PARTICIPACI\u00d3N<\/span><\/strong><\/div>\n<div class=\"_2cuy _3dgx _2vxa\">No podr\u00e1n participar en el sorteo personas que no sean de Atarfe, aquellas que no tengan mayor\u00eda de edad, los concejales de la actual corporaci\u00f3n de Atarfe junto a sus familiares m\u00e1s directos, as\u00ed como las personas implicadas en el desarrollo de esta promoci\u00f3n.<\/div>\n<div class=\"_2cuy _3dgx _2vxa\"><\/div>\n<div class=\"_2cuy _3dgx _2vxa\"><strong><span class=\"_5yi-\">TRATAMIENTO DE DATOS Y DERECHOS DE DISTRIBUCI\u00d3N<\/span><\/strong><\/div>\n<div class=\"_2cuy _3dgx _2vxa\">Los datos de los participantes ser\u00e1n tratados de conformidad con la Ley Org\u00e1nica 15\/1999 de 13 de Diciembre de Protecci\u00f3n de datos de Car\u00e1cter Personal. En ning\u00fan caso formar\u00e1n parte de fichero o base de datos del Ayuntamiento de Atarfe.<\/div>\n<div class=\"_2cuy _3dgx _2vxa\">El participante\/concursante podr\u00e1 ejercer los derechos de acceso, rectificaci\u00f3n, oposici\u00f3n y cancelaci\u00f3n de los datos personales seg\u00fan lo dispuesto en la Ley Org\u00e1nica de Protecci\u00f3n de Datos de Car\u00e1cter personal (LO 15\/1999) dirigiendo un escrito, adjuntando copia de su DNI o Pasaporte, al Ayuntamiento de Atarfe.<\/div>\n<div class=\"_2cuy _3dgx _2vxa\">Los ganadores al aceptar estas bases aceptar\u00e1n que se publique sus nombres en las redes sociales del Ayuntamiento de Atarfe.<\/div>\n<div class=\"_2cuy _3dgx _2vxa\"><\/div>\n<div class=\"_2cuy _3dgx _2vxa\"><strong><span class=\"_5yi-\">RESPONSABILIDAD<\/span><\/strong><\/div>\n<div class=\"_2cuy _3dgx _2vxa\">El Ayuntamiento de Atarfe no se responsabiliza de las posibles p\u00e9rdidas, deterioros, o cualquier otra circunstancia imputable a terceros a\u00fan deriv\u00e1ndose del disfrute del premio.<\/div>\n<div class=\"_2cuy _3dgx _2vxa\"><\/div>\n<div class=\"_2cuy _3dgx _2vxa\"><strong><span class=\"_5yi-\">FRAUDE EN LA PARTICIPACI\u00d3N<\/span><\/strong><\/div>\n<div class=\"_2cuy _3dgx _2vxa\">El Ayuntamiento de Atarfe se reserva el derecho a:<\/div>\n<div class=\"_2cuy _3dgx _2vxa\">1. Eliminar del concurso aquellas participaciones que no respondan a los requisitos planteados en las presentes bases.<\/div>\n<div class=\"_2cuy _3dgx _2vxa\">2. Eliminar del concurso aquellas participaciones que, de forma notoria, hayan recurrido a sistemas fraudulentos y programados.<\/div>\n<div class=\"_2cuy _3dgx _2vxa\">3. Introducir en cualquier momento, cambios en la Promoci\u00f3n o en cualquiera de las presentes condiciones de participaci\u00f3n, salvaguardando, en lo posible, los derechos adquiridos por los participantes.<\/div>\n<div class=\"_2cuy _3dgx _2vxa\">4. Retirar la promoci\u00f3n en cualquier momento por causa justificada, notific\u00e1ndolo a los participantes a trav\u00e9s del muro del perfil de Facebook del Ayuntamiento de Atarfe.<\/div>\n<div class=\"_2cuy _3dgx _2vxa\">Facebook no patrocina, avala ni administra de modo alguno esta promoci\u00f3n, ni est\u00e1 asociado a ella. Est\u00e1s proporcionando tu informaci\u00f3n al Ayuntamiento de Atarfe y no a Facebook. Existe una desvinculaci\u00f3n total entre los participantes y la plataforma de Facebook. Cualquier pregunta, comentario o queja en relaci\u00f3n con la promoci\u00f3n debe remitirse al Ayuntamiento de Atarfe y no a Facebook.<\/div>\n<div class=\"_2cuy _3dgx _2vxa\">La participaci\u00f3n en esta promoci\u00f3n supone la aceptaci\u00f3n de todas las condiciones aqu\u00ed descritas.<\/div>\n<div class=\"_2cuy _3dgx _2vxa\"><\/div>\n<div class=\"_2cuy _3dgx _2vxa\"><span class=\"_5yi-\">Ayuntamiento de Atarfe<\/span><\/div>\n<\/div>\n<\/div>\n<\/div>\n<\/div>\n<\/div>\n<p>&nbsp;<\/p>\n<p><a href=\"https:\/\/i0.wp.com\/miradordeatarfe.es\/wp-content\/uploads\/2016\/04\/12963884_1068952843168585_1757221370074100169_n.jpg?ssl=1\" rel=\"attachment wp-att-8249\"><img data-recalc-dims=\"1\" loading=\"lazy\" decoding=\"async\" class=\"size-full wp-image-8249 aligncenter\" src=\"https:\/\/i0.wp.com\/miradordeatarfe.es\/wp-content\/uploads\/2016\/04\/12963884_1068952843168585_1757221370074100169_n.jpg?resize=280%2C394&#038;ssl=1\" alt=\"12963884_1068952843168585_1757221370074100169_n\" width=\"280\" height=\"394\" srcset=\"https:\/\/i0.wp.com\/miradordeatarfe.es\/wp-content\/uploads\/2016\/04\/12963884_1068952843168585_1757221370074100169_n.jpg?w=280&amp;ssl=1 280w, https:\/\/i0.wp.com\/miradordeatarfe.es\/wp-content\/uploads\/2016\/04\/12963884_1068952843168585_1757221370074100169_n.jpg?resize=213%2C300&amp;ssl=1 213w\" sizes=\"auto, (max-width: 280px) 100vw, 280px\" \/><\/a><\/p>\n<p>&nbsp;<\/p>\n<p>&nbsp;<\/p>\n","protected":false},"excerpt":{"rendered":"<p>Con motivo de la campa\u00f1a &#8216;Atarfe, limpia entre todos&#8217;, la Concejal\u00eda de Medio Ambiente ha&#8230;<\/p>\n","protected":false},"author":1,"featured_media":8250,"comment_status":"closed","ping_status":"closed","sticky":false,"template":"","format":"standard","meta":{"_coblocks_attr":"","_coblocks_dimensions":"","_coblocks_responsive_height":"","_coblocks_accordion_ie_support":"","jetpack_post_was_ever_published":false,"_jetpack_newsletter_access":"","_jetpack_dont_email_post_to_subs":false,"_jetpack_newsletter_tier_id":0,"_jetpack_memberships_contains_paywalled_content":false,"_jetpack_memberships_contains_paid_content":false,"footnotes":"","jetpack_publicize_message":"","jetpack_publicize_feature_enabled":true,"jetpack_social_post_already_shared":false,"jetpack_social_options":{"image_generator_settings":{"template":"highway","default_image_id":0,"enabled":false},"version":2}},"categories":[2,1161,44,15],"tags":[2173,1822],"class_list":["post-8248","post","type-post","status-publish","format-standard","has-post-thumbnail","hentry","category-atarfe","category-ciudadania","category-noticias-de-hoy","category-ultimas-noticias","tag-concurso","tag-perros"],"jetpack_publicize_connections":[],"jetpack_featured_media_url":"https:\/\/i0.wp.com\/miradordeatarfe.es\/wp-content\/uploads\/2016\/04\/538853_465492886817161_321940879_n.jpg?fit=403%2C403&ssl=1","jetpack_likes_enabled":true,"jetpack_sharing_enabled":true,"_links":{"self":[{"href":"https:\/\/miradordeatarfe.es\/index.php?rest_route=\/wp\/v2\/posts\/8248","targetHints":{"allow":["GET"]}}],"collection":[{"href":"https:\/\/miradordeatarfe.es\/index.php?rest_route=\/wp\/v2\/posts"}],"about":[{"href":"https:\/\/miradordeatarfe.es\/index.php?rest_route=\/wp\/v2\/types\/post"}],"author":[{"embeddable":true,"href":"https:\/\/miradordeatarfe.es\/index.php?rest_route=\/wp\/v2\/users\/1"}],"replies":[{"embeddable":true,"href":"https:\/\/miradordeatarfe.es\/index.php?rest_route=%2Fwp%2Fv2%2Fcomments&post=8248"}],"version-history":[{"count":1,"href":"https:\/\/miradordeatarfe.es\/index.php?rest_route=\/wp\/v2\/posts\/8248\/revisions"}],"predecessor-version":[{"id":8251,"href":"https:\/\/miradordeatarfe.es\/index.php?rest_route=\/wp\/v2\/posts\/8248\/revisions\/8251"}],"wp:featuredmedia":[{"embeddable":true,"href":"https:\/\/miradordeatarfe.es\/index.php?rest_route=\/wp\/v2\/media\/8250"}],"wp:attachment":[{"href":"https:\/\/miradordeatarfe.es\/index.php?rest_route=%2Fwp%2Fv2%2Fmedia&parent=8248"}],"wp:term":[{"taxonomy":"category","embeddable":true,"href":"https:\/\/miradordeatarfe.es\/index.php?rest_route=%2Fwp%2Fv2%2Fcategories&post=8248"},{"taxonomy":"post_tag","embeddable":true,"href":"https:\/\/miradordeatarfe.es\/index.php?rest_route=%2Fwp%2Fv2%2Ftags&post=8248"}],"curies":[{"name":"wp","href":"https:\/\/api.w.org\/{rel}","templated":true}]}}