{"id":82482,"date":"2026-03-10T09:21:15","date_gmt":"2026-03-10T08:21:15","guid":{"rendered":"https:\/\/miradordeatarfe.es\/?p=82482"},"modified":"2026-03-08T19:35:30","modified_gmt":"2026-03-08T18:35:30","slug":"tres-mujeres-tres-paises-y-una-crisis-global","status":"publish","type":"post","link":"https:\/\/miradordeatarfe.es\/?p=82482","title":{"rendered":"Tres mujeres, tres pa\u00edses y una crisis global"},"content":{"rendered":"<h3 style=\"text-align: justify;\">El mundo se rearma y la asistencia humanitaria se desploma. Tamanna, Hamada y Carmen Elena han sufrido la sacudida mundial en primera persona.<\/h3>\n<p style=\"text-align: justify;\">Como ellas, millones de mujeres del Sur Global reciben el latigazo de decisiones tomadas en despachos a miles de kil\u00f3metros. Tres c\u00f3mics y un denominador com\u00fan: ser mujer.<\/p>\n<p style=\"text-align: justify;\">Tamanna, Hamada y Carmen viven en tres pa\u00edses golpeados por la crisis sin precedentes que atraviesa el sector humanitario. Afganist\u00e1n, Nigeria y Colombia son apenas tres ejemplos del descomunal impacto del desplome de la financiaci\u00f3n internacional, que varias proyecciones <a title=\"https:\/\/www.thelancet.com\/action\/showPdf?pii=S2214-109X%2826%2900008-2\" href=\"https:\/\/www.thelancet.com\/action\/showPdf?pii=S2214-109X%2826%2900008-2\" target=\"_self\" rel=\"\" data-link-track-dtm=\"\" data-mrf-link=\"https:\/\/www.thelancet.com\/action\/showPdf?pii=S2214-109X%2826%2900008-2\">cifran en millones de muertos.<\/a><\/p>\n<p class=\"\" style=\"text-align: justify;\"><a title=\"https:\/\/elpais.com\/planeta-futuro\/2025-06-29\/la-tormenta-perfecta-de-deuda-recortes-de-ayuda-y-emergencia-climatica-que-asfixia-al-sur-global.html\" href=\"https:\/\/elpais.com\/planeta-futuro\/2025-06-29\/la-tormenta-perfecta-de-deuda-recortes-de-ayuda-y-emergencia-climatica-que-asfixia-al-sur-global.html\" target=\"_self\" rel=\"\" data-link-track-dtm=\"\" data-mrf-link=\"https:\/\/elpais.com\/planeta-futuro\/2025-06-29\/la-tormenta-perfecta-de-deuda-recortes-de-ayuda-y-emergencia-climatica-que-asfixia-al-sur-global.html\">Estados Unidos, junto a grandes donantes europeos como Reino Unido, Alemania o Francia<\/a> han optado por recortes salvajes en su ayuda al desarrollo. Cuando los dirigentes del mundo priorizan el rearme frente a la cooperaci\u00f3n, ellas son las m\u00e1s perjudicadas y por eso, este 8M, hemos querido poner el foco en las mujeres del Sur Global.<\/p>\n<p class=\"\" style=\"text-align: justify;\">Las historias de estas tres mujeres las han buscado y escrito tres reporteras de sus respectivos pa\u00edses. Despu\u00e9s, desde Par\u00eds, Nade, franco-iran\u00ed, se ha encargado de ilustrarlas y en Londres las hemos coordinado y editado. El que tienen entre manos es un proceso colaborativo, construido por mujeres y con el que hemos tratado de transmitir con la menor distorsi\u00f3n posible la realidad que asfixia millones de ellas en el mundo.<\/p>\n<div class=\"a_fts primero\" style=\"text-align: justify;\" data-dtm-region=\"articulo_sumarioenlaces-fototexto\">\n<section class=\"a_ft _g _g-md\">\n<figure class=\"a_ft_m a_m-h c_m--nf\"><a class=\"_db _pr\" href=\"https:\/\/elpais.com\/planeta-futuro\/2026-03-07\/1-afganistan-mujeres-prohibidas.html\" data-link-track-dtm=\"\" data-mrf-link=\"https:\/\/elpais.com\/planeta-futuro\/2026-03-07\/1-afganistan-mujeres-prohibidas.html\"><img data-recalc-dims=\"1\" loading=\"lazy\" decoding=\"async\" class=\"_re lazyload a_m-h\" src=\"https:\/\/i0.wp.com\/imagenes.elpais.com\/resizer\/v2\/3HRRJFJLQ5BPFEXIHF76MN7P3Y.jpg?resize=414%2C414&#038;ssl=1\" srcset=\"https:\/\/imagenes.elpais.com\/resizer\/v2\/3HRRJFJLQ5BPFEXIHF76MN7P3Y.jpg?auth=7758e19eca212e9208dc8fdb7aac24d257cb91c8d9cda084906bf8763433a640&amp;width=290&amp;height=290&amp;smart=true 290w,https:\/\/imagenes.elpais.com\/resizer\/v2\/3HRRJFJLQ5BPFEXIHF76MN7P3Y.jpg?auth=7758e19eca212e9208dc8fdb7aac24d257cb91c8d9cda084906bf8763433a640&amp;width=414&amp;height=414&amp;smart=true 414w\" alt=\"\" width=\"414\" height=\"414\" \/><\/a><\/figure>\n<div class=\"a_ft_txt\">\n<h2 class=\"a_ft_t\"><a href=\"https:\/\/elpais.com\/planeta-futuro\/2026-03-07\/1-afganistan-mujeres-prohibidas.html\" data-link-track-dtm=\"\" data-mrf-link=\"https:\/\/elpais.com\/planeta-futuro\/2026-03-07\/1-afganistan-mujeres-prohibidas.html\">AFGANIST\u00c1N: MUJERES PROHIBIDAS<\/a><\/h2>\n<div><a href=\"https:\/\/elpais.com\/planeta-futuro\/2026-03-07\/1-afganistan-mujeres-prohibidas.html\" data-link-track-dtm=\"\" data-mrf-link=\"https:\/\/elpais.com\/planeta-futuro\/2026-03-07\/1-afganistan-mujeres-prohibidas.html\">Ver c\u00f3mic&gt;<\/a><\/div>\n<\/div>\n<\/section>\n<\/div>\n<p class=\"\" style=\"text-align: justify;\"><b>Las reporteras:<\/b> Zohal Azad y Ghazal Mohammadi son los pesud\u00f3nimos de dos reporteras afganas. Forman parte de Rukhshana Media, una organizaci\u00f3n que informa desde la clandestinidad en Afganist\u00e1n sobre la brutal realidad de las mujeres y las ni\u00f1as desde la imposici\u00f3n del apartheid de g\u00e9nero por los talibanes tras su regreso al poder en 2021.<\/p>\n<section class=\"a_de primero\" data-dtm-region=\"articulo_sumarioenlaces-despiece\">\n<h2 class=\"a_de_t\">La protagonista<\/h2>\n<figure class=\"a_m a_de_m a_m-h c_m--nf\"><span class=\"a_m_w _db\"><img data-recalc-dims=\"1\" loading=\"lazy\" decoding=\"async\" class=\"_re lazyload a_m-h\" src=\"https:\/\/i0.wp.com\/cloudfront-eu-central-1.images.arcpublishing.com\/prisa\/UUOB426FSNCB3AFIKNORVJ3ZWE.jpg?resize=414%2C233&#038;ssl=1\" alt=\"\" width=\"414\" height=\"233\" \/><\/span><\/figure>\n<div class=\"a_de_txt\">\n<p><strong>Tamanna<\/strong> vive en Afganist\u00e1n, el \u00fanico pa\u00eds del mundo, donde la mitad de la poblaci\u00f3n, es decir las mujeres, no puede trabajar, educarse y ni siquiera cantar. Cuando una de las pocas opciones para las mujeres, trabajar en una ONG, dej\u00f3 de ser posible por falta de fondos internacionales, su vida se congel\u00f3.<\/p>\n<\/div>\n<\/section>\n<div class=\"a_fts segundo\" style=\"text-align: justify;\" data-dtm-region=\"articulo_sumarioenlaces-fototexto\">\n<section class=\"a_ft _g _g-md\">\n<figure class=\"a_ft_m a_m-h c_m--nf\"><a class=\"_db _pr\" href=\"https:\/\/elpais.com\/planeta-futuro\/2026-03-07\/2-nigeria-vivir-con-vih.html\" data-link-track-dtm=\"\" data-mrf-link=\"https:\/\/elpais.com\/planeta-futuro\/2026-03-07\/2-nigeria-vivir-con-vih.html\"><img data-recalc-dims=\"1\" loading=\"lazy\" decoding=\"async\" class=\"_re lazyload a_m-h\" src=\"https:\/\/i0.wp.com\/imagenes.elpais.com\/resizer\/v2\/KRHLW36UAFDL7BKMOYJHRPE63E.jpg?resize=414%2C414&#038;ssl=1\" srcset=\"https:\/\/imagenes.elpais.com\/resizer\/v2\/KRHLW36UAFDL7BKMOYJHRPE63E.jpg?auth=7af2d379cd72ebd65504126e8eed1735fa604eacb9d07740eaf3d1a9d3ddbccb&amp;width=290&amp;height=290&amp;smart=true 290w,https:\/\/imagenes.elpais.com\/resizer\/v2\/KRHLW36UAFDL7BKMOYJHRPE63E.jpg?auth=7af2d379cd72ebd65504126e8eed1735fa604eacb9d07740eaf3d1a9d3ddbccb&amp;width=414&amp;height=414&amp;smart=true 414w\" alt=\"\" width=\"414\" height=\"414\" \/><\/a><\/figure>\n<div class=\"a_ft_txt\">\n<h2 class=\"a_ft_t\"><a href=\"https:\/\/elpais.com\/planeta-futuro\/2026-03-07\/2-nigeria-vivir-con-vih.html\" data-link-track-dtm=\"\" data-mrf-link=\"https:\/\/elpais.com\/planeta-futuro\/2026-03-07\/2-nigeria-vivir-con-vih.html\">NIGERIA: DAR A LUZ CON VIH<\/a><\/h2>\n<div><a href=\"https:\/\/elpais.com\/planeta-futuro\/2026-03-07\/2-nigeria-vivir-con-vih.html\" data-link-track-dtm=\"\" data-mrf-link=\"https:\/\/elpais.com\/planeta-futuro\/2026-03-07\/2-nigeria-vivir-con-vih.html\">Ver c\u00f3mic&gt;<\/a><\/div>\n<\/div>\n<\/section>\n<\/div>\n<p class=\"\" style=\"text-align: justify;\"><b>La reportera:<\/b> Zubaida Baba Ibrahim es una periodista nigeriana que trabaja en Nigeria Health Watch y que trata de desafiar las narrativas convencionales a trav\u00e9s de historias multimedia. En su pa\u00eds, los recortes han golpeado con especial virulencia a las madres y las embarazadas.<\/p>\n<section class=\"a_de segundo\" data-dtm-region=\"articulo_sumarioenlaces-despiece\">\n<h2 class=\"a_de_t\">La protagonista<\/h2>\n<figure class=\"a_m a_de_m a_m-h c_m--nf\"><span class=\"a_m_w _db\"><img data-recalc-dims=\"1\" loading=\"lazy\" decoding=\"async\" class=\"_re lazyload a_m-h\" src=\"https:\/\/i0.wp.com\/cloudfront-eu-central-1.images.arcpublishing.com\/prisa\/3N5K5NW33VAQDA5DW5N3N2WVHY.jpg?resize=414%2C233&#038;ssl=1\" alt=\"\" width=\"414\" height=\"233\" \/><\/span><\/figure>\n<div class=\"a_de_txt\">\n<p><strong>Hamada<\/strong> vive con VIH en Nigeria, donde el estigma que acarrea la enfermedad la conden\u00f3 al ostracismo. Cuando en 2025, Estados Unidos desmantel\u00f3 USAID y decidi\u00f3 interrumpir el programa antirretrovirales que le permit\u00eda acceder a su tratamiento, el miedo la inund\u00f3.<\/p>\n<\/div>\n<\/section>\n<div class=\"a_fts tercero\" style=\"text-align: justify;\" data-dtm-region=\"articulo_sumarioenlaces-fototexto\">\n<section class=\"a_ft _g _g-md\">\n<figure class=\"a_ft_m a_m-h c_m--nf\"><a class=\"_db _pr\" href=\"https:\/\/elpais.com\/planeta-futuro\/2026-03-07\/3-colombia-madres-por-la-paz.html\" data-link-track-dtm=\"\" data-mrf-link=\"https:\/\/elpais.com\/planeta-futuro\/2026-03-07\/3-colombia-madres-por-la-paz.html\"><img data-recalc-dims=\"1\" loading=\"lazy\" decoding=\"async\" class=\"_re lazyload a_m-h\" src=\"https:\/\/i0.wp.com\/imagenes.elpais.com\/resizer\/v2\/RBEAGSOMDJELFKMRNKY76NFVHI.jpg?resize=414%2C414&#038;ssl=1\" srcset=\"https:\/\/imagenes.elpais.com\/resizer\/v2\/RBEAGSOMDJELFKMRNKY76NFVHI.jpg?auth=0db5972a26cd5e7a5ad67464f9ddba0dd54755aefee95176aa179fa995dd00ee&amp;width=290&amp;height=290&amp;smart=true 290w,https:\/\/imagenes.elpais.com\/resizer\/v2\/RBEAGSOMDJELFKMRNKY76NFVHI.jpg?auth=0db5972a26cd5e7a5ad67464f9ddba0dd54755aefee95176aa179fa995dd00ee&amp;width=414&amp;height=414&amp;smart=true 414w\" alt=\"\" width=\"414\" height=\"414\" \/><\/a><\/figure>\n<div class=\"a_ft_txt\">\n<h2 class=\"a_ft_t\"><a href=\"https:\/\/elpais.com\/planeta-futuro\/2026-03-07\/3-colombia-madres-por-la-paz.html\" data-link-track-dtm=\"\" data-mrf-link=\"https:\/\/elpais.com\/planeta-futuro\/2026-03-07\/3-colombia-madres-por-la-paz.html\">COLOMBIA: MADRES POR LA PAZ<\/a><\/h2>\n<div><a href=\"https:\/\/elpais.com\/planeta-futuro\/2026-03-07\/3-colombia-madres-por-la-paz.html\" data-link-track-dtm=\"\" data-mrf-link=\"https:\/\/elpais.com\/planeta-futuro\/2026-03-07\/3-colombia-madres-por-la-paz.html\">Ver c\u00f3mic&gt;<\/a><\/div>\n<\/div>\n<\/section>\n<\/div>\n<p class=\"\" style=\"text-align: justify;\"><b>La reportera:<\/b> Valentina Parada Lugo es periodista colombiana y\u202ftrabaja en la redacci\u00f3n de EL PA\u00cdS Am\u00e9rica en Bogot\u00e1.\u202fEscribe sobre\u202fconflicto armado interno, justicia y derechos humanos con especial atenci\u00f3n a las historias de mujeres en contextos de violencia.<\/p>\n<section class=\"a_de tercero\" data-dtm-region=\"articulo_sumarioenlaces-despiece\">\n<h2 class=\"a_de_t\">La protagonista<\/h2>\n<figure class=\"a_m a_de_m a_m-h c_m--nf\"><span class=\"a_m_w _db\"><img data-recalc-dims=\"1\" loading=\"lazy\" decoding=\"async\" class=\"_re lazyload a_m-h\" src=\"https:\/\/i0.wp.com\/cloudfront-eu-central-1.images.arcpublishing.com\/prisa\/V3GUWGS3XVB7FGMC43N4KMV6XU.jpg?resize=414%2C233&#038;ssl=1\" alt=\"\" width=\"414\" height=\"233\" \/><\/span><\/figure>\n<div class=\"a_de_txt\">\n<p><strong>Carmen Elena<\/strong> es una mujer colombiana que pelea por ofrecer un refugio a las madres que protegen a sus hijos de los grupos armados. Mataron a su marido y a su hermano y vive lejos de su hogar con otras mujeres golpeadas por la violencia de g\u00e9nero y los ataques guerrilleros.<\/p>\n<\/div>\n<\/section>\n<p class=\"\" style=\"text-align: justify;\">Las vidas de estas mujeres se truncaron de un d\u00eda para otro, cuando a miles de Kil\u00f3metros de sus casas, el presidente de Estados Unidos, <a title=\"https:\/\/elpais.com\/planeta-futuro\/2025-02-12\/las-mujeres-seran-las-mas-perjudicadas-con-el-desmantelamiento-de-usaid.html\" href=\"https:\/\/elpais.com\/planeta-futuro\/2025-02-12\/las-mujeres-seran-las-mas-perjudicadas-con-el-desmantelamiento-de-usaid.html\" target=\"_self\" rel=\"\" data-link-track-dtm=\"\" data-mrf-link=\"https:\/\/elpais.com\/planeta-futuro\/2025-02-12\/las-mujeres-seran-las-mas-perjudicadas-con-el-desmantelamiento-de-usaid.html\">Donald Trump, decidi\u00f3 fulminar USAID<\/a>, la agencia de cooperaci\u00f3n del mayor donante del mundo hace ahora un a\u00f1o. Son apenas un ejemplo de todas las que han sentido con virulencia el latigazo de esas decisiones en todo el mundo en los \u00faltimos meses.<\/p>\n<p class=\"\" style=\"text-align: justify;\">Las tres mujeres que aparecen en este especial, al igual que tantos otros beneficiarios de ayuda, no son sujetos pasivos a la espera de limosna. Son personas con sue\u00f1os y proyectos, a las que su geograf\u00eda y su condici\u00f3n de mujer las ha condenado a la vulnerabilidad.<\/p>\n<div id=\"elpais_gpt-MPU2\" class=\"pbs-a-c ad-loaded\" style=\"text-align: justify;\" data-google-query-id=\"CIm8yLn1kJMDFbnlDQkdY5gPcA\">\n<div id=\"google_ads_iframe_7811748\/elpais_web\/especiales\/planeta-futuro_5__container__\">\u00a0<\/div>\n<\/div>\n<p class=\"\" style=\"text-align: justify;\"><a title=\"https:\/\/elpais.com\/planeta-futuro\/2025-12-03\/el-ano-que-viene-estaremos-aqui-contando-muertos-los-fondos-para-ayuda-humanitaria-mermaron-peligrosamente-debido-a-los-recortes.html\" href=\"https:\/\/elpais.com\/planeta-futuro\/2025-12-03\/el-ano-que-viene-estaremos-aqui-contando-muertos-los-fondos-para-ayuda-humanitaria-mermaron-peligrosamente-debido-a-los-recortes.html\" target=\"_self\" rel=\"\" data-link-track-dtm=\"\" data-mrf-link=\"https:\/\/elpais.com\/planeta-futuro\/2025-12-03\/el-ano-que-viene-estaremos-aqui-contando-muertos-los-fondos-para-ayuda-humanitaria-mermaron-peligrosamente-debido-a-los-recortes.html\">Porque cuando el imperativo moral de la ayuda humanitaria vigente durante d\u00e9cadas se derrumba<\/a> y el conflicto se impone a la cooperaci\u00f3n, ellas son las m\u00e1s perjudicadas. Primero, porque la tasa de pobreza es mayor entre las mujeres y necesitan por tanto m\u00e1s la asistencia humanitaria, pero sobre todo, porque gran parte de la cooperaci\u00f3n se ocupa de asuntos de los que a menudo, sus gobiernos se desentienden; entre ellos la salud materno-infantil, la planificaci\u00f3n familiar o los programas de violencia contra las mujeres. Pero adem\u00e1s, cuando las crisis arrecian, las ni\u00f1as son las primeras a las que sus familias sacan de la escuela para trabajar o acaban vendidas o prostituidas. Y cuando no llegan los fondos para la salud y los enfermos no se curan, las mujeres suelen asumir los cuidados, abandonando sus proyectos de vida y hasta su propia salud.<\/p>\n<p class=\"\" style=\"text-align: justify;\">Un dato sirve para entender la gravedad del momento actual: <a title=\"https:\/\/elpais.com\/planeta-futuro\/2025-12-04\/la-mortalidad-infantil-vuelve-a-subir-en-2025-por-primera-vez-en-25-anos-debido-en-parte-a-los-recortes-de-la-ayuda-al-desarrollo.html\" href=\"https:\/\/elpais.com\/planeta-futuro\/2025-12-04\/la-mortalidad-infantil-vuelve-a-subir-en-2025-por-primera-vez-en-25-anos-debido-en-parte-a-los-recortes-de-la-ayuda-al-desarrollo.html\" target=\"_self\" rel=\"\" data-link-track-dtm=\"\" data-mrf-link=\"https:\/\/elpais.com\/planeta-futuro\/2025-12-04\/la-mortalidad-infantil-vuelve-a-subir-en-2025-por-primera-vez-en-25-anos-debido-en-parte-a-los-recortes-de-la-ayuda-al-desarrollo.html\">2025 es el a\u00f1o en el que la mortalidad infantil<\/a> ha vuelto a crecer por primera vez en 25 a\u00f1os, en parte debido a la falta de recursos para las embarazadas. \u201cLo que vemos ahora es el impacto inmediato. El largo plazo va a ser devastador\u201d, vaticina Kellie Leeson, de la <a title=\"https:\/\/www.womensrefugeecommission.org\/research-resources\/year-of-harms\/\" href=\"https:\/\/www.womensrefugeecommission.org\/research-resources\/year-of-harms\/\" target=\"_self\" rel=\"\" data-link-track-dtm=\"\" data-mrf-link=\"https:\/\/www.womensrefugeecommission.org\/research-resources\/year-of-harms\/\">Women\u2019s Refugee Commission<\/a>, cuya organizaci\u00f3n ha elaborado un detallado estudio del impacto de los recortes un a\u00f1o despu\u00e9s. En \u00e9l, detallan por ejemplo que con el desmantelamiento de USAID se suprimi\u00f3 el 94% de los fondos estadounidenses destinados a salud sexual y reproductiva. <a title=\"https:\/\/www.guttmacher.org\/article\/2025\/10\/ripple-effects-us-retreat-international-reproductive-care\" href=\"https:\/\/www.guttmacher.org\/article\/2025\/10\/ripple-effects-us-retreat-international-reproductive-care\" target=\"_self\" rel=\"\" data-link-track-dtm=\"\" data-mrf-link=\"https:\/\/www.guttmacher.org\/article\/2025\/10\/ripple-effects-us-retreat-international-reproductive-care\">El Guttmacher Institute<\/a> cifra en 17 millones los embarazos no deseados fruto de los recortes en apenas un a\u00f1o.<\/p>\n<p class=\"\" style=\"text-align: justify;\">El recorte de fondos de cooperaci\u00f3n <a title=\"https:\/\/elpais.com\/planeta-futuro\/2025-04-11\/adios-al-salvador-blanco-descolonizar-la-ayuda-al-desarrollo-en-tiempos-de-recortes-y-populismos.html\" href=\"https:\/\/elpais.com\/planeta-futuro\/2025-04-11\/adios-al-salvador-blanco-descolonizar-la-ayuda-al-desarrollo-en-tiempos-de-recortes-y-populismos.html\" target=\"_self\" rel=\"\" data-link-track-dtm=\"\" data-mrf-link=\"https:\/\/elpais.com\/planeta-futuro\/2025-04-11\/adios-al-salvador-blanco-descolonizar-la-ayuda-al-desarrollo-en-tiempos-de-recortes-y-populismos.html\">ha dado pie a una reflexi\u00f3n profunda <\/a>sobre la ayuda humanitaria y la cooperaci\u00f3n, que parte de la premisa de que no son ni mucho menos la panacea. Son parte de un sistema imperfecto, que genera dependencia, refleja a menudo las prioridades de los donantes y que desde hace a\u00f1os pide a gritos una reforma profunda. Pero interrumpir la ayuda de forma abrupta sin tiempo para poner en pie alternativas de autosuficiencia, aboca a los pa\u00edses m\u00e1s vulnerables a la cat\u00e1strofe humanitaria y pone en peligro avances en salud global logrados durante d\u00e9cadas, que nos afectan a todos.<\/p>\n<h3 style=\"text-align: justify;\"><a class=\"a_md_a_n\" title=\"Ver todas las noticias de Ana Carbajosa\" href=\"https:\/\/elpais.com\/autor\/ana-carbajosa\/#?rel=author_top\" data-mrf-link=\"https:\/\/elpais.com\/autor\/ana-carbajosa\/\"><strong>Ana Carbajosa<\/strong><\/a><strong><span class=\"a_md_a_n\">, Nade. <\/span><span class=\"a_md_a_n\">Zohal Azad. <\/span><span class=\"a_md_a_n\">Ghazal Mohammadi. <\/span><span class=\"a_md_a_n\">Zubaida Baba Ibrahim, <\/span><\/strong><span class=\"a_md_a_n\"><strong>Valentina Parada Lugo<\/strong> <\/span><\/h3>\n<p>https:\/\/elpais.com\/planeta-futuro\/2026-03-07\/tres-mujeres-tres-paises-y-una-crisis-global.html<\/p>\n<p>&nbsp;<\/p>\n","protected":false},"excerpt":{"rendered":"<p>El mundo se rearma y la asistencia humanitaria se desploma. Tamanna, Hamada y Carmen Elena&#8230;<\/p>\n","protected":false},"author":1,"featured_media":82483,"comment_status":"closed","ping_status":"closed","sticky":false,"template":"","format":"standard","meta":{"_coblocks_attr":"","_coblocks_dimensions":"","_coblocks_responsive_height":"","_coblocks_accordion_ie_support":"","jetpack_post_was_ever_published":false,"_jetpack_newsletter_access":"","_jetpack_dont_email_post_to_subs":false,"_jetpack_newsletter_tier_id":0,"_jetpack_memberships_contains_paywalled_content":false,"_jetpack_memberships_contains_paid_content":false,"footnotes":"","jetpack_publicize_message":"","jetpack_publicize_feature_enabled":true,"jetpack_social_post_already_shared":true,"jetpack_social_options":{"image_generator_settings":{"template":"highway","default_image_id":0,"enabled":false},"version":2}},"categories":[14,44,6937],"tags":[],"class_list":["post-82482","post","type-post","status-publish","format-standard","has-post-thumbnail","hentry","category-feminismo","category-noticias-de-hoy","category-sociedad"],"jetpack_publicize_connections":[],"jetpack_featured_media_url":"https:\/\/miradordeatarfe.es\/wp-content\/uploads\/2026\/03\/IZOTIMU3CNH5HMEKQUWK7LCGKY.avif","jetpack_likes_enabled":true,"jetpack_sharing_enabled":true,"_links":{"self":[{"href":"https:\/\/miradordeatarfe.es\/index.php?rest_route=\/wp\/v2\/posts\/82482","targetHints":{"allow":["GET"]}}],"collection":[{"href":"https:\/\/miradordeatarfe.es\/index.php?rest_route=\/wp\/v2\/posts"}],"about":[{"href":"https:\/\/miradordeatarfe.es\/index.php?rest_route=\/wp\/v2\/types\/post"}],"author":[{"embeddable":true,"href":"https:\/\/miradordeatarfe.es\/index.php?rest_route=\/wp\/v2\/users\/1"}],"replies":[{"embeddable":true,"href":"https:\/\/miradordeatarfe.es\/index.php?rest_route=%2Fwp%2Fv2%2Fcomments&post=82482"}],"version-history":[{"count":1,"href":"https:\/\/miradordeatarfe.es\/index.php?rest_route=\/wp\/v2\/posts\/82482\/revisions"}],"predecessor-version":[{"id":82484,"href":"https:\/\/miradordeatarfe.es\/index.php?rest_route=\/wp\/v2\/posts\/82482\/revisions\/82484"}],"wp:featuredmedia":[{"embeddable":true,"href":"https:\/\/miradordeatarfe.es\/index.php?rest_route=\/wp\/v2\/media\/82483"}],"wp:attachment":[{"href":"https:\/\/miradordeatarfe.es\/index.php?rest_route=%2Fwp%2Fv2%2Fmedia&parent=82482"}],"wp:term":[{"taxonomy":"category","embeddable":true,"href":"https:\/\/miradordeatarfe.es\/index.php?rest_route=%2Fwp%2Fv2%2Fcategories&post=82482"},{"taxonomy":"post_tag","embeddable":true,"href":"https:\/\/miradordeatarfe.es\/index.php?rest_route=%2Fwp%2Fv2%2Ftags&post=82482"}],"curies":[{"name":"wp","href":"https:\/\/api.w.org\/{rel}","templated":true}]}}