{"id":82485,"date":"2026-03-12T11:38:24","date_gmt":"2026-03-12T10:38:24","guid":{"rendered":"https:\/\/miradordeatarfe.es\/?p=82485"},"modified":"2026-03-09T16:58:28","modified_gmt":"2026-03-09T15:58:28","slug":"atarfe-granada-con-mirada-de-mujer","status":"publish","type":"post","link":"https:\/\/miradordeatarfe.es\/?p=82485","title":{"rendered":"ATARFE: \u00a1Granada con mirada de mujer!"},"content":{"rendered":"<h3 style=\"text-align: justify;\">El pr\u00f3ximo 19 de marzo te invitamos a descubrir Granada desde una perspectiva diferente: la historia de las mujeres que dejaron huella en la pol\u00edtica, la cultura y la vida social de nuestra ciudad.<\/h3>\n<p style=\"text-align: justify;\">Un recorrido para resaltar la vida y la historia de algunas de las mujeres m\u00e1s influyentes de Granada.\u00a0Desde reinas, escritoras o lavanderas, hasta hero\u00ednas y religiosas, mujeres que desempe\u00f1aron papeles esenciales en la pol\u00edtica, la cultura y la vida social de Granada<\/p>\n<p style=\"text-align: justify;\">Un recorrido que nos descubrir\u00e1 a mujeres desde el siglo XIII al XIX.\u00a0Sus vidas, marcadas por la valent\u00eda, el esfuerzo y su dedicaci\u00f3n, dejaron un legado de lucha y sacrificio que merece ser reconocido y recordado.<\/p>\n<p style=\"text-align: justify;\">Figuras tan conocidas e imprescindibles en nuestra historia como Mariana Pineda, Isabel La Cat\u00f3lica o Mar\u00eda Zayas y otras no tan conocidas como las lavanderas, Aixa, F\u00e1tima Bint Al-Ahmar o Agustina Gonz\u00e1lez.<\/p>\n<p style=\"text-align: justify;\">Mujeres que nunca dejan de sorprendernos.\u00a0Un tour que nos invita a reflexionar sobre la importancia de recuperar la memoria de mujeres que, aunque silenciadas por la historia, dejaron una huella imborrable en Granada.<\/p>\n<p style=\"text-align: justify;\"><strong>Visibilizar a nuestras mujeres del pasado es hacer que ellas tambi\u00e9n hagan historia<\/strong><\/p>\n<h3 style=\"text-align: justify;\"><strong>JUEVES 19 DE MARZO<\/strong><\/h3>\n<p><strong>&#8211; Salida: 09:00 h desde el Centro Cultural<\/strong><br \/>\n<strong>&#8211; Vuelta: 14:00 h<\/strong><br \/>\n<strong>&#8211; Inscripciones: Centro Cultural Medina Elvira<\/strong><br \/>\n<strong>&#8211; Plazas limitadas<\/strong><\/p>\n<p>&nbsp;<\/p>\n","protected":false},"excerpt":{"rendered":"<p>El pr\u00f3ximo 19 de marzo te invitamos a descubrir Granada desde una perspectiva diferente: la&#8230;<\/p>\n","protected":false},"author":1,"featured_media":82486,"comment_status":"closed","ping_status":"closed","sticky":false,"template":"","format":"standard","meta":{"_coblocks_attr":"","_coblocks_dimensions":"","_coblocks_responsive_height":"","_coblocks_accordion_ie_support":"","jetpack_post_was_ever_published":false,"_jetpack_newsletter_access":"","_jetpack_dont_email_post_to_subs":false,"_jetpack_newsletter_tier_id":0,"_jetpack_memberships_contains_paywalled_content":false,"_jetpack_memberships_contains_paid_content":false,"footnotes":"","jetpack_publicize_message":"","jetpack_publicize_feature_enabled":true,"jetpack_social_post_already_shared":true,"jetpack_social_options":{"image_generator_settings":{"template":"highway","default_image_id":0,"enabled":false},"version":2}},"categories":[12,14,186,44],"tags":[],"class_list":["post-82485","post","type-post","status-publish","format-standard","has-post-thumbnail","hentry","category-cultura","category-feminismo","category-instituciones","category-noticias-de-hoy"],"jetpack_publicize_connections":[],"jetpack_featured_media_url":"https:\/\/i0.wp.com\/miradordeatarfe.es\/wp-content\/uploads\/2026\/03\/gw4ahsqbudf4wr2z6cg3qx6ih4.jpeg?fit=1960%2C1202&ssl=1","jetpack_likes_enabled":true,"jetpack_sharing_enabled":true,"_links":{"self":[{"href":"https:\/\/miradordeatarfe.es\/index.php?rest_route=\/wp\/v2\/posts\/82485","targetHints":{"allow":["GET"]}}],"collection":[{"href":"https:\/\/miradordeatarfe.es\/index.php?rest_route=\/wp\/v2\/posts"}],"about":[{"href":"https:\/\/miradordeatarfe.es\/index.php?rest_route=\/wp\/v2\/types\/post"}],"author":[{"embeddable":true,"href":"https:\/\/miradordeatarfe.es\/index.php?rest_route=\/wp\/v2\/users\/1"}],"replies":[{"embeddable":true,"href":"https:\/\/miradordeatarfe.es\/index.php?rest_route=%2Fwp%2Fv2%2Fcomments&post=82485"}],"version-history":[{"count":1,"href":"https:\/\/miradordeatarfe.es\/index.php?rest_route=\/wp\/v2\/posts\/82485\/revisions"}],"predecessor-version":[{"id":82487,"href":"https:\/\/miradordeatarfe.es\/index.php?rest_route=\/wp\/v2\/posts\/82485\/revisions\/82487"}],"wp:featuredmedia":[{"embeddable":true,"href":"https:\/\/miradordeatarfe.es\/index.php?rest_route=\/wp\/v2\/media\/82486"}],"wp:attachment":[{"href":"https:\/\/miradordeatarfe.es\/index.php?rest_route=%2Fwp%2Fv2%2Fmedia&parent=82485"}],"wp:term":[{"taxonomy":"category","embeddable":true,"href":"https:\/\/miradordeatarfe.es\/index.php?rest_route=%2Fwp%2Fv2%2Fcategories&post=82485"},{"taxonomy":"post_tag","embeddable":true,"href":"https:\/\/miradordeatarfe.es\/index.php?rest_route=%2Fwp%2Fv2%2Ftags&post=82485"}],"curies":[{"name":"wp","href":"https:\/\/api.w.org\/{rel}","templated":true}]}}