{"id":82521,"date":"2026-03-11T11:19:52","date_gmt":"2026-03-11T10:19:52","guid":{"rendered":"https:\/\/miradordeatarfe.es\/?p=82521"},"modified":"2026-03-09T21:01:25","modified_gmt":"2026-03-09T20:01:25","slug":"atarfe-marina-heredia-la-raza-dolida","status":"publish","type":"post","link":"https:\/\/miradordeatarfe.es\/?p=82521","title":{"rendered":"ATARFE: Marina Heredia, la raza dolida"},"content":{"rendered":"<h2 class=\"v-a-sub-t \" style=\"text-align: justify;\">La granadina reivindica al pueblo gitano en su espect\u00e1culo &#8216;En Libertad&#8217; en el Centro Cultural Medina Elvira de Atarfe<\/h2>\n<p class=\"v-p\" style=\"text-align: justify;\">\u00ab\u00a1Somos la raza maltratada y odiada, reprimida y dolida!\u00bb, como una reivindicaci\u00f3n hist\u00f3rica comenz\u00f3 a sonar este alegato en las tablas del Centro Cultural <span class=\"paywall pw-open\">Medina Elvira de Atarfe este pasado s\u00e1bado, en el sentido espect\u00e1culo &#8216;\u00a1En Libertad! El camino de los gitanos&#8217; de la cantaora granadina Marina Heredia. Una obra ya presentada el 18 de septiembre de 2025, junto a la Orquesta de Granada, en el Palacio de Carlos V, dentro de la programaci\u00f3n de la primera Bienal de Granada, para conmemorar los 600 a\u00f1os de presencia gitana en Espa\u00f1a. &#8216;Somos la raza maltratada y odiada, reprimida y dolida&#8217; es el grito de libertad que se levanta desde el fondo de la cueva, desde lo alto de los carromatos, desde la hoguera compartida, para decirnos una vez m\u00e1s (como supo decirnos Mario Maya, Pepe Heredia, Salvador T\u00e1bora o El Lebrijano) que no hay ciudadanos de segunda, que ya est\u00e1 bien de portar el estigma de la marginalidad.<\/span><\/p>\n<div class=\"paywall\" data-mrf-recirculation=\"Link art\u00edculos\">\n<p class=\"v-p\" style=\"text-align: justify;\">Quiz\u00e1 el teatro, recogido e \u00edntimo, sea un lugar m\u00e1s apropiado para mostrar este canto al pueblo gitano, que no el escenario al aire libre. El parco escenario tan solo luc\u00eda una silla de anea con un bast\u00f3n de patriarca en el centro; a la derecha, la rueda de un carro, motivo de su bandera; y a la izquierda, el infame traje rayado de preso en los campos de exterminio nazi (donde se estima que fueron asesinados entre 250.000 y 500.000 gitanos). Del techo colgaban diez cazos de cobre, hermanando la funci\u00f3n con el Sacromonte.<\/p>\n<p class=\"v-p\" style=\"text-align: justify;\"><strong>La mejor de su generaci\u00f3n<\/strong><\/p>\n<p class=\"v-p\" style=\"text-align: justify;\">Al tema de presentaci\u00f3n siguieron unas alegr\u00edas, mostrando a pesar de todo el buen talante del pueblo gitano. Marina pelea el cante y domina el grito. Hoy por hoy, quiz\u00e1s sea la mejor cantaora de su generaci\u00f3n del panorama nacional. En cada ayeo, en cada tercio, no solo se advierte la entrega y el trabajo, sino la firme creencia en su mensaje, el dolor de lo pasado y la alegr\u00eda de la esperanza. Un caos musical nos adentra en una &#8216;Pesadilla&#8217;, que desemboca en una nana, hasta que el &#8216;oripand\u00f3&#8217; se enciende por buler\u00edas. La mejor Marina la encontramos en los tangos del Camino, que llegan a tener marchamo propio.<\/p>\n<p class=\"v-p\" style=\"text-align: justify;\">Un solo de guitarra de Jos\u00e9 Quevedo &#8216;Bolita&#8217; muy aplaudido, nos deja con el piano de Pablo Su\u00e1rez y la percusi\u00f3n de Paquito Gonz\u00e1lez, acompa\u00f1ando a la cantaora en una bella canci\u00f3n, que da paso a la Mosca, la danza picante con que acaba el ceremonial de la zambra sacromontana. Tras otra canci\u00f3n, como de culto, una farruca dedicada a Manolete muestra, a su final, el roce de una voz tomada por la alergia. Un detalle que tan solo sirve para mostrar la humanidad de una cantaora que ya se codea con los \u00e1ngeles.<\/p>\n<p class=\"v-p\" style=\"text-align: justify;\">Hay que destacar a estas alturas la labor de los palmeros: Diego Montoya, Manuela Moya y Carmela Gil, que dimensionan y popularizan el cante. Las dos palmeras aportan en solitario por buler\u00edas antes que la protagonista remate por todo lo alto y termine en cupl\u00e9, con &#8216;Compromiso&#8217; y &#8216;Se nos rompi\u00f3 el amor&#8217;, acerc\u00e1ndose m\u00e1s a las de Utrera que a la Jurado. Termina el espect\u00e1culo por rumbas, dedicadas a Juan de Egipto, primer gitano que arrib\u00f3 a la Pen\u00ednsula.<\/p>\n<p class=\"v-p\" style=\"text-align: justify;\">Un cante ideal para cerrar, acompa\u00f1ado por el baile de Marina y las palmas del respetable.<\/p>\n<p><strong>Jorge Fern\u00e1ndez Bustos<\/strong><\/p>\n<p>FOTO: <span class=\"v-fc__t\">Marina Heredia, durante la actuaci\u00f3n.<\/span> <span class=\"v-fc__p\">J. F. Bustos<\/span><\/p>\n<p>https:\/\/www.ideal.es\/culturas\/marina-heredia-raza-dolida-20260309192328-nt.html<\/p>\n<\/div>\n","protected":false},"excerpt":{"rendered":"<p>La granadina reivindica al pueblo gitano en su espect\u00e1culo &#8216;En Libertad&#8217; en el Centro Cultural&#8230;<\/p>\n","protected":false},"author":1,"featured_media":82522,"comment_status":"closed","ping_status":"closed","sticky":false,"template":"","format":"standard","meta":{"_coblocks_attr":"","_coblocks_dimensions":"","_coblocks_responsive_height":"","_coblocks_accordion_ie_support":"","jetpack_post_was_ever_published":false,"_jetpack_newsletter_access":"","_jetpack_dont_email_post_to_subs":false,"_jetpack_newsletter_tier_id":0,"_jetpack_memberships_contains_paywalled_content":false,"_jetpack_memberships_contains_paid_content":false,"footnotes":"","jetpack_publicize_message":"","jetpack_publicize_feature_enabled":true,"jetpack_social_post_already_shared":true,"jetpack_social_options":{"image_generator_settings":{"template":"highway","default_image_id":0,"enabled":false},"version":2}},"categories":[1161,186,44],"tags":[],"class_list":["post-82521","post","type-post","status-publish","format-standard","has-post-thumbnail","hentry","category-ciudadania","category-instituciones","category-noticias-de-hoy"],"jetpack_publicize_connections":[],"jetpack_featured_media_url":"https:\/\/i0.wp.com\/miradordeatarfe.es\/wp-content\/uploads\/2026\/03\/marina-heredia-kJRF-U201091374392d5E-1200x840%40Ideal.webp?fit=1200%2C840&ssl=1","jetpack_likes_enabled":true,"jetpack_sharing_enabled":true,"_links":{"self":[{"href":"https:\/\/miradordeatarfe.es\/index.php?rest_route=\/wp\/v2\/posts\/82521","targetHints":{"allow":["GET"]}}],"collection":[{"href":"https:\/\/miradordeatarfe.es\/index.php?rest_route=\/wp\/v2\/posts"}],"about":[{"href":"https:\/\/miradordeatarfe.es\/index.php?rest_route=\/wp\/v2\/types\/post"}],"author":[{"embeddable":true,"href":"https:\/\/miradordeatarfe.es\/index.php?rest_route=\/wp\/v2\/users\/1"}],"replies":[{"embeddable":true,"href":"https:\/\/miradordeatarfe.es\/index.php?rest_route=%2Fwp%2Fv2%2Fcomments&post=82521"}],"version-history":[{"count":1,"href":"https:\/\/miradordeatarfe.es\/index.php?rest_route=\/wp\/v2\/posts\/82521\/revisions"}],"predecessor-version":[{"id":82523,"href":"https:\/\/miradordeatarfe.es\/index.php?rest_route=\/wp\/v2\/posts\/82521\/revisions\/82523"}],"wp:featuredmedia":[{"embeddable":true,"href":"https:\/\/miradordeatarfe.es\/index.php?rest_route=\/wp\/v2\/media\/82522"}],"wp:attachment":[{"href":"https:\/\/miradordeatarfe.es\/index.php?rest_route=%2Fwp%2Fv2%2Fmedia&parent=82521"}],"wp:term":[{"taxonomy":"category","embeddable":true,"href":"https:\/\/miradordeatarfe.es\/index.php?rest_route=%2Fwp%2Fv2%2Fcategories&post=82521"},{"taxonomy":"post_tag","embeddable":true,"href":"https:\/\/miradordeatarfe.es\/index.php?rest_route=%2Fwp%2Fv2%2Ftags&post=82521"}],"curies":[{"name":"wp","href":"https:\/\/api.w.org\/{rel}","templated":true}]}}