{"id":82524,"date":"2026-03-14T08:40:24","date_gmt":"2026-03-14T07:40:24","guid":{"rendered":"https:\/\/miradordeatarfe.es\/?p=82524"},"modified":"2026-03-11T12:31:24","modified_gmt":"2026-03-11T11:31:24","slug":"el-apagon-tecnologico-de-ee-uu-que-amenaza-con-asfixiar-a-la-economia-espanola","status":"publish","type":"post","link":"https:\/\/miradordeatarfe.es\/?p=82524","title":{"rendered":"El \u00abapag\u00f3n tecnol\u00f3gico\u00bb de EE UU que amenaza con asfixiar a la econom\u00eda espa\u00f1ola"},"content":{"rendered":"<h3 class=\"v-a-sub-t \" style=\"text-align: justify;\">La dependencia de chips e IA de empresas americanas pone en jaque a sectores tan esenciales como la defensa o la automoci\u00f3n<\/h3>\n<p class=\"v-p\" style=\"text-align: justify;\">La principal vulnerabilidad de la econom\u00eda espa\u00f1ola frente a Estados Unidos no est\u00e1 <a title=\"en el comercio ni en la energ\u00eda\" href=\"https:\/\/www.ideal.es\/economia\/conflicto-oriente-medio-dispara-precio-carburantes-maximos-20260305121519-ntrc.html\" data-voc-vtm-id=\"in-text-traffic\" data-mrf-link=\"https:\/\/www.ideal.es\/economia\/conflicto-oriente-medio-dispara-precio-carburantes-maximos-20260305121519-ntrc.html\">en el comercio ni en la energ\u00eda<\/a>, sino en su fuerte <span class=\"paywall pw-open\">dependencia de sistemas cr\u00edticos y capacidades tecnol\u00f3gicas desarrolladas al otro lado del Atl\u00e1ntico. La tensi\u00f3n diplom\u00e1tica entre ambos pa\u00edses ha vuelto a poner ese riesgo sobre la mesa despu\u00e9s de que el presidente estadounidense, Donald Trump, <a title=\"amenazara con \u00ab\u00bfEmbargos?\" href=\"https:\/\/www.ideal.es\/nacional\/acercamiento-pp-pnv-desata-criticas-vox-20260305120831-ntrc.html\" data-voc-vtm-id=\"in-text-traffic\" data-mrf-link=\"https:\/\/www.ideal.es\/nacional\/acercamiento-pp-pnv-desata-criticas-vox-20260305120831-ntrc.html\">amenazara con \u00ab\u00bfEmbargos?<\/a> Podemos hacerlo con Espa\u00f1a\u00bb tras la negativa del Gobierno a permitir el uso de las bases de Mor\u00f3n y Rota para atacar Ir\u00e1n.<\/span><\/p>\n<div class=\"paywall\" data-mrf-recirculation=\"Link art\u00edculos\">\n<p class=\"v-p\" style=\"text-align: justify;\">Las primeras preocupaciones <a title=\"se centraron en el sector agroalimentario\" href=\"https:\/\/www.ideal.es\/economia\/alarma-campo-ante-tension-iran-amenaza-disparar-20260305154829-ntrc.html\" data-voc-vtm-id=\"in-text-traffic\" data-mrf-link=\"https:\/\/www.ideal.es\/economia\/alarma-campo-ante-tension-iran-amenaza-disparar-20260305154829-ntrc.html\">se centraron en el sector agroalimentario<\/a>. \u00abSon los que van a sufrir el impacto m\u00e1s a corto plazo\u00bb, explica a este peri\u00f3dico la exsecretaria de Estado de Comercio, Marisa Poncela. El aceite de oliva y el vino figuran entre los productos espa\u00f1oles m\u00e1s demandados por los consumidores estadounidenses y, entre ambos, suman alrededor de 1.300 millones de euros en exportaciones.<\/p>\n<div class=\"v-c-cmp v-c-cmp--t1 v-c-cmp--ab-s\" style=\"text-align: justify;\">\n<div class=\"v-cmp-smy\">\n<div class=\"v-a v-a--cmp-smy  \">\n<div class=\"v-a-info-c\">\n<div class=\"v-a-pre-t\"><strong><span class=\"v-a-pre-t__p\">Dependencia tecnol\u00f3gica<\/span><\/strong><\/div>\n<h3 class=\"v-a-t\">Espa\u00f1a depende de tecnolog\u00eda estadounidense en \u00e1reas estrat\u00e9gicas como defensa, software, semiconductores y sistemas cr\u00edticos, una vulnerabilidad que preocupa a expertos<\/h3>\n<\/div>\n<\/div>\n<\/div>\n<\/div>\n<p class=\"v-p\" style=\"text-align: justify;\">El sector energ\u00e9tico tambi\u00e9n expres\u00f3 su inquietud por una posible interrupci\u00f3n de las importaciones de gas natural y crudo procedentes de Estados Unidos. Seg\u00fan fuentes de la industria, una restricci\u00f3n podr\u00eda poner en riesgo cerca del 45% del suministro energ\u00e9tico espa\u00f1ol.<\/p>\n<p class=\"v-p\" style=\"text-align: justify;\">Sin embargo, para Poncela el problema es m\u00e1s profundo. \u00abNo somos conscientes de que somos importadores netos de su tecnolog\u00eda\u00bb, advierte. Un eventual bloqueo de sistemas digitales o componentes cr\u00edticos por parte de Washington tendr\u00eda efectos inmediatos en sectores estrat\u00e9gicos.\u00a0<\/p>\n<div class=\"v-c-cmp v-c-cmp--t1 v-c-cmp--ab-m\" style=\"text-align: justify;\">\n<div class=\"v-cmp-rld v-cmp-rld--2 \">\n<div class=\"v-cnt-m v-cnt-m--xs\">\n<div class=\"v-cnt-m__c\">\n<div class=\"v-cnt-m__w v-cnt-m__w--1\">\n<div class=\"v-a  v-a--cmp-rld v-a--cmp-rld-2 v-a--p-l\">\n<div class=\"v-a-info-c \">\n<h4 class=\"v-a-t\">La vulnerabilidad es especialmente evidente en el \u00e1mbito de la defensa. Espa\u00f1a depende en gran medida de tecnolog\u00eda desarrollada en EE UU, desde patentes estrat\u00e9gicas hasta software especializado o equipamiento militar avanzado. Un veto que limitara el acceso a semiconductores o servicios tecnol\u00f3gicos pondr\u00eda en riesgo sistemas claves para el funcionamiento de las capacidades militares, provocando lo que algunos expertos describen como un repentino \u00abapag\u00f3n satelital\u00bb y un vac\u00edo en el flujo de inteligencia compartida.<\/h4>\n<\/div>\n<\/div>\n<\/div>\n<\/div>\n<\/div>\n<\/div>\n<\/div>\n<p class=\"v-p\" style=\"text-align: justify;\">Pero el impacto no se limitar\u00eda al \u00e1mbito militar. La imposibilidad de acceder a componentes esenciales o a servicios tecnol\u00f3gicos estadounidenses pondr\u00eda en riesgo la operatividad de sistemas cr\u00edticos en numerosos sectores.<\/p>\n<div class=\"v-c-cmp v-c-cmp--t1 v-c-cmp--ab-s\" style=\"text-align: justify;\">\n<div class=\"v-cmp-smy\">\n<div class=\"v-a v-a--cmp-smy  \">\n<div class=\"v-a-info-c\">\n<div class=\"v-a-pre-t\"><strong><span class=\"v-a-pre-t__p\">Infraestructura digital<\/span><\/strong><\/div>\n<h3 class=\"v-a-t\">Empresas de EE UU controlan gran parte de los servicios cloud, la infraestructura inform\u00e1tica y el flujo de datos sobre el que funciona la econom\u00eda europea<\/h3>\n<\/div>\n<\/div>\n<\/div>\n<\/div>\n<p class=\"v-p\" style=\"text-align: justify;\">El economista Jos\u00e9 Mar\u00eda Rotellar advierte de la magnitud de esa dependencia. \u00abDependemos tecnol\u00f3gicamente especialmente en la parte de defensa y en la inteligencia militar\u00bb, se\u00f1ala, aunque el impacto retumbar\u00eda en toda la econom\u00eda. \u00abCualquier elemento de cualquier empresa tecnol\u00f3gica que preste servicios a una empresa espa\u00f1ola podr\u00eda quedar paralizado\u00bb, advierte. Como ejemplo, cita la posibilidad de \u00abprohibir a Nvidia destinar semiconductores o sus chips a empresas espa\u00f1olas\u00bb, una medida que cerrar\u00eda el acceso a componentes claves para sectores tecnol\u00f3gicos e industriales.<\/p>\n<p class=\"v-p\" style=\"text-align: justify;\">Pero no se trata solo de hardware. Estos mismos chips son tambi\u00e9n la base de los sistemas de IA, cuyo desarrollo depende de enormes capacidades de computaci\u00f3n y de infraestructuras cloud. Limitar el acceso a estos procesadores no solo afectar\u00eda a la industria tecnol\u00f3gica, sino tambi\u00e9n a empresas que est\u00e1n incorporando herramientas de IA en \u00e1mbitos como la banca, la log\u00edstica o la automoci\u00f3n.<\/p>\n<div class=\"v-c-cmp v-n-mrg\" style=\"text-align: justify;\">\n<h3 class=\"v-cmp-suh\">Atrapados en la nube<\/h3>\n<\/div>\n<p class=\"v-p\" style=\"text-align: justify;\">Pero la dependencia no termina en los chips. Tambi\u00e9n se extiende a la infraestructura digital sobre la que funciona buena parte de la econom\u00eda europea. Seg\u00fan estimaciones basadas en datos del Europarlamento, cerca del 70% del mercado europeo de servicios en la nube est\u00e1 gestionado por empresas estadounidenses tan importantes como Amazon, Microsoft o Google.<\/p>\n<p class=\"v-p\" style=\"text-align: justify;\">Adem\u00e1s, alrededor del 80% de la infraestructura digital utilizada en Europa depende tambi\u00e9n de compa\u00f1\u00edas americanas, y distintos an\u00e1lisis estiman que hasta el 90 % de los datos digitales europeos pasa por sistemas gestionados por empresas estadounidenses. Una debilidad estructural que confirma Poncela: \u00abNosotros somos importadores netos de tecnolog\u00eda americana y ah\u00ed s\u00ed que nos pueden poner trabas\u00bb.<\/p>\n<div class=\"v-c-cmp v-c-cmp--t1 v-c-cmp--ab-s\" style=\"text-align: justify;\">\n<div class=\"v-cmp-smy\">\n<div class=\"v-a v-a--cmp-smy  \">\n<div class=\"v-a-info-c\">\n<div class=\"v-a-pre-t\"><strong><span class=\"v-a-pre-t__p\">Riesgo industrial<\/span><\/strong><\/div>\n<h3 class=\"v-a-t\">Un eventual bloqueo de chips o servicios tecnol\u00f3gicos como los relacionados con la inteligencia artificial podr\u00eda paralizar sectores claves como la automoci\u00f3n o la econom\u00eda digital<\/h3>\n<\/div>\n<\/div>\n<\/div>\n<\/div>\n<p class=\"v-p\" style=\"text-align: justify;\">El impacto potencial de una restricci\u00f3n tecnol\u00f3gica ser\u00eda especialmente visible en sectores industriales claves. Entre ellos figura la automoci\u00f3n, uno de los pilares industriales del pa\u00eds cuya producci\u00f3n depende de forma cr\u00edtica del suministro de semiconductores y componentes electr\u00f3nicos avanzados.<\/p>\n<p class=\"v-p\" style=\"text-align: justify;\">Un bloqueo en el acceso a estos chips podr\u00eda estrangular el ensamblaje en un momento ya delicado para el sector. En 2025 las ventas mundiales de autom\u00f3viles registraron una ca\u00edda del 7,1% y los componentes retrocedieron un 10%. Un cierre en el suministro de estos componentes dejar\u00eda paralizados numerosos servicios tecnol\u00f3gicos. Seg\u00fan Rotellar, \u00abese apag\u00f3n empobrecer\u00eda la econom\u00eda\u00bb<\/p>\n<p><a href=\"https:\/\/www.ideal.es\/autor\/jose-a-gonzalez-4817.html\" data-mrf-link=\"https:\/\/www.ideal.es\/autor\/jose-a-gonzalez-4817.html\"><strong>Jos\u00e9 A. Gonz\u00e1lez<\/strong><\/a><\/p>\n<p><span class=\"v-fc__t\">FOTO: Un sat\u00e9lite sobre la Tierra<\/span><\/p>\n<p>https:\/\/www.ideal.es\/economia\/apagon-tecnologico-amenaza-asfixiar-economia-espanola-20260309165633-ntrc.html<\/p>\n<div class=\"v-a v-a--d v-a--d-b v-a--p-b\"><span id=\"photo-zoom-in-mainImage\"><\/span><\/p>\n<div class=\"v-a-info-c \">\u00a0<\/div>\n<\/div>\n<div class=\"v-d v-d--ab-c v-d--b\" data-mrf-recirculation=\"Links articulo\">\n<div class=\"v-mdl-ath \" data-mrf-recirculation=\"Autor\">\n<div class=\"v-mdl-ath__c v-mdl-ath__c--1\">\n<div class=\"v-mdl-ath__img-c\">\u00a0<\/div>\n<div class=\"v-mdl-ath__inf\">\n<p class=\"v-mdl-ath__p v-mdl-ath__p--2\">\u00a0<\/p>\n<\/div>\n<\/div>\n<\/div>\n<\/div>\n<\/div>\n","protected":false},"excerpt":{"rendered":"<p>La dependencia de chips e IA de empresas americanas pone en jaque a sectores tan&#8230;<\/p>\n","protected":false},"author":1,"featured_media":82525,"comment_status":"closed","ping_status":"closed","sticky":false,"template":"","format":"standard","meta":{"_coblocks_attr":"","_coblocks_dimensions":"","_coblocks_responsive_height":"","_coblocks_accordion_ie_support":"","jetpack_post_was_ever_published":false,"_jetpack_newsletter_access":"","_jetpack_dont_email_post_to_subs":false,"_jetpack_newsletter_tier_id":0,"_jetpack_memberships_contains_paywalled_content":false,"_jetpack_memberships_contains_paid_content":false,"footnotes":"","jetpack_publicize_message":"","jetpack_publicize_feature_enabled":true,"jetpack_social_post_already_shared":true,"jetpack_social_options":{"image_generator_settings":{"template":"highway","default_image_id":0,"enabled":false},"version":2}},"categories":[10797,1161,10803,44],"tags":[],"class_list":["post-82524","post","type-post","status-publish","format-standard","has-post-thumbnail","hentry","category-ciencia","category-ciudadania","category-europa","category-noticias-de-hoy"],"jetpack_publicize_connections":[],"jetpack_featured_media_url":"https:\/\/i0.wp.com\/miradordeatarfe.es\/wp-content\/uploads\/2026\/03\/SATELITE-kcKD-U2010863995288BC-1200x840%40RC.webp?fit=1200%2C840&ssl=1","jetpack_likes_enabled":true,"jetpack_sharing_enabled":true,"_links":{"self":[{"href":"https:\/\/miradordeatarfe.es\/index.php?rest_route=\/wp\/v2\/posts\/82524","targetHints":{"allow":["GET"]}}],"collection":[{"href":"https:\/\/miradordeatarfe.es\/index.php?rest_route=\/wp\/v2\/posts"}],"about":[{"href":"https:\/\/miradordeatarfe.es\/index.php?rest_route=\/wp\/v2\/types\/post"}],"author":[{"embeddable":true,"href":"https:\/\/miradordeatarfe.es\/index.php?rest_route=\/wp\/v2\/users\/1"}],"replies":[{"embeddable":true,"href":"https:\/\/miradordeatarfe.es\/index.php?rest_route=%2Fwp%2Fv2%2Fcomments&post=82524"}],"version-history":[{"count":1,"href":"https:\/\/miradordeatarfe.es\/index.php?rest_route=\/wp\/v2\/posts\/82524\/revisions"}],"predecessor-version":[{"id":82526,"href":"https:\/\/miradordeatarfe.es\/index.php?rest_route=\/wp\/v2\/posts\/82524\/revisions\/82526"}],"wp:featuredmedia":[{"embeddable":true,"href":"https:\/\/miradordeatarfe.es\/index.php?rest_route=\/wp\/v2\/media\/82525"}],"wp:attachment":[{"href":"https:\/\/miradordeatarfe.es\/index.php?rest_route=%2Fwp%2Fv2%2Fmedia&parent=82524"}],"wp:term":[{"taxonomy":"category","embeddable":true,"href":"https:\/\/miradordeatarfe.es\/index.php?rest_route=%2Fwp%2Fv2%2Fcategories&post=82524"},{"taxonomy":"post_tag","embeddable":true,"href":"https:\/\/miradordeatarfe.es\/index.php?rest_route=%2Fwp%2Fv2%2Ftags&post=82524"}],"curies":[{"name":"wp","href":"https:\/\/api.w.org\/{rel}","templated":true}]}}