{"id":82527,"date":"2026-03-10T11:00:02","date_gmt":"2026-03-10T10:00:02","guid":{"rendered":"https:\/\/miradordeatarfe.es\/?p=82527"},"modified":"2026-03-10T13:42:38","modified_gmt":"2026-03-10T12:42:38","slug":"atarfe-victoria-de-caracter-del-seat-vigilsa-cab-atarfe-en-vera-58-60","status":"publish","type":"post","link":"https:\/\/miradordeatarfe.es\/?p=82527","title":{"rendered":"ATARFE: Victoria de car\u00e1cter del Seat Vigilsa CAB Atarfe en Vera (58-60)"},"content":{"rendered":"<h3 style=\"text-align: justify;\">El Seat Vigilsa CAB Atarfe logr\u00f3 una trabajada victoria este pasado s\u00e1bado en tierras almerienses tras imponerse por 58-60 al Ciudad de Vera en un partido muy exigente.<\/h3>\n<p style=\"text-align: justify;\">El conjunto atarfe\u00f1o comenz\u00f3 el encuentro lejos de su mejor versi\u00f3n. El equipo sali\u00f3 dormido y nunca termin\u00f3 de encontrarse c\u00f3modo sobre la cancha, sin dominar el juego en ataque y, sobre todo, mostrando muchas dificultades en defensa, lo que permiti\u00f3 al conjunto local anotar con demasiada facilidad.<\/p>\n<p style=\"text-align: justify;\">Con el paso de los minutos, el equipo verde se fue diluyendo y el marcador lleg\u00f3 a reflejar una desventaja de hasta 17 puntos para los visitantes, que parec\u00edan tener el partido muy cuesta arriba.<\/p>\n<p style=\"text-align: justify;\">Sin embargo, tras el descanso lleg\u00f3 la reacci\u00f3n. En el tercer cuarto el equipo experiment\u00f3 un cambio radical en su juego. Fiel a su car\u00e1cter competitivo, el CAB Atarfe nunca dej\u00f3 de creer y fue recortando diferencias gracias a varias buenas acciones colectivas que le permitieron meterse de lleno en el encuentro.<\/p>\n<p style=\"text-align: justify;\">En un final muy igualado, el conjunto atarfe\u00f1o consigui\u00f3 culminar la remontada y llevarse un triunfo de enorme m\u00e9rito por 58-60.<\/p>\n<p style=\"text-align: justify;\">En el apartado individual destac\u00f3 la actuaci\u00f3n de Julio Torres, que firm\u00f3 un partido espectacular con 17 puntos y 15 rebotes, alcanzando 28 de valoraci\u00f3n y convirti\u00e9ndose en el jugador m\u00e1s destacado del encuentro.<\/p>\n<p style=\"text-align: justify;\">El conjunto atarfe\u00f1o afronta ahora una semana exigente con doble compromiso. <strong>El s\u00e1bado recibir\u00e1 al CB Ja\u00e9n a las 19:00 horas en el Pabell\u00f3n 1\u00ba de Mayo, mientras que el domingo a las 20:30 recuperar\u00e1 la jornada aplazada en tierras malague\u00f1as frente al Unicaja M\u00e1laga, segundo clasificado,<\/strong> en lo que apunta a ser uno de los partidos m\u00e1s atractivos de la jornada.<\/p>\n","protected":false},"excerpt":{"rendered":"<p>El Seat Vigilsa CAB Atarfe logr\u00f3 una trabajada victoria este pasado s\u00e1bado en tierras almerienses&#8230;<\/p>\n","protected":false},"author":1,"featured_media":82528,"comment_status":"closed","ping_status":"closed","sticky":false,"template":"","format":"standard","meta":{"_coblocks_attr":"","_coblocks_dimensions":"","_coblocks_responsive_height":"","_coblocks_accordion_ie_support":"","jetpack_post_was_ever_published":false,"_jetpack_newsletter_access":"","_jetpack_dont_email_post_to_subs":false,"_jetpack_newsletter_tier_id":0,"_jetpack_memberships_contains_paywalled_content":false,"_jetpack_memberships_contains_paid_content":false,"footnotes":"","jetpack_publicize_message":"","jetpack_publicize_feature_enabled":true,"jetpack_social_post_already_shared":true,"jetpack_social_options":{"image_generator_settings":{"template":"highway","default_image_id":0,"enabled":false},"version":2}},"categories":[10807,182,186,44],"tags":[],"class_list":["post-82527","post","type-post","status-publish","format-standard","has-post-thumbnail","hentry","category-cab-atarfe","category-deportes","category-instituciones","category-noticias-de-hoy"],"jetpack_publicize_connections":[],"jetpack_featured_media_url":"https:\/\/i0.wp.com\/miradordeatarfe.es\/wp-content\/uploads\/2026\/03\/DSC08295-scaled.jpg?fit=2560%2C1707&ssl=1","jetpack_likes_enabled":true,"jetpack_sharing_enabled":true,"_links":{"self":[{"href":"https:\/\/miradordeatarfe.es\/index.php?rest_route=\/wp\/v2\/posts\/82527","targetHints":{"allow":["GET"]}}],"collection":[{"href":"https:\/\/miradordeatarfe.es\/index.php?rest_route=\/wp\/v2\/posts"}],"about":[{"href":"https:\/\/miradordeatarfe.es\/index.php?rest_route=\/wp\/v2\/types\/post"}],"author":[{"embeddable":true,"href":"https:\/\/miradordeatarfe.es\/index.php?rest_route=\/wp\/v2\/users\/1"}],"replies":[{"embeddable":true,"href":"https:\/\/miradordeatarfe.es\/index.php?rest_route=%2Fwp%2Fv2%2Fcomments&post=82527"}],"version-history":[{"count":1,"href":"https:\/\/miradordeatarfe.es\/index.php?rest_route=\/wp\/v2\/posts\/82527\/revisions"}],"predecessor-version":[{"id":82529,"href":"https:\/\/miradordeatarfe.es\/index.php?rest_route=\/wp\/v2\/posts\/82527\/revisions\/82529"}],"wp:featuredmedia":[{"embeddable":true,"href":"https:\/\/miradordeatarfe.es\/index.php?rest_route=\/wp\/v2\/media\/82528"}],"wp:attachment":[{"href":"https:\/\/miradordeatarfe.es\/index.php?rest_route=%2Fwp%2Fv2%2Fmedia&parent=82527"}],"wp:term":[{"taxonomy":"category","embeddable":true,"href":"https:\/\/miradordeatarfe.es\/index.php?rest_route=%2Fwp%2Fv2%2Fcategories&post=82527"},{"taxonomy":"post_tag","embeddable":true,"href":"https:\/\/miradordeatarfe.es\/index.php?rest_route=%2Fwp%2Fv2%2Ftags&post=82527"}],"curies":[{"name":"wp","href":"https:\/\/api.w.org\/{rel}","templated":true}]}}