{"id":82530,"date":"2026-03-11T10:20:41","date_gmt":"2026-03-11T09:20:41","guid":{"rendered":"https:\/\/miradordeatarfe.es\/?p=82530"},"modified":"2026-03-11T13:56:58","modified_gmt":"2026-03-11T12:56:58","slug":"la-persistente-exigencia-del-8m","status":"publish","type":"post","link":"https:\/\/miradordeatarfe.es\/?p=82530","title":{"rendered":"La persistente exigencia del 8M"},"content":{"rendered":"<h3 style=\"text-align: justify;\">El feminismo reivindica la igualdad como motor para el avance de la democracia en un contexto de regresi\u00f3n y guerra<\/h3>\n<p class=\"\" style=\"text-align: justify;\">Las mujeres <a title=\"https:\/\/elpais.com\/sociedad\/dia-de-la-mujer\/2026-03-08\/el-feminismo-antifascista-y-en-contra-de-la-guerra-se-echa-a-las-calles-en-el-8m.html\" href=\"https:\/\/elpais.com\/sociedad\/dia-de-la-mujer\/2026-03-08\/el-feminismo-antifascista-y-en-contra-de-la-guerra-se-echa-a-las-calles-en-el-8m.html\" target=\"_self\" rel=\"\" data-link-track-dtm=\"\" data-mrf-link=\"https:\/\/elpais.com\/sociedad\/dia-de-la-mujer\/2026-03-08\/el-feminismo-antifascista-y-en-contra-de-la-guerra-se-echa-a-las-calles-en-el-8m.html\">salieron ayer a las calles para celebrar el 8M<\/a>, una jornada que cada a\u00f1o justifica su necesidad para reflexionar sobre el lugar de las mujeres en nuestra sociedad: felicitarse por lo alcanzado, denunciar y reivindicar lo que falta. Miles de personas se manifestaron en las ciudades de Espa\u00f1a, en una reivindicaci\u00f3n que no fue ajena al momento pol\u00edtico nacional y mundial. El movimiento sac\u00f3 a la calle el antifascismo, ante el ascenso de la extrema derecha <a title=\"https:\/\/elpais.com\/sociedad\/2025-09-04\/la-manosfera-saca-pecho-en-el-congreso-de-la-mano-de-vox-si-se-crea-odio-entre-hombres-y-mujeres-destruyes-una-nacion.html\" href=\"https:\/\/elpais.com\/sociedad\/2025-09-04\/la-manosfera-saca-pecho-en-el-congreso-de-la-mano-de-vox-si-se-crea-odio-entre-hombres-y-mujeres-destruyes-una-nacion.html\" target=\"_self\" rel=\"\" data-link-track-dtm=\"\" data-mrf-link=\"https:\/\/elpais.com\/sociedad\/2025-09-04\/la-manosfera-saca-pecho-en-el-congreso-de-la-mano-de-vox-si-se-crea-odio-entre-hombres-y-mujeres-destruyes-una-nacion.html\">que amenaza con revertir los avances en igualdad<\/a>, y el pacifismo, ante el contexto de escalada b\u00e9lica. A pesar de las divisiones, las manifestaciones masivas fueron una nueva demostraci\u00f3n de vigor en un pa\u00eds donde hace apenas medio siglo las mujeres no pod\u00edan abrir una cuenta bancaria sin permiso de sus maridos y ha sido su empe\u00f1o el que ha sacado adelante leyes que han convertido el pa\u00eds en un referente internacional. En Espa\u00f1a, el feminismo ha demostrado ser una fuerza esencial de progreso.<\/p>\n<p class=\"\" style=\"text-align: justify;\">Pero como se grit\u00f3 en las calles ayer, <a title=\"https:\/\/elpais.com\/economia\/2026-02-09\/la-brecha-salarial-se-estanca-en-el-20-y-la-mitad-obedece-al-mayor-empleo-parcial-femenino.html\" href=\"https:\/\/elpais.com\/economia\/2026-02-09\/la-brecha-salarial-se-estanca-en-el-20-y-la-mitad-obedece-al-mayor-empleo-parcial-femenino.html\" target=\"_self\" rel=\"\" data-link-track-dtm=\"\" data-mrf-link=\"https:\/\/elpais.com\/economia\/2026-02-09\/la-brecha-salarial-se-estanca-en-el-20-y-la-mitad-obedece-al-mayor-empleo-parcial-femenino.html\">la igualdad legal no ha eliminado la brecha real<\/a>: los hombres ganan de media un 20% m\u00e1s que las mujeres; el 75% de los contratos a tiempo parcial son de trabajadoras, y dos millones de mujeres no trabajan porque asumen el cuidado de familiares. En 2025 se denunciaron cada d\u00eda 53 agresiones sexuales; 2,7 millones de espa\u00f1olas han vivido violencia f\u00edsica o sexual de su pareja o expareja; han muerto 1.351 mujeres asesinadas por violencia machista desde 2003; solo en lo que va de a\u00f1o, 10 mujeres y 2 ni\u00f1os. El 65% de las personas atendidas por C\u00e1ritas son mujeres. Nunca ha habido una mujer al frente de alguno de los dos grandes partidos. Solo el 17,5% de las empresas creadas en 2025 fueron fundadas por mujeres (menos que el a\u00f1o anterior) y <a title=\"https:\/\/elpais.com\/economia\/2026-03-06\/la-presencia-de-mujeres-en-puestos-directivos-cae-al-243-aunque-mejora-en-los-consejos-de-administracion.html\" href=\"https:\/\/elpais.com\/economia\/2026-03-06\/la-presencia-de-mujeres-en-puestos-directivos-cae-al-243-aunque-mejora-en-los-consejos-de-administracion.html\" target=\"_self\" rel=\"\" data-link-track-dtm=\"\" data-mrf-link=\"https:\/\/elpais.com\/economia\/2026-03-06\/la-presencia-de-mujeres-en-puestos-directivos-cae-al-243-aunque-mejora-en-los-consejos-de-administracion.html\">la presencia femenina en puestos directivos ha bajado al 24,3%<\/a>. Aunque las juezas son m\u00e1s de la mitad de la carrera judicial, no ocupan ni la cuarta parte de los cargos de designaci\u00f3n discrecional.<\/p>\n<p class=\"\" style=\"text-align: justify;\">La igualdad avanza muy despacio. Pero lo m\u00e1s preocupante hoy no es la lentitud, sino el riesgo de retroceso. El antifeminismo est\u00e1 cada vez m\u00e1s presente en el discurso p\u00fablico y la idealizaci\u00f3n de un pasado oscuro para las mujeres se extiende por las redes sociales, <a title=\"https:\/\/elpais.com\/sociedad\/2026-03-05\/las-mujeres-jovenes-no-se-alejan-de-la-ultraderecha-solo-se-acercan-a-ritmo-mas-lento-que-los-hombres.html\" href=\"https:\/\/elpais.com\/sociedad\/2026-03-05\/las-mujeres-jovenes-no-se-alejan-de-la-ultraderecha-solo-se-acercan-a-ritmo-mas-lento-que-los-hombres.html\" target=\"_self\" rel=\"\" data-link-track-dtm=\"\" data-mrf-link=\"https:\/\/elpais.com\/sociedad\/2026-03-05\/las-mujeres-jovenes-no-se-alejan-de-la-ultraderecha-solo-se-acercan-a-ritmo-mas-lento-que-los-hombres.html\">a trav\u00e9s de las cuales cala sobre todo entre los m\u00e1s j\u00f3venes<\/a>.<\/p>\n<p class=\"\" style=\"text-align: justify;\">Tampoco han estado este a\u00f1o a la altura de las mujeres las instituciones encargadas de revertir estas realidades: altos cargos policiales aterrorizando a subordinadas; diputados tratando a mujeres como mercanc\u00eda; partidos acallando las denuncias por acoso contra destacados dirigentes; fallos de pulseras telem\u00e1ticas para la protecci\u00f3n de las v\u00edctimas de maltrato que fueron ignorados por el Ministerio de Igualdad; ocultaci\u00f3n de resultados de c\u00e1ncer de mama en Andaluc\u00eda para \u201cno preocupar\u201d a las pacientes\u2026 Son fallas en el sistema inaceptables, como lo es que seis mujeres asesinadas este a\u00f1o s\u00ed hab\u00edan denunciado a sus agresores. Las mujeres que alzan la voz quedan expuestas a todo tipo de violencias, ya sea en los casos p\u00fablicos como en la escala laboral o familiar. No basta con las leyes, hacen falta voluntad y recursos para cumplirlas, canales de denuncia seguros y mucha pedagog\u00eda.<\/p>\n<p class=\"\" style=\"text-align: justify;\">La sociedad debe reflexionar sobre las maneras de conquistar la igualdad real. Las posturas reaccionarias han adquirido un protagonismo in\u00e9dito en lo que va de siglo y el feminismo tiene la oportunidad de reivindicarse como fuerza de transformaci\u00f3n para hombres y mujeres. Como el cambio poderoso que simboliza el rostro descubierto de Gis\u00e8le Pelicot y sus inspiradoras palabras para las v\u00edctimas del machismo: \u201cNo teng\u00e1is verg\u00fcenza. No teng\u00e1is miedo\u201d.<\/p>\n<p>EL PAIS EDITORIAL<\/p>\n<p>FOTO: Manifestaci\u00f3n por el D\u00eda Internacional de las Mujeres en Sevilla, este domingo. <span class=\"a_m_m\">PACO PUENTES<\/span><\/p>\n<p>https:\/\/elpais.com\/opinion\/2026-03-09\/la-persistente-exigencia-del-8m.html<\/p>\n","protected":false},"excerpt":{"rendered":"<p>El feminismo reivindica la igualdad como motor para el avance de la democracia en un&#8230;<\/p>\n","protected":false},"author":1,"featured_media":82531,"comment_status":"closed","ping_status":"closed","sticky":false,"template":"","format":"standard","meta":{"_coblocks_attr":"","_coblocks_dimensions":"","_coblocks_responsive_height":"","_coblocks_accordion_ie_support":"","jetpack_post_was_ever_published":false,"_jetpack_newsletter_access":"","_jetpack_dont_email_post_to_subs":false,"_jetpack_newsletter_tier_id":0,"_jetpack_memberships_contains_paywalled_content":false,"_jetpack_memberships_contains_paid_content":false,"footnotes":"","jetpack_publicize_message":"","jetpack_publicize_feature_enabled":true,"jetpack_social_post_already_shared":true,"jetpack_social_options":{"image_generator_settings":{"template":"highway","default_image_id":0,"enabled":false},"version":2}},"categories":[1161,14,186,44],"tags":[],"class_list":["post-82530","post","type-post","status-publish","format-standard","has-post-thumbnail","hentry","category-ciudadania","category-feminismo","category-instituciones","category-noticias-de-hoy"],"jetpack_publicize_connections":[],"jetpack_featured_media_url":"https:\/\/miradordeatarfe.es\/wp-content\/uploads\/2026\/03\/WKRD4JVFAFHSDO4LLI6Z274MOA.avif","jetpack_likes_enabled":true,"jetpack_sharing_enabled":true,"_links":{"self":[{"href":"https:\/\/miradordeatarfe.es\/index.php?rest_route=\/wp\/v2\/posts\/82530","targetHints":{"allow":["GET"]}}],"collection":[{"href":"https:\/\/miradordeatarfe.es\/index.php?rest_route=\/wp\/v2\/posts"}],"about":[{"href":"https:\/\/miradordeatarfe.es\/index.php?rest_route=\/wp\/v2\/types\/post"}],"author":[{"embeddable":true,"href":"https:\/\/miradordeatarfe.es\/index.php?rest_route=\/wp\/v2\/users\/1"}],"replies":[{"embeddable":true,"href":"https:\/\/miradordeatarfe.es\/index.php?rest_route=%2Fwp%2Fv2%2Fcomments&post=82530"}],"version-history":[{"count":1,"href":"https:\/\/miradordeatarfe.es\/index.php?rest_route=\/wp\/v2\/posts\/82530\/revisions"}],"predecessor-version":[{"id":82532,"href":"https:\/\/miradordeatarfe.es\/index.php?rest_route=\/wp\/v2\/posts\/82530\/revisions\/82532"}],"wp:featuredmedia":[{"embeddable":true,"href":"https:\/\/miradordeatarfe.es\/index.php?rest_route=\/wp\/v2\/media\/82531"}],"wp:attachment":[{"href":"https:\/\/miradordeatarfe.es\/index.php?rest_route=%2Fwp%2Fv2%2Fmedia&parent=82530"}],"wp:term":[{"taxonomy":"category","embeddable":true,"href":"https:\/\/miradordeatarfe.es\/index.php?rest_route=%2Fwp%2Fv2%2Fcategories&post=82530"},{"taxonomy":"post_tag","embeddable":true,"href":"https:\/\/miradordeatarfe.es\/index.php?rest_route=%2Fwp%2Fv2%2Ftags&post=82530"}],"curies":[{"name":"wp","href":"https:\/\/api.w.org\/{rel}","templated":true}]}}