{"id":82533,"date":"2026-03-10T10:26:47","date_gmt":"2026-03-10T09:26:47","guid":{"rendered":"https:\/\/miradordeatarfe.es\/?p=82533"},"modified":"2026-03-09T16:59:07","modified_gmt":"2026-03-09T15:59:07","slug":"manu-sanchez-reivindica-la-sanidad-publica-en-lo-de-evole","status":"publish","type":"post","link":"https:\/\/miradordeatarfe.es\/?p=82533","title":{"rendered":"Manu S\u00e1nchez reivindica la sanidad p\u00fablica en \u2018Lo de \u00c9vole\u2019"},"content":{"rendered":"<h3 class=\"a_t\" style=\"text-align: justify;\">\u201cSoy incapaz de hacer la cuenta de lo que yo le he costado al sistema con mi tratamiento contra el c\u00e1ncer\u201d\u00a0 El c\u00f3mico andaluz se encontr\u00f3 con el comunicador catal\u00e1n en Sevilla para hablar de enfermedad y de lucha de clases<\/h3>\n<p class=\"\" style=\"text-align: justify;\">La entrevista del humorista <a title=\"https:\/\/verne.elpais.com\/verne\/2020\/01\/20\/articulo\/1579515958_901965.html\" href=\"https:\/\/verne.elpais.com\/verne\/2020\/01\/20\/articulo\/1579515958_901965.html\" target=\"_self\" rel=\"\" data-link-track-dtm=\"\" data-mrf-link=\"https:\/\/verne.elpais.com\/verne\/2020\/01\/20\/articulo\/1579515958_901965.html\">Manu S\u00e1nchez<\/a> en <a title=\"https:\/\/elpais.com\/noticias\/jordi-evole\/\" href=\"https:\/\/elpais.com\/noticias\/jordi-evole\/\" target=\"_self\" rel=\"\" data-link-track-dtm=\"\" data-mrf-link=\"https:\/\/elpais.com\/noticias\/jordi-evole\/\"><i>Lo de \u00c9vole<\/i><\/a> dio un gran resultado este domingo a La sexta. Alcanz\u00f3 un gran 11,4% de cuota de pantallas, con una media de 1.438.000 espectadores. Se trata del segundo programa m\u00e1s visto de la temporada. El andaluz, exparticipante de <i>Tu cara me suena<\/i>, se abri\u00f3 en canal durante su encuentro, grabado en la Cartuja Center CITE de Sevilla ante 2.000 personas.<\/p>\n<p class=\"\" style=\"text-align: justify;\">S\u00e1nchez y \u00c9vole hablaron de enfermedad (el c\u00e1ncer del primero, que tiene desde 2023, y la catalepsia del segundo), de televisi\u00f3n y de lucha de clases.<\/p>\n<p class=\"\" style=\"text-align: justify;\">El humorista se reafirm\u00f3 en sus opiniones pol\u00edticas tras haber disfrutado de un costoso tratamiento en la sanidad p\u00fablica. \u201cYo cre\u00eda en el reparto de la riqueza antes de estos dos \u00faltimos a\u00f1os. Pod\u00eda decir que pagaba la mitad de lo que gano en un acto de generosidad. \u00bfSabes lo que digo ahora? Que soy incapaz de hacer la cuenta de lo que yo le he costado al sistema en estos dos \u00faltimos a\u00f1os\u201d, defendi\u00f3.<\/p>\n<p class=\"\" style=\"text-align: justify;\">Tras confesar que cuenta con una buena posici\u00f3n econ\u00f3mica, el andaluz defendi\u00f3 ante \u00c9vole \u201cun socialismo de yate y chal\u00e9\u201c. \u201dYo trabajo mucho, pago el m\u00e1ximo de impuestos y con lo que me sobra me compro lo que me da la gana\u201c, dice, al tiempo que recuerda que no vota a la izquierda por inter\u00e9s propio, ya que es un voto que a t\u00edtulo personal no le conviene. \u201cSi no te cuesta dinero, no son principios\u201d, argument\u00f3. \u201cTodos tenemos que tener derecho a las gambas, hay gente de la derecha que se cree que las gambas solo son para ellos\u201d.<\/p>\n<div id=\"sum_twitter\" class=\"a_em _df\" style=\"text-align: justify;\" data-oembed-type=\"twitter\">\n<div class=\"twitter-tweet twitter-tweet-rendered\"><iframe id=\"twitter-widget-0\" class=\"\" title=\"X Post\" src=\"https:\/\/platform.twitter.com\/embed\/Tweet.html?dnt=false&amp;embedId=twitter-widget-0&amp;features=eyJ0ZndfdGltZWxpbmVfbGlzdCI6eyJidWNrZXQiOltdLCJ2ZXJzaW9uIjpudWxsfSwidGZ3X2ZvbGxvd2VyX2NvdW50X3N1bnNldCI6eyJidWNrZXQiOnRydWUsInZlcnNpb24iOm51bGx9LCJ0ZndfdHdlZXRfZWRpdF9iYWNrZW5kIjp7ImJ1Y2tldCI6Im9uIiwidmVyc2lvbiI6bnVsbH0sInRmd19yZWZzcmNfc2Vzc2lvbiI6eyJidWNrZXQiOiJvbiIsInZlcnNpb24iOm51bGx9LCJ0ZndfZm9zbnJfc29mdF9pbnRlcnZlbnRpb25zX2VuYWJsZWQiOnsiYnVja2V0Ijoib24iLCJ2ZXJzaW9uIjpudWxsfSwidGZ3X21peGVkX21lZGlhXzE1ODk3Ijp7ImJ1Y2tldCI6InRyZWF0bWVudCIsInZlcnNpb24iOm51bGx9LCJ0ZndfZXhwZXJpbWVudHNfY29va2llX2V4cGlyYXRpb24iOnsiYnVja2V0IjoxMjA5NjAwLCJ2ZXJzaW9uIjpudWxsfSwidGZ3X3Nob3dfYmlyZHdhdGNoX3Bpdm90c19lbmFibGVkIjp7ImJ1Y2tldCI6Im9uIiwidmVyc2lvbiI6bnVsbH0sInRmd19kdXBsaWNhdGVfc2NyaWJlc190b19zZXR0aW5ncyI6eyJidWNrZXQiOiJvbiIsInZlcnNpb24iOm51bGx9LCJ0ZndfdXNlX3Byb2ZpbGVfaW1hZ2Vfc2hhcGVfZW5hYmxlZCI6eyJidWNrZXQiOiJvbiIsInZlcnNpb24iOm51bGx9LCJ0ZndfdmlkZW9faGxzX2R5bmFtaWNfbWFuaWZlc3RzXzE1MDgyIjp7ImJ1Y2tldCI6InRydWVfYml0cmF0ZSIsInZlcnNpb24iOm51bGx9LCJ0ZndfbGVnYWN5X3RpbWVsaW5lX3N1bnNldCI6eyJidWNrZXQiOnRydWUsInZlcnNpb24iOm51bGx9LCJ0ZndfdHdlZXRfZWRpdF9mcm9udGVuZCI6eyJidWNrZXQiOiJvbiIsInZlcnNpb24iOm51bGx9fQ%3D%3D&amp;frame=false&amp;hideCard=false&amp;hideThread=false&amp;id=2028211171619455372&amp;lang=es&amp;origin=https%3A%2F%2Felpais.com%2Ftelevision%2F2026-03-02%2Fmanu-sanchez-reivindica-la-sanidad-publica-en-lo-de-evole-soy-incapaz-de-hacer-la-cuenta-de-lo-que-yo-le-he-costado-al-sistema-con-mi-tratamiento-contra-el-cancer.html&amp;sessionId=9a841d4113e0a3f91d3c95dd15288a13ea4e5d2f&amp;siteScreenName=el_pais&amp;theme=light&amp;widgetsVersion=2615f7e52b7e0%3A1702314776716&amp;width=550px\" frameborder=\"0\" scrolling=\"no\" allowfullscreen=\"allowfullscreen\" data-tweet-id=\"2028211171619455372\" data-mce-fragment=\"1\"><\/iframe><\/div>\n<\/div>\n<p class=\"\" style=\"text-align: justify;\">Entre los miles de asistentes al encuentro, Jordi \u00c9vole salud\u00f3 a varias figuras publicas, como al presidente andaluz, Juan Manuel Moreno Bonilla; a la vicepresidenta del Gobierno, Mar\u00eda Jes\u00fas Montero; y al exdiputado de Unidas Podemos Diego Ca\u00f1amero.<\/p>\n<p class=\"\" style=\"text-align: justify;\">Ante estos pol\u00edticos, el humorista lament\u00f3 que \u201cse nos est\u00e9 olvidando la lucha de clases\u201d y pone como ejemplo a los MENAS, menores no acompa\u00f1ados. \u201cLo que estorba de ellos es que son pobres. Cuando el moro que viene llega a Marbella con el yate grande, le abren las tiendas de noche\u201d. \u201cSe nos est\u00e1n ofreciendo muchas luchas que son transversales, que pueden ir en paralelo, que son compatibles: el ecologismo, el animalismo&#8230; Hay muchas luchas, y benditas sean todas. Pero creo que tambi\u00e9n se est\u00e1 desdibujando la lucha de clases y que hay que intentar tirar un poquito la manta hacia ella\u201d, concluy\u00f3.<\/p>\n<p style=\"text-align: justify;\"><a class=\"a_md_a_n\" title=\"Ver todas las noticias de El Pa\u00eds\" href=\"https:\/\/elpais.com\/autor\/el-pais\/#?rel=author_top\" data-mrf-link=\"https:\/\/elpais.com\/autor\/el-pais\/\"><strong>El Pa\u00eds<\/strong><\/a><\/p>\n<p style=\"text-align: justify;\">FOTO; El humorista andaluz Manu S\u00e1nchez durante su participaci\u00f3n en &#8216;Lo de \u00c9vole&#8217;<\/p>\n<p style=\"text-align: justify;\">https:\/\/elpais.com\/television\/2026-03-02\/manu-sanchez-reivindica-la-sanidad-publica-en-lo-de-evole-soy-incapaz-de-hacer-la-cuenta-de-lo-que-yo-le-he-costado-al-sistema-con-mi-tratamiento-contra-el-cancer.html<\/p>\n<div class=\"a_md _g _g-xs \">\n<figure class=\"a_md_i a_m-h c_m--nf\" style=\"text-align: justify;\"><\/figure>\n<div class=\"a_md_txt\">\n<div class=\"a_md_a\" data-dtm-region=\"articulo_firma\">\u00a0<\/div>\n<\/div>\n<\/div>\n","protected":false},"excerpt":{"rendered":"<p>\u201cSoy incapaz de hacer la cuenta de lo que yo le he costado al sistema&#8230;<\/p>\n","protected":false},"author":1,"featured_media":82534,"comment_status":"closed","ping_status":"closed","sticky":false,"template":"","format":"standard","meta":{"_coblocks_attr":"","_coblocks_dimensions":"","_coblocks_responsive_height":"","_coblocks_accordion_ie_support":"","jetpack_post_was_ever_published":false,"_jetpack_newsletter_access":"","_jetpack_dont_email_post_to_subs":false,"_jetpack_newsletter_tier_id":0,"_jetpack_memberships_contains_paywalled_content":false,"_jetpack_memberships_contains_paid_content":false,"footnotes":"","jetpack_publicize_message":"","jetpack_publicize_feature_enabled":true,"jetpack_social_post_already_shared":true,"jetpack_social_options":{"image_generator_settings":{"template":"highway","default_image_id":0,"enabled":false},"version":2}},"categories":[1161,186,10802],"tags":[],"class_list":["post-82533","post","type-post","status-publish","format-standard","has-post-thumbnail","hentry","category-ciudadania","category-instituciones","category-plataforma-por-la-sanidad-de-ataref"],"jetpack_publicize_connections":[],"jetpack_featured_media_url":"https:\/\/i0.wp.com\/miradordeatarfe.es\/wp-content\/uploads\/2026\/03\/MANU.png?fit=768%2C517&ssl=1","jetpack_likes_enabled":true,"jetpack_sharing_enabled":true,"_links":{"self":[{"href":"https:\/\/miradordeatarfe.es\/index.php?rest_route=\/wp\/v2\/posts\/82533","targetHints":{"allow":["GET"]}}],"collection":[{"href":"https:\/\/miradordeatarfe.es\/index.php?rest_route=\/wp\/v2\/posts"}],"about":[{"href":"https:\/\/miradordeatarfe.es\/index.php?rest_route=\/wp\/v2\/types\/post"}],"author":[{"embeddable":true,"href":"https:\/\/miradordeatarfe.es\/index.php?rest_route=\/wp\/v2\/users\/1"}],"replies":[{"embeddable":true,"href":"https:\/\/miradordeatarfe.es\/index.php?rest_route=%2Fwp%2Fv2%2Fcomments&post=82533"}],"version-history":[{"count":1,"href":"https:\/\/miradordeatarfe.es\/index.php?rest_route=\/wp\/v2\/posts\/82533\/revisions"}],"predecessor-version":[{"id":82535,"href":"https:\/\/miradordeatarfe.es\/index.php?rest_route=\/wp\/v2\/posts\/82533\/revisions\/82535"}],"wp:featuredmedia":[{"embeddable":true,"href":"https:\/\/miradordeatarfe.es\/index.php?rest_route=\/wp\/v2\/media\/82534"}],"wp:attachment":[{"href":"https:\/\/miradordeatarfe.es\/index.php?rest_route=%2Fwp%2Fv2%2Fmedia&parent=82533"}],"wp:term":[{"taxonomy":"category","embeddable":true,"href":"https:\/\/miradordeatarfe.es\/index.php?rest_route=%2Fwp%2Fv2%2Fcategories&post=82533"},{"taxonomy":"post_tag","embeddable":true,"href":"https:\/\/miradordeatarfe.es\/index.php?rest_route=%2Fwp%2Fv2%2Ftags&post=82533"}],"curies":[{"name":"wp","href":"https:\/\/api.w.org\/{rel}","templated":true}]}}