{"id":82536,"date":"2026-03-11T11:25:15","date_gmt":"2026-03-11T10:25:15","guid":{"rendered":"https:\/\/miradordeatarfe.es\/?p=82536"},"modified":"2026-03-11T12:13:33","modified_gmt":"2026-03-11T11:13:33","slug":"atarfe-manana-presentacion-del-libro-de-ketty-castillo","status":"publish","type":"post","link":"https:\/\/miradordeatarfe.es\/?p=82536","title":{"rendered":"ATARFE: Ma\u00f1ana presentaci\u00f3n del libro de Ketty Castillo"},"content":{"rendered":"<h3>Una oportunidad para conocer de cerca esta obra y compartir un encuentro con su autora.<\/h3>\n<p><strong>12 de marzo<\/strong><br \/>\n<strong>19:00 h<\/strong><br \/>\n<strong>Centro Cultural Medina Elvira<\/strong><\/p>\n<h3>Descripci\u00f3n<\/h3>\n<p style=\"text-align: justify;\">La Fuente de las lagrimas. As\u00ed es como se llama un hermoso lugar en las afueras de la localidad de Alfacar(Granada), desde donde se inicia un doloroso camino hasta el vecino pueblo de Viznar.<\/p>\n<p style=\"text-align: justify;\">Todo el recorrido est\u00e1 franqueado por la exuberante naturaleza, hermosos paisajes de la vega granadina y el recuerdo de los miles de ciudadanos, de todas las edades, que fueron asesinados por las hordas falangistas en los primeros d\u00edas del levantamiento de 1936 y enterrados, en fosas comunes, a lo largo de la breve carretera.<\/p>\n<p style=\"text-align: justify;\">All\u00ed se inicia el recorrido que concluye en la Casa del Molino, en donde pas\u00f3 vivo su \u00faltima noche Federico Garc\u00eda Lorca y miles de condenados a muerte sin juicio previo. Todo el camino est\u00e1 lleno de los continuos detalles que nos hacen recordar la tragedia del lugar: un ramo de flores entre las ramas de un olivo, la certeza de un pared\u00f3n de fusilamiento, la cuneta excavada, el t\u00famulo recordando a 130, otro a otros tantos<\/p>\n<p style=\"text-align: justify;\">\u00abLa fuente de las lagrimas\u00bb es el nombre de este bello lugar cargado de dolor y el de la novela escrita por la periodista Ketty Castillo, que utiliza un crimen, acaecido en la capital granadina a mediados de los a\u00f1os 50, para adentrarnos en una trama negra que se desarrolla desde los primeros d\u00edas de la rebeli\u00f3n fascista hasta el hambre y la miseria de la posguerra.<\/p>\n<p style=\"text-align: justify;\">En \u00abLa fuente de las l\u00e1grima\u00bb, la autora nos narra la persecuci\u00f3n y huida de varios republicanos granadinos, tras la sangrienta Batalla del Albaic\u00edn de finales de julio de 1936, a trav\u00e9s de la sierra de la Alfaguara, tierra de nadie en los primeros meses de la contienda. Recorreremos con ellos el itinerario que cientos de granadinos utilizaron para incorporarse a las fuerzas leales a la Rep\u00fablica, atrincheradas en las cercanas tierras de Ja\u00e9n.<\/p>\n<p style=\"text-align: justify;\">Viviremos los desesperados esfuerzos de los trabajadores de la capital nazar\u00ed para detener a los facinerosos en los barrios populares de la ciudad y tambi\u00e9n una interpretaci\u00f3n, no exenta de posibilidades, de los angustiosos intentos de la familia de Federico Garc\u00eda Loca por recuperar el cuerpo del poeta asesinado por la falange.<\/p>\n<p style=\"text-align: justify;\">La novela, escrita con la fluidez de los reportajes period\u00edsticos, con un estilo \u00e1gil y ampliamente documentada, surgi\u00f3 tras la investigaci\u00f3n que desarroll\u00f3 la autora al descubrir que en casa de un familiar se produjo, a mediados del siglo pasado, un crimen.<\/p>\n<p style=\"text-align: justify;\">En una vivienda compartida por varias familias de Granada, un falangista de cortas luces descerraj\u00f3 3 tiros a su vecino, un republicano que hab\u00eda huido por la sierra de la Alfaguara los primeros d\u00edas de la guerra, combatido en ella y posteriormente encarcelado por luchar en el bando perdedor. Es entonces cuando viviremos escenas de la posguerra llena de hambre y represi\u00f3n, incultura y desesperaci\u00f3n del pueblo trabajador y las argucias de los dominantes para intentar perpetuar sine die sus privilegios.<\/p>\n<p style=\"text-align: justify;\">Una buena novela que nos ayudar\u00e1 a no olvidar, y a conocer un poco mejor, una \u00e9poca de nuestra historia llena de l\u00e1grimas y tambi\u00e9n de resistencia.<\/p>\n<p><img data-recalc-dims=\"1\" loading=\"lazy\" decoding=\"async\" class=\"alignnone wp-image-82537 size-full\" src=\"https:\/\/i0.wp.com\/miradordeatarfe.es\/wp-content\/uploads\/2026\/03\/1.jpeg?resize=640%2C902&#038;ssl=1\" alt=\"\" width=\"640\" height=\"902\" srcset=\"https:\/\/i0.wp.com\/miradordeatarfe.es\/wp-content\/uploads\/2026\/03\/1.jpeg?w=1240&amp;ssl=1 1240w, https:\/\/i0.wp.com\/miradordeatarfe.es\/wp-content\/uploads\/2026\/03\/1.jpeg?resize=213%2C300&amp;ssl=1 213w, https:\/\/i0.wp.com\/miradordeatarfe.es\/wp-content\/uploads\/2026\/03\/1.jpeg?resize=726%2C1024&amp;ssl=1 726w, https:\/\/i0.wp.com\/miradordeatarfe.es\/wp-content\/uploads\/2026\/03\/1.jpeg?resize=768%2C1083&amp;ssl=1 768w, https:\/\/i0.wp.com\/miradordeatarfe.es\/wp-content\/uploads\/2026\/03\/1.jpeg?resize=1090%2C1536&amp;ssl=1 1090w, https:\/\/i0.wp.com\/miradordeatarfe.es\/wp-content\/uploads\/2026\/03\/1.jpeg?resize=1024%2C1444&amp;ssl=1 1024w\" sizes=\"auto, (max-width: 640px) 100vw, 640px\" \/><\/p>\n","protected":false},"excerpt":{"rendered":"<p>Una oportunidad para conocer de cerca esta obra y compartir un encuentro con su autora&#8230;.<\/p>\n","protected":false},"author":1,"featured_media":82539,"comment_status":"closed","ping_status":"closed","sticky":false,"template":"","format":"standard","meta":{"_coblocks_attr":"","_coblocks_dimensions":"","_coblocks_responsive_height":"","_coblocks_accordion_ie_support":"","jetpack_post_was_ever_published":false,"_jetpack_newsletter_access":"","_jetpack_dont_email_post_to_subs":false,"_jetpack_newsletter_tier_id":0,"_jetpack_memberships_contains_paywalled_content":false,"_jetpack_memberships_contains_paid_content":false,"footnotes":"","jetpack_publicize_message":"","jetpack_publicize_feature_enabled":true,"jetpack_social_post_already_shared":true,"jetpack_social_options":{"image_generator_settings":{"template":"highway","default_image_id":0,"enabled":false},"version":2}},"categories":[12,1161,10815,44],"tags":[],"class_list":["post-82536","post","type-post","status-publish","format-standard","has-post-thumbnail","hentry","category-cultura","category-ciudadania","category-inteligencia-artificial","category-noticias-de-hoy"],"jetpack_publicize_connections":[],"jetpack_featured_media_url":"https:\/\/i0.wp.com\/miradordeatarfe.es\/wp-content\/uploads\/2026\/03\/978849404287.gif?fit=270%2C395&ssl=1","jetpack_likes_enabled":true,"jetpack_sharing_enabled":true,"_links":{"self":[{"href":"https:\/\/miradordeatarfe.es\/index.php?rest_route=\/wp\/v2\/posts\/82536","targetHints":{"allow":["GET"]}}],"collection":[{"href":"https:\/\/miradordeatarfe.es\/index.php?rest_route=\/wp\/v2\/posts"}],"about":[{"href":"https:\/\/miradordeatarfe.es\/index.php?rest_route=\/wp\/v2\/types\/post"}],"author":[{"embeddable":true,"href":"https:\/\/miradordeatarfe.es\/index.php?rest_route=\/wp\/v2\/users\/1"}],"replies":[{"embeddable":true,"href":"https:\/\/miradordeatarfe.es\/index.php?rest_route=%2Fwp%2Fv2%2Fcomments&post=82536"}],"version-history":[{"count":2,"href":"https:\/\/miradordeatarfe.es\/index.php?rest_route=\/wp\/v2\/posts\/82536\/revisions"}],"predecessor-version":[{"id":82578,"href":"https:\/\/miradordeatarfe.es\/index.php?rest_route=\/wp\/v2\/posts\/82536\/revisions\/82578"}],"wp:featuredmedia":[{"embeddable":true,"href":"https:\/\/miradordeatarfe.es\/index.php?rest_route=\/wp\/v2\/media\/82539"}],"wp:attachment":[{"href":"https:\/\/miradordeatarfe.es\/index.php?rest_route=%2Fwp%2Fv2%2Fmedia&parent=82536"}],"wp:term":[{"taxonomy":"category","embeddable":true,"href":"https:\/\/miradordeatarfe.es\/index.php?rest_route=%2Fwp%2Fv2%2Fcategories&post=82536"},{"taxonomy":"post_tag","embeddable":true,"href":"https:\/\/miradordeatarfe.es\/index.php?rest_route=%2Fwp%2Fv2%2Ftags&post=82536"}],"curies":[{"name":"wp","href":"https:\/\/api.w.org\/{rel}","templated":true}]}}