{"id":8254,"date":"2016-04-14T08:00:36","date_gmt":"2016-04-14T08:00:36","guid":{"rendered":"http:\/\/miradordeatarfe.es\/?p=8254"},"modified":"2016-04-14T08:09:58","modified_gmt":"2016-04-14T08:09:58","slug":"85-aniversario-de-la-ii-republica","status":"publish","type":"post","link":"https:\/\/miradordeatarfe.es\/?p=8254","title":{"rendered":"85 aniversario de la II Rep\u00fablica"},"content":{"rendered":"<div>\u00abLas elecciones celebradas el domingo me revelan claramente que no tengo hoy el amor de mi pueblo&#8230; Espero a conocer la aut\u00e9ntica y adecuada expresi\u00f3n de la conciencia colectiva, y mientras habla la naci\u00f3n, suspendo deliberadamente el ejercicio del Poder Real y me aparto de Espa\u00f1a\u00bb. Eran las palabras de Alfonso de Borb\u00f3n, desde el exilio, despu\u00e9s de haber abandonado el pa\u00eds, tras conocer los resultados de las elecciones municipales del d\u00eda 12 de abril de 1931.<\/div>\n<p><!--more--><\/p>\n<div style=\"text-align: justify;\">Efectivamente, los resultados de las elecciones del 12 de abril, hab\u00edan dado el <strong>triunfo a las candidaturas \u00abrepublicano-socialistas\u00bb en 41 de las 50 capitales de provincia<\/strong>. La ciudadan\u00eda madrile\u00f1a, cuando comenzaron a conocerse los resultados, se ech\u00f3 a la calle para proclamar la Rep\u00fablica. \u00abCon las primeras hojas de los chopos y las \u00faltimas flores de los almendros, la primavera tra\u00eda a nuestra Rep\u00fablica de la mano\u00bb, declamaba Antonio Machado por la llegada de la deseada Rep\u00fablica.<\/div>\n<div style=\"text-align: justify;\"><\/div>\n<div style=\"text-align: justify;\">En 36 horas el reinado de Alfonso XIII llegaba a su fin. Fue un proceso r\u00e1pido, limpio, incruento e imprevisto. La monarqu\u00eda se hab\u00eda vuelto incompatible con los que cre\u00edan en un r\u00e9gimen democr\u00e1tico y la Rep\u00fablica empez\u00f3 a postularse como la \u00fanica opci\u00f3n de futuro, incluso entre los mon\u00e1rquicos que abandonaron al rey.<\/div>\n<div style=\"text-align: justify;\"><\/div>\n<div style=\"text-align: justify;\">Todo hab\u00eda comenzado en abril de 1930, cuando Indalecio Prieto en el Ateneo de Madrid afirmaba: \u00abEs hora de las definiciones. Hay que estar con el rey o contra el rey\u00bb. As\u00ed se fue fraguando el Pacto de San Sebasti\u00e1n del 17 de agosto de 1930, al que se sumaron el Partido Socialista Obrero Espa\u00f1ol y la Uni\u00f3n General de Trabajadores en octubre, convocando una huelga general que iba a ir acompa\u00f1ada de una insurrecci\u00f3n militar para meter a \u00abla Monarqu\u00eda en los archivos de la Historia\u00bb y establecer \u00abla Rep\u00fablica sobre la base de la soberan\u00eda nacional representada en una Asamblea Constituyente\u00bb. Hoy como ayer: \u00a1Viva Espa\u00f1a con honra! \u00a1Viva la Rep\u00fablica! (Manifiesto revolucionario de diciembre 1930).<\/div>\n<div style=\"text-align: justify;\"><\/div>\n<div style=\"text-align: justify;\">Con el manifiesto dirigido a intelectuales, firmado por Mara\u00f1\u00f3n, P\u00e9rez de Ayala y Ortega y Gasset , creaban la Agrupaci\u00f3n al Servicio de la Rep\u00fablica. En \u00e9l se dec\u00eda \u00abCuando llegan tiempos de crisis profunda, en que, rota o caduca toda normalidad, van a decidirse los nuevos destinos nacionales, es obligatorio para todos salir de su profesi\u00f3n y ponerse sin reservas al servicio de la necesidad p\u00fablica\u00bb. Parece escrito hace unos d\u00edas. Gregorio Mara\u00f1\u00f3n, P\u00e9rez de Ayala y Jos\u00e9 Ortega y Gasset, se propon\u00edan movilizar a \u00abun copioso contingente de propagandistas y defensores de la Re\u00adp\u00fablica espa\u00f1ola\u00bb. Se hac\u00eda un llamamiento a \u00abtodo el profesorado y magisterio, a los escritores y artistas, a los m\u00e9dicos, ingenieros, arquitectos y t\u00e9cnicos de toda clase, a los abogados, notarios y dem\u00e1s hombres de ley\u00bb, y de forma especial a la juventud.<\/div>\n<div style=\"text-align: justify;\"><\/div>\n<div style=\"text-align: justify;\">El Socialista, el 15 abril de 1931, informaba \u00abAyer se proclam\u00f3 la Rep\u00fablica en Espa\u00f1a. El pueblo se entreg\u00f3 a manifestaciones delirantes de entusiasmo. \u00a1Viva Espa\u00f1a con honra y sin Borbones!\u00bb y anunciaba la composici\u00f3n del Gobierno provisional, que se formaba por los firmantes del manifiesto revolucionario de diciembre: Presidencia, Niceto Alcal\u00e1 Zamora (Derecha Liberal Republicana); Estado, Alejandro Lerroux (Republicano Radical); Gracia y Justicia, Fernando de los R\u00edos (PSOE); Guerra, Manuel Aza\u00f1a (Acci\u00f3n Republicana); Marina, Santiago Casares Quiroga (Federaci\u00f3n Republicana Gallega); Gobernaci\u00f3n, Miguel Maura (Republicano Conservador); Fomento, \u00c1lvaro de Albornoz; (Republicano Radical Socialista); Trabajo y Previsi\u00f3n Social, Francisco Largo Caballero (PSOE). Quedaban por cubrir algunas carteras cuyos titulares se encontraban exiliados en Par\u00eds: Instrucci\u00f3n P\u00fablica y Bellas Artes, Marcelino Domingo (Republicano Radical Socialista); Econom\u00eda Nacional, Luis Nicolau d&#8217;Olwer (Acci\u00f3n Catalana); Hacienda, Indalecio Prieto (PSOE); y Comunicaciones, Diego Mart\u00ednez Barrio (Republicano Radical).<a href=\"https:\/\/i0.wp.com\/miradordeatarfe.es\/wp-content\/uploads\/2016\/04\/republicanas.png?ssl=1\" rel=\"attachment wp-att-8261\"><img data-recalc-dims=\"1\" loading=\"lazy\" decoding=\"async\" class=\"size-full wp-image-8261 aligncenter\" src=\"https:\/\/i0.wp.com\/miradordeatarfe.es\/wp-content\/uploads\/2016\/04\/republicanas.png?resize=621%2C352&#038;ssl=1\" alt=\"republicanas\" width=\"621\" height=\"352\" srcset=\"https:\/\/i0.wp.com\/miradordeatarfe.es\/wp-content\/uploads\/2016\/04\/republicanas.png?w=621&amp;ssl=1 621w, https:\/\/i0.wp.com\/miradordeatarfe.es\/wp-content\/uploads\/2016\/04\/republicanas.png?resize=300%2C170&amp;ssl=1 300w, https:\/\/i0.wp.com\/miradordeatarfe.es\/wp-content\/uploads\/2016\/04\/republicanas.png?resize=600%2C340&amp;ssl=1 600w\" sizes=\"auto, (max-width: 621px) 100vw, 621px\" \/><\/a><\/div>\n<div style=\"text-align: justify;\"><\/div>\n<div style=\"text-align: justify;\">Antes, el d\u00eda 13, se hab\u00eda reunido en el Palacio de Oriente el Consejo de Ministros, para adoptar una postura ante los resultados del d\u00eda anterior. Enseguida se identificaron dos posiciones enfrentadas \u00abHay que constituir un gobierno de fuerza, implantar la censura y resistir\u00bb, era la postura del ministro de Fomento Juan de la Cierva, apoyada el conde de Bugallal y el marqu\u00e9s de Alhucemas. El resto, encabezado por el conde de Romanones pensaban que estaba todo perdido. Esa misma tarde el \u00abcomit\u00e9 revolucionario\u00bb republicano-socialista, hizo p\u00fablico un comunicado en el que dec\u00eda que el resultado de las elecciones hab\u00eda sido desfavorable a la Monarqu\u00eda y favorable a la Rep\u00fablica y anunciaba su prop\u00f3sito de \u00abactuar con energ\u00eda y presteza a fin de dar inmediata efectividad a los afanes implantando la Rep\u00fablica\u00bb.<\/div>\n<div style=\"text-align: justify;\"><\/div>\n<div style=\"text-align: justify;\">La monarqu\u00eda, herida de muerte, recibi\u00f3 la puntilla por el director de la Guardia Civil, al proclamar su adhesi\u00f3n a la Rep\u00fablica, que ya ten\u00eda un Gobierno Provisional. Eibar fue la primera ciudad donde se iz\u00f3 la bandera tricolor. Los acontecimientos se hab\u00edan precipitado. El rey comenzaba su exilio y Alcal\u00e1 Zamora, Aza\u00f1a y el resto de los que ser\u00edan nuevos ministros entraban en el ministerio de la Gobernaci\u00f3n en la Puerta del Sol. Nac\u00eda la Segunda Rep\u00fablica. Vivi\u00f3 hasta el fin de la guerra, tras el golpe de estado nacional-cat\u00f3lico-fascista.<\/div>\n<div style=\"text-align: justify;\">\u00a0<a href=\"https:\/\/i0.wp.com\/miradordeatarfe.es\/wp-content\/uploads\/2016\/04\/proclamacion.jpg?ssl=1\" rel=\"attachment wp-att-8263\"><img data-recalc-dims=\"1\" loading=\"lazy\" decoding=\"async\" class=\"size-full wp-image-8263 aligncenter\" src=\"https:\/\/i0.wp.com\/miradordeatarfe.es\/wp-content\/uploads\/2016\/04\/proclamacion.jpg?resize=450%2C306&#038;ssl=1\" alt=\"proclamacion\" width=\"450\" height=\"306\" srcset=\"https:\/\/i0.wp.com\/miradordeatarfe.es\/wp-content\/uploads\/2016\/04\/proclamacion.jpg?w=450&amp;ssl=1 450w, https:\/\/i0.wp.com\/miradordeatarfe.es\/wp-content\/uploads\/2016\/04\/proclamacion.jpg?resize=300%2C204&amp;ssl=1 300w\" sizes=\"auto, (max-width: 450px) 100vw, 450px\" \/><\/a><\/div>\n<div style=\"text-align: justify;\">El d\u00eda 14 de abril se dict\u00f3 el primer decreto por el Comit\u00e9 Pol\u00edtico de la Rep\u00fablica: \u00abEl Gobierno provisional de la Rep\u00fablica ha tomado el Poder sin tramitaci\u00f3n y sin resistencia ni oposici\u00f3n protocolaria alguna, es el pueblo quien le ha elevado a la posici\u00f3n en que se halla, y es \u00e9l quien en toda Espa\u00f1a le rinde acatamiento e inviste de autoridad\u00bb En virtud del decreto, el presidente del gobierno provisional de la Rep\u00fablica, asum\u00eda la jefatura del Estado \u00abcon el asentimiento expreso de las fuerzas pol\u00edticas triunfantes y de la voluntad popular\u00bb. Niceto Alcal\u00e1 Zamora y Torres fue designado para el cargo de Presidente del Gobierno provisional de la Rep\u00fablica.<\/div>\n<div style=\"text-align: justify;\"><\/div>\n<div style=\"text-align: justify;\">El Gobierno provisional, al recibir sus poderes por la voluntad nacional, manifest\u00f3 que \u00abdado el origen democr\u00e1tico de su poder y en raz\u00f3n de la responsabilidad en que deben moverse los \u00f3rganos del Estado, someter\u00e1 su actuaci\u00f3n colegiada e individual al discernimiento y sanci\u00f3n de las Cortes Constituyentes\u00bb. Igualmente, el Gobierno, adopt\u00f3 como norma depuradora de la estructura del Estado, someter, en defensa del inter\u00e9s p\u00fablico, a juicio de responsabilidad, los actos de gesti\u00f3n y autoridad pendientes de examen, desde la disoluci\u00f3n del Parlamento en 1923, as\u00ed como \u00ababrir expediente de revisi\u00f3n en los \u00f3rganos oficiales, civiles y militares, a fin de que no resulte consagrada la prevaricaci\u00f3n ni acatada la arbitrariedad, \u00abhabitual en el r\u00e9gimen que termina\u00bb.<\/div>\n<div style=\"text-align: justify;\"><\/div>\n<div style=\"text-align: justify;\">El Gobierno provisional hizo p\u00fablica su decisi\u00f3n de respetar de manera plena la conciencia individual mediante la libertad de creencias y cultos, \u00absin que el Estado en momento alguno pueda pedir al ciudadano revelaci\u00f3n de sus convicciones religiosas\u00bb, orientando su actividad, no s\u00f3lo en el acatamiento de la libertad personal y los derechos ciudadanos, sino que \u00abaspira a ensancharlos\u00bb, adoptando garant\u00edas de amparo. El Gobierno provisional declaraba que la propiedad privada quedaba garantizada por la ley, por lo que \u00abno podr\u00e1 ser expropiada, sino por causa de utilidad p\u00fablica y previa la indemnizaci\u00f3n correspondiente\u00bb. El Gobierno, sensible al abandono absoluto en que ha vivido la inmensa masa campesina espa\u00f1ola, al desinter\u00e9s de que ha sido objeto la econom\u00eda agraria del pa\u00eds, adopt\u00f3 como norma de actuaci\u00f3n el reconocimiento de que el derecho agrario debe responder a la funci\u00f3n social de la tierra.<\/div>\n<div style=\"text-align: justify;\"><\/div>\n<div style=\"text-align: justify;\">Por su parte, el Presidente del Gobierno provisional, decretaba \u00abla m\u00e1s amplia amnist\u00eda de todos los delitos pol\u00edticos, sociales y de imprenta, sea cual fuere el estado en que se encuentre el proceso, incluso los ya fallados definitivamente, y la jurisdicci\u00f3n a que estuvieren sometidos\u00bb. Igualmente se decret\u00f3 fiesta nacional el 14 de abril; y se adopt\u00f3 como bandera nacional la tricolor, mediante decreto del 27 de abril (Gaceta n\u00famero 118, del 28 de abril).<\/div>\n<div style=\"text-align: justify;\">\u00a0<a href=\"https:\/\/i0.wp.com\/miradordeatarfe.es\/wp-content\/uploads\/2016\/04\/RES.jpg?ssl=1\" rel=\"attachment wp-att-8264\"><img data-recalc-dims=\"1\" loading=\"lazy\" decoding=\"async\" class=\"size-full wp-image-8264 aligncenter\" src=\"https:\/\/i0.wp.com\/miradordeatarfe.es\/wp-content\/uploads\/2016\/04\/RES.jpg?resize=328%2C153&#038;ssl=1\" alt=\"RES\" width=\"328\" height=\"153\" srcset=\"https:\/\/i0.wp.com\/miradordeatarfe.es\/wp-content\/uploads\/2016\/04\/RES.jpg?w=328&amp;ssl=1 328w, https:\/\/i0.wp.com\/miradordeatarfe.es\/wp-content\/uploads\/2016\/04\/RES.jpg?resize=300%2C140&amp;ssl=1 300w\" sizes=\"auto, (max-width: 328px) 100vw, 328px\" \/><\/a><\/div>\n<div style=\"text-align: justify;\">Hoy, la III Rep\u00fablica que viene, debe ser la obra de todos, hombres y mujeres, en un esfuerzo com\u00fan por dotarnos de un Estado acorde con nuestro tiempo. \u00abNo es una quimera, no es una utop\u00eda. Es una urgente necesidad de regeneraci\u00f3n democr\u00e1tica\u00bb. En 2014, una treintena de intelectuales espa\u00f1oles, suscrib\u00eda un Manifiesto por la Rep\u00fablica, como otros lo hicieran en 1931. \u00abHa llegado el momento de que los espa\u00f1oles decidamos en plena libertad el r\u00e9gimen que deseamos para Espa\u00f1a\u00bb, pidiendo la convocatoria de un refer\u00e9ndum, \u00aben el que se tenga la posibilidad de elegir libremente entre Monarqu\u00eda o Rep\u00fablica\u00bb, abrir un Proceso Constituyente, elaborar una nueva Constituci\u00f3n y convocatoria de nuevas elecciones generales. Yo sigo en ello.<\/div>\n<div style=\"text-align: justify;\"><\/div>\n<div style=\"text-align: justify;\">Con la proclamaci\u00f3n de la II Rep\u00fablica en abril de 1931 se abr\u00edan inmensas perspectivas de cambios pol\u00edticos, econ\u00f3micos y sociales, pospuestas durante decenios. No s\u00f3lo se pretend\u00edan reformas pol\u00edticas, sino que se quer\u00eda atacar el problema de fondo, mediante un cambio profundo de las estructuras sociales, econ\u00f3micas y culturales. Era necesario poner en marcha un ambicioso programa de reformas que lograra poner a Espa\u00f1a en la modernidad.<\/div>\n<div style=\"text-align: justify;\"><\/div>\n<div style=\"text-align: justify;\">\n<div><b>V\u00edctor Arrogante<\/b><\/div>\n<div>En Twitter @caval100<\/div>\n<\/div>\n","protected":false},"excerpt":{"rendered":"<p>\u00abLas elecciones celebradas el domingo me revelan claramente que no tengo hoy el amor de&#8230;<\/p>\n","protected":false},"author":1,"featured_media":8260,"comment_status":"closed","ping_status":"closed","sticky":false,"template":"","format":"standard","meta":{"_coblocks_attr":"","_coblocks_dimensions":"","_coblocks_responsive_height":"","_coblocks_accordion_ie_support":"","jetpack_post_was_ever_published":false,"_jetpack_newsletter_access":"","_jetpack_dont_email_post_to_subs":false,"_jetpack_newsletter_tier_id":0,"_jetpack_memberships_contains_paywalled_content":false,"_jetpack_memberships_contains_paid_content":false,"footnotes":"","jetpack_publicize_message":"","jetpack_publicize_feature_enabled":true,"jetpack_social_post_already_shared":false,"jetpack_social_options":{"image_generator_settings":{"template":"highway","default_image_id":0,"enabled":false},"version":2}},"categories":[1161,186,44,15],"tags":[425],"class_list":["post-8254","post","type-post","status-publish","format-standard","has-post-thumbnail","hentry","category-ciudadania","category-instituciones","category-noticias-de-hoy","category-ultimas-noticias","tag-republica"],"jetpack_publicize_connections":[],"jetpack_featured_media_url":"https:\/\/i0.wp.com\/miradordeatarfe.es\/wp-content\/uploads\/2016\/04\/RES1.png?fit=331%2C152&ssl=1","jetpack_likes_enabled":true,"jetpack_sharing_enabled":true,"_links":{"self":[{"href":"https:\/\/miradordeatarfe.es\/index.php?rest_route=\/wp\/v2\/posts\/8254","targetHints":{"allow":["GET"]}}],"collection":[{"href":"https:\/\/miradordeatarfe.es\/index.php?rest_route=\/wp\/v2\/posts"}],"about":[{"href":"https:\/\/miradordeatarfe.es\/index.php?rest_route=\/wp\/v2\/types\/post"}],"author":[{"embeddable":true,"href":"https:\/\/miradordeatarfe.es\/index.php?rest_route=\/wp\/v2\/users\/1"}],"replies":[{"embeddable":true,"href":"https:\/\/miradordeatarfe.es\/index.php?rest_route=%2Fwp%2Fv2%2Fcomments&post=8254"}],"version-history":[{"count":3,"href":"https:\/\/miradordeatarfe.es\/index.php?rest_route=\/wp\/v2\/posts\/8254\/revisions"}],"predecessor-version":[{"id":8265,"href":"https:\/\/miradordeatarfe.es\/index.php?rest_route=\/wp\/v2\/posts\/8254\/revisions\/8265"}],"wp:featuredmedia":[{"embeddable":true,"href":"https:\/\/miradordeatarfe.es\/index.php?rest_route=\/wp\/v2\/media\/8260"}],"wp:attachment":[{"href":"https:\/\/miradordeatarfe.es\/index.php?rest_route=%2Fwp%2Fv2%2Fmedia&parent=8254"}],"wp:term":[{"taxonomy":"category","embeddable":true,"href":"https:\/\/miradordeatarfe.es\/index.php?rest_route=%2Fwp%2Fv2%2Fcategories&post=8254"},{"taxonomy":"post_tag","embeddable":true,"href":"https:\/\/miradordeatarfe.es\/index.php?rest_route=%2Fwp%2Fv2%2Ftags&post=8254"}],"curies":[{"name":"wp","href":"https:\/\/api.w.org\/{rel}","templated":true}]}}